{"id":584231,"date":"2025-12-07T13:02:15","date_gmt":"2025-12-07T13:02:15","guid":{"rendered":"https:\/\/www.europesays.com\/fr\/584231\/"},"modified":"2025-12-07T13:02:15","modified_gmt":"2025-12-07T13:02:15","slug":"angelique-angarni-filopon-fond-en-larmes-avant-de-transmettre-sa-couronne-a-hinaupoko-celine-deveze","status":"publish","type":"post","link":"https:\/\/www.europesays.com\/fr\/584231\/","title":{"rendered":"Ang\u00e9lique Angarni-Filopon fond en larmes avant de transmettre sa couronne \u00e0 Hinaupoko C\u00e9line Deveze"},"content":{"rendered":"<p>Samedi 6 d\u00e9cembre 2025, sur la sc\u00e8ne du Z\u00e9nith d\u2019Amiens, le<br \/>\nconcours Miss France 2026 a offert l\u2019un des moments les plus<br \/>\n\u00e9mouvants de ces derni\u00e8res ann\u00e9es. Apr\u00e8s douze mois intenses,<br \/>\n<strong>parfois difficiles, mais toujours assum\u00e9s,<\/strong><br \/>\nAng\u00e9lique Angarni-Filopon a remis sa couronne. Et pour la Miss<br \/>\nFrance 2025, la soir\u00e9e a \u00e9t\u00e9 un v\u00e9ritable tourbillon d\u2019\u00e9motions.<br \/>\nD\u00e8s les premi\u00e8res minutes du show, orchestr\u00e9 par St\u00e9phane Jarny et<br \/>\nanim\u00e9 par Jean-Pierre Foucault, l\u2019ancienne Miss a craqu\u00e9. Drap\u00e9e<br \/>\ndans une longue robe rose, elle a fondu en larmes avant m\u00eame le<br \/>\nlancement des tableaux. Sans prononcer un mot, elle a<br \/>\n<strong>laiss\u00e9 couler ses larmes,<\/strong> visiblement submerg\u00e9e.<br \/>\nImpossible de rater ce moment tr\u00e8s fort. Les internautes aussi,<br \/>\nnombreux \u00e0 commenter cette s\u00e9quence inattendue.<\/p>\n<p>\u00ab Soyez plus bienveillants \u00bb : le discours poignant d\u2019Ang\u00e9lique<br \/>\navant la passation<\/p>\n<p>Un peu plus tard, juste avant le tableau des cinq finalistes,<br \/>\nAng\u00e9lique Angarni-Filopon a pris la parole. La voix tremblante, le<br \/>\ndiad\u00e8me entre les mains, elle a exprim\u00e9 un souhait simple, mais<br \/>\ntr\u00e8s touchant : \u00ab Je souhaite \u00e0 la nouvelle Miss France de<br \/>\ntransmettre des valeurs humaines\u2026 <strong>la sagesse, la<br \/>\nbienveillance et la gentillesse. \u00bb.<\/strong> Puis, fid\u00e8le \u00e0 sa<br \/>\nfranchise, elle a gliss\u00e9 une petite phrase qui n\u2019est pas pass\u00e9e<br \/>\ninaper\u00e7ue. Un tacle discret, mais assum\u00e9 \u00e0 <a href=\"https:\/\/www.melty.fr\/people\/angelique-angarni-filopon-miss-france-2025-en-danger-nous-avons-du-renforcer-sa-securite-2274392.html\" target=\"_blank\" rel=\"noopener\"><br \/>\nceux qui l\u2019ont maltrait\u00e9e en ligne cette ann\u00e9e :<\/a> \u00ab Quant \u00e0<br \/>\nvous, je vous souhaite d\u2019\u00eatre un petit plus bienveillants avec elle<br \/>\nque vous ne l\u2019avez \u00e9t\u00e9 avec moi parfois. <strong>Je serai l\u00e0 pour<br \/>\nl\u2019\u00e9pauler. \u00bb.<\/strong><\/p>\n<p>Un message clair, qui a provoqu\u00e9 de nombreuses r\u00e9actions. Car il<br \/>\nfaut le rappeler : son r\u00e8gne n\u2019a pas \u00e9t\u00e9 de tout repos. \u00c9lue en<br \/>\nd\u00e9cembre 2024, Ang\u00e9lique Angarni-Filopon a travers\u00e9 <strong>une<br \/>\nann\u00e9e tr\u00e8s mouvement\u00e9e.<\/strong> Elle a fait face \u00e0 un d\u00e9ferlement<br \/>\nde haine rare : critiques sur son \u00e2ge, commentaires racistes,<br \/>\nr\u00e9flexions sur ses cheveux courts, voire <strong>des attaques<br \/>\ntransphobes.<\/strong><\/p>\n<p>Apr\u00e8s avoir failli tout abandonner, Miss France 2025 passe le<br \/>\nrelais \u00e0 Hinaupoko C\u00e9line Deveze<\/p>\n<p>\u00c0 l\u2019\u00e9poque, Ang\u00e9lique Angarni-Filopon\u00a0avait m\u00eame confi\u00e9<br \/>\navoir <a href=\"https:\/\/www.melty.fr\/people\/angelique-angarni-filopon-miss-france-2025-a-voulu-tout-arreter-au-bout-dun-mois-elle-voulait-rendre-sa-couronne-2276097.html\" target=\"_blank\" rel=\"noopener\"><br \/>\npens\u00e9 \u00e0 rendre sa couronne tant la pression \u00e9tait devenue<br \/>\nlourde.<\/a> Et malgr\u00e9 tout, elle a continu\u00e9, sans jamais renoncer \u00e0<br \/>\nrepr\u00e9senter la France avec fiert\u00e9. Ce samedi, en lui disant au<br \/>\nrevoir, le public a compris \u00e0 quel point <strong>cette ann\u00e9e avait<br \/>\ncompt\u00e9 pour elle.<\/strong><\/p>\n<blockquote class=\"tiktok-embed\" cite=\"https:\/\/www.tiktok.com\/@divertotv\/video\/7580850650049678614#038;t=1765067812818\" data-video-id=\"7580850650049678614\" style=\"max-width: 605px;min-width: 325px;\"><p>\n<a target=\"_blank\" href=\"https:\/\/www.tiktok.com\/@divertotv\/video\/7580850650049678614#038;t=1765067812818\" rel=\"noopener\"><br \/>\n<img decoding=\"async\" src=\"data:image\/svg+xml,%3Csvg%20xmlns=\" http:=\"\" alt=\"TikTok Logo\" data-lazy-src=\"https:\/\/www.tiktok.com\/img\/logo.png\"\/><\/a>\n<\/p><\/blockquote>\n<p>Si la soir\u00e9e a \u00e9t\u00e9 riche en \u00e9motions pour Ang\u00e9lique, elle a<br \/>\naussi marqu\u00e9 le d\u00e9but d\u2019un nouveau r\u00e8gne : celui de Hinaupoko<br \/>\nC\u00e9line Deveze, Miss Tahiti 2025, \u00e9lue Miss France 2026. \u00c2g\u00e9e de 23<br \/>\nans, grande (1m82), \u00e9l\u00e9gante et d\u00e9j\u00e0 tr\u00e8s applaudie avant m\u00eame sa<br \/>\nvictoire, <strong>elle faisait partie des favorites.<\/strong><br \/>\nM\u00e9tisse d\u2019origine marquisienne par sa m\u00e8re et fran\u00e7aise par son<br \/>\np\u00e8re, elle a grandi entre Papeete et le sud de la France. Une<br \/>\ndouble culture qu\u2019elle revendique avec beaucoup de fiert\u00e9 :<br \/>\n<strong>\u00ab Je suis un peu d\u2019ici et un peu d\u2019ailleurs aussi.<br \/>\n\u00bb.<\/strong><\/p>\n<p>Un r\u00e8gne commence, un autre s\u2019ach\u00e8ve :<br \/>\nHinaupoko C\u00e9line Deveze succ\u00e8de \u00e0 Ang\u00e9lique Angarni-Filopon avec un<br \/>\nmessage fort<\/p>\n<p>Avant l\u2019aventure Miss France, la jeune femme a travaill\u00e9 dans<br \/>\nune entreprise touristique, en tant que secr\u00e9taire administrative<br \/>\net organisatrice de s\u00e9jours \u00e9coresponsables aux Marquises. Elle<br \/>\nraconte \u00eatre rentr\u00e9e en Polyn\u00e9sie il y a deux ans pour \u00ab<br \/>\nrenouer \u00bb avec ses racines, au lendemain d\u2019un burn-out fr\u00f4l\u00e9<br \/>\npendant la pand\u00e9mie. La nouvelle Miss France souhaite d\u2019ailleurs<br \/>\n<strong>mettre en lumi\u00e8re un sujet important :<\/strong> la sant\u00e9<br \/>\nmentale. Selon elle, \u00ab trop souvent n\u00e9glig\u00e9e ou stigmatis\u00e9e<br \/>\n\u00bb, elle m\u00e9rite pourtant la m\u00eame attention que la sant\u00e9<br \/>\nphysique. \u00ab Prendre soin de soi mentalement, c\u2019est se donner le<br \/>\ndroit de se reposer, de parler, <strong>de demander de l\u2019aide sans<br \/>\nhonte. \u00bb.<\/strong><\/p>\n<p>Hinaupoko C\u00e9line Deveze a \u00e9tudi\u00e9 le droit, la psychologie et a<br \/>\nm\u00eame embrass\u00e9 le mannequinat. Elle est notamment apparue dans le<br \/>\nclip Doudou des rappeurs Koba LaD et Naps. Interrog\u00e9e sur<br \/>\nsc\u00e8ne par Mareva Georges, Miss France 1991, elle a \u00e9galement<br \/>\nrappel\u00e9 <strong>son attachement aux valeurs fran\u00e7aises :<\/strong><br \/>\n\u00ab La R\u00e9publique, la libert\u00e9, l\u2019\u00e9galit\u00e9 et la fraternit\u00e9. La<br \/>\nFrance est un peuple ouvert au monde. \u00bb. Miss France 2026 peut<br \/>\nd\u00e9sormais commencer son r\u00e8gne. Et Ang\u00e9lique Angarni-Filopon, elle,<br \/>\n<strong>part la t\u00eate haute,<\/strong> apr\u00e8s une ann\u00e9e<br \/>\n\u00e9prouvante.<\/p>\n<p><script async src=\"\/\/www.tiktok.com\/embed.js\"><\/script><\/p>\n","protected":false},"excerpt":{"rendered":"Samedi 6 d\u00e9cembre 2025, sur la sc\u00e8ne du Z\u00e9nith d\u2019Amiens, le concours Miss France 2026 a offert l\u2019un&hellip;\n","protected":false},"author":2,"featured_media":584232,"comment_status":"","ping_status":"","sticky":false,"template":"","format":"standard","meta":{"footnotes":""},"categories":[8],"tags":[43364,58,59,1011,27,12664],"class_list":{"0":"post-584231","1":"post","2":"type-post","3":"status-publish","4":"format-standard","5":"has-post-thumbnail","7":"category-divertissement","8":"tag-angelique-angarni-filopon","9":"tag-divertissement","10":"tag-entertainment","11":"tag-fr","12":"tag-france","13":"tag-miss-france-2025"},"share_on_mastodon":{"url":"https:\/\/pubeurope.com\/@fr\/115678422398237750","error":""},"_links":{"self":[{"href":"https:\/\/www.europesays.com\/fr\/wp-json\/wp\/v2\/posts\/584231","targetHints":{"allow":["GET"]}}],"collection":[{"href":"https:\/\/www.europesays.com\/fr\/wp-json\/wp\/v2\/posts"}],"about":[{"href":"https:\/\/www.europesays.com\/fr\/wp-json\/wp\/v2\/types\/post"}],"author":[{"embeddable":true,"href":"https:\/\/www.europesays.com\/fr\/wp-json\/wp\/v2\/users\/2"}],"replies":[{"embeddable":true,"href":"https:\/\/www.europesays.com\/fr\/wp-json\/wp\/v2\/comments?post=584231"}],"version-history":[{"count":0,"href":"https:\/\/www.europesays.com\/fr\/wp-json\/wp\/v2\/posts\/584231\/revisions"}],"wp:featuredmedia":[{"embeddable":true,"href":"https:\/\/www.europesays.com\/fr\/wp-json\/wp\/v2\/media\/584232"}],"wp:attachment":[{"href":"https:\/\/www.europesays.com\/fr\/wp-json\/wp\/v2\/media?parent=584231"}],"wp:term":[{"taxonomy":"category","embeddable":true,"href":"https:\/\/www.europesays.com\/fr\/wp-json\/wp\/v2\/categories?post=584231"},{"taxonomy":"post_tag","embeddable":true,"href":"https:\/\/www.europesays.com\/fr\/wp-json\/wp\/v2\/tags?post=584231"}],"curies":[{"name":"wp","href":"https:\/\/api.w.org\/{rel}","templated":true}]}}