{"id":584235,"date":"2025-12-07T13:04:15","date_gmt":"2025-12-07T13:04:15","guid":{"rendered":"https:\/\/www.europesays.com\/fr\/584235\/"},"modified":"2025-12-07T13:04:15","modified_gmt":"2025-12-07T13:04:15","slug":"cette-celebre-marque-fete-ses-90-ans-avec-0-voiture-neuve-vendue-en-2025","status":"publish","type":"post","link":"https:\/\/www.europesays.com\/fr\/584235\/","title":{"rendered":"Cette c\u00e9l\u00e8bre marque f\u00eate ses 90 ans avec&#8230; 0 voiture neuve vendue en 2025"},"content":{"rendered":"<p itemprop=\"description\">\u00c0 l&rsquo;occasion de son anniversaire, la<br \/>\nmarque a voulu marquer le coup \u00e0 Londres. D\u00e9couvrez ce qu&rsquo;elle<br \/>\npr\u00e9pare pour l&rsquo;avenir.<\/p>\n<p>EN BREF<\/p>\n<ul class=\"bloc_resume_post_list\">\n<li>Cette marque c\u00e9l\u00e8bre ses 90 ans en 2026, sans ventes<br \/>\ncette ann\u00e9e, mais pr\u00e9pare un mod\u00e8le \u00e9lectrique inspir\u00e9 du concept<br \/>\ncar Typ 00.<\/li>\n<li>Elle a r\u00e9uni \u00e0 Londres son premier v\u00e9hicule de 1935 et le<br \/>\nconcept car Type 00 pour marquer cet anniversaire.<\/li>\n<li>D\u00e9couvrez comment ce pionnier en design se r\u00e9invente avec<br \/>\naudace pour un avenir \u00e9lectrique.<\/li>\n<\/ul>\n<p>R\u00e9put\u00e9e comme \u00e9tant une <strong>marque prestigieuse<\/strong>,<br \/>\nelle a arr\u00eat\u00e9 sa production de v\u00e9hicule afin de mieux pr\u00e9parer les<br \/>\n\u00e9lectriques de demain. Cette firme au f\u00e9lin f\u00eate ses 90 ans sans<br \/>\navoir vendu la moindre voiture neuve cette ann\u00e9e, mais <strong>elle<br \/>\nne perd rien de son prestige<\/strong>. \u00c0 l\u00a0\u00bbautomne 2026, elle<br \/>\npr\u00e9voit d&rsquo;ailleurs de sortir un nouveau mod\u00e8le, inspir\u00e9 de la<br \/>\nconcept car Type 00 qui avait beaucoup fait parler.<\/p>\n<p>Un anniversaire sp\u00e9cial pour la marque Jaguar<\/p>\n<p>Afin de c\u00e9l\u00e9brer l&rsquo;\u00e9v\u00e9nement comme il se doit, <strong>Jaguar a<br \/>\nr\u00e9uni son premier v\u00e9hicule et son dernier<\/strong>, \u00e0 Londres.<br \/>\nComme un symbole pour repr\u00e9senter sa trajectoire de presque un<br \/>\nsi\u00e8cle. M\u00eame si elle n&rsquo;a vendu aucune voiture neuve cette ann\u00e9e et<br \/>\nqu&rsquo;elle vient de licencier son directeur de design, Jerry McGovern,<br \/>\n<strong>la marque se r\u00e9invente avec audace<\/strong>.<\/p>\n<p>Certes, si vous regardez sur son site officiel, vous ne<br \/>\ntrouverez que des mod\u00e8les d&rsquo;occasion en vente. Mais cela n&rsquo;a rien \u00e0<br \/>\nvoir avec une cessation d\u00e9finitive d\u2019activit\u00e9. <strong>Jaguar se<br \/>\npr\u00e9pare en coulisses<\/strong> pour un retour tonitruant avec le<br \/>\npassage, avec <a href=\"https:\/\/www.autoplus.fr\/occasion\/occasion-notre-selection-de-citadine-electrique-a-partir-de-5-000-e-1412579.html\" target=\"_blank\" rel=\"noopener\">uniquement des voitures<br \/>\n\u00e9lectriques<\/a>. Le premier mod\u00e8le d\u00e9coulera du concept car Jaguar<br \/>\nType 00 l&rsquo;automne prochain. Plusieurs prototypes de cette nouvelle<br \/>\nberline basse ont \u00e9t\u00e9 aper\u00e7us dans le sud de l\u2019Espagne.<\/p>\n<p>La SS Jaguar de 1935, tout un symbole<\/p>\n<p>La Swallow Sidecar, plus connue sous le nom de SS Jaguar, est le<br \/>\npremier mod\u00e8le de la marque, lanc\u00e9 en 1935. <a href=\"https:\/\/www.autoplus.fr\/actualite\/jaguar-land-rover-tourne-une-page-majeure-de-son-histoire-du-design-1412042.html\" target=\"_blank\" rel=\"noopener\">Swallow Sidecar<\/a> \u00e9tait d&rsquo;ailleurs<br \/>\nle nom de l\u2019entreprise qui a vu le jour en 1922. \u00c0 l&rsquo;occasion de<br \/>\nl&rsquo;anniversaire de Jaguar, le concept car la <a href=\"https:\/\/www.autoplus.fr\/environnement\/voiture-electrique\/jaguar-type-00-voici-a-quoi-ressemblera-lavenir-de-la-marque-anglaise-1357118.html\" target=\"_blank\" rel=\"noopener\">Type OO<\/a> a \u00e9t\u00e9 repeinte en<br \/>\n\u00ab\u00a0London Red\u00a0\u00bb, abandonnant ainsi sa peau rose flashy d\u00e9voil\u00e9e \u00e0 la<br \/>\nMiami Art Week.<\/p>\n<p>Devant l\u2019h\u00f4tel de luxe The Chancery Rosewwod, \u00e0 deux pas du Hyde<br \/>\nPark, la SS et le Type OO ont \u00e9t\u00e9 photographi\u00e9es pour immortaliser<br \/>\nle moment.<\/p>\n<p><img loading=\"lazy\" decoding=\"async\" aria-describedby=\"caption-attachment-1412816\" itemprop=\"thumbnailUrl\" class=\"size-full wp-image-1412816 img-responsive\" src=\"https:\/\/www.europesays.com\/fr\/wp-content\/uploads\/2025\/12\/iio.jpeg\" alt=\"La SS et le Type Car 00 ont pos\u00e9 \u00e0 Londres.\" width=\"580\" height=\"464\"  \/> \u00a9 Jaguar<\/p>\n<p id=\"caption-attachment-1412816\" class=\"wp-caption-text\">La SS et<br \/>\nla Type Car 00 ont pos\u00e9 \u00e0 Londres.<\/p>\n<p>L&rsquo;architecture moderniste du quartier a offert un d\u00e9cor<br \/>\nin\u00e9galable pour cet \u00e9v\u00e9nement. Le directeur de la marque a confi\u00e9<br \/>\n:\u00a0 \u00ab\u00a0Jaguar a toujours \u00e9t\u00e9 pionnier en mati\u00e8re d\u2019originalit\u00e9,<br \/>\nd\u00e9fini par <strong>l\u2019excellence du design<\/strong>, un esprit<br \/>\nintr\u00e9pide et tourn\u00e9 vers l\u2019avenir. \u00c0 l\u2019approche du lancement de<br \/>\nnotre mod\u00e8le de s\u00e9rie l\u2019an prochain, il est essentiel de rappeler<br \/>\nce qui rend Jaguar unique : \u00eatre audacieux, surprenant et<br \/>\nr\u00e9solument diff\u00e9rent. Avec la Type 00, nous d\u00e9fions les conventions<br \/>\nde l\u2019industrie automobile, comme la SS Jaguar l\u2019a fait en son<br \/>\ntemps\u00a0\u00bb. Selon le fondateur de Jaguar, l&rsquo;important \u00e9tait de ne rien<br \/>\ncopier (Copy Nothing). On peut affirmer que c&rsquo;est r\u00e9ussi avec la SS<br \/>\nJaguar. Reste \u00e0 savoir si <strong>le mod\u00e8le s&rsquo;inspirant de la Type<br \/>\n00<\/strong> conna\u00eetra le m\u00eame succ\u00e8s.<\/p>\n","protected":false},"excerpt":{"rendered":"\u00c0 l&rsquo;occasion de son anniversaire, la marque a voulu marquer le coup \u00e0 Londres. D\u00e9couvrez ce qu&rsquo;elle pr\u00e9pare&hellip;\n","protected":false},"author":2,"featured_media":584236,"comment_status":"","ping_status":"","sticky":false,"template":"","format":"standard","meta":{"footnotes":""},"categories":[6],"tags":[35,10281,33,34,1011,27],"class_list":{"0":"post-584235","1":"post","2":"type-post","3":"status-publish","4":"format-standard","5":"has-post-thumbnail","7":"category-economie","8":"tag-business","9":"tag-buzz-nonli","10":"tag-economie","11":"tag-economy","12":"tag-fr","13":"tag-france"},"share_on_mastodon":{"url":"https:\/\/pubeurope.com\/@fr\/115678430842070787","error":""},"_links":{"self":[{"href":"https:\/\/www.europesays.com\/fr\/wp-json\/wp\/v2\/posts\/584235","targetHints":{"allow":["GET"]}}],"collection":[{"href":"https:\/\/www.europesays.com\/fr\/wp-json\/wp\/v2\/posts"}],"about":[{"href":"https:\/\/www.europesays.com\/fr\/wp-json\/wp\/v2\/types\/post"}],"author":[{"embeddable":true,"href":"https:\/\/www.europesays.com\/fr\/wp-json\/wp\/v2\/users\/2"}],"replies":[{"embeddable":true,"href":"https:\/\/www.europesays.com\/fr\/wp-json\/wp\/v2\/comments?post=584235"}],"version-history":[{"count":0,"href":"https:\/\/www.europesays.com\/fr\/wp-json\/wp\/v2\/posts\/584235\/revisions"}],"wp:featuredmedia":[{"embeddable":true,"href":"https:\/\/www.europesays.com\/fr\/wp-json\/wp\/v2\/media\/584236"}],"wp:attachment":[{"href":"https:\/\/www.europesays.com\/fr\/wp-json\/wp\/v2\/media?parent=584235"}],"wp:term":[{"taxonomy":"category","embeddable":true,"href":"https:\/\/www.europesays.com\/fr\/wp-json\/wp\/v2\/categories?post=584235"},{"taxonomy":"post_tag","embeddable":true,"href":"https:\/\/www.europesays.com\/fr\/wp-json\/wp\/v2\/tags?post=584235"}],"curies":[{"name":"wp","href":"https:\/\/api.w.org\/{rel}","templated":true}]}}