{"id":584240,"date":"2025-12-07T13:07:14","date_gmt":"2025-12-07T13:07:14","guid":{"rendered":"https:\/\/www.europesays.com\/fr\/584240\/"},"modified":"2025-12-07T13:07:14","modified_gmt":"2025-12-07T13:07:14","slug":"temoignage-anais-jeune-maman-je-ne-mattendais-pas-a-accoucher-sur-le-parking-dintermarche","status":"publish","type":"post","link":"https:\/\/www.europesays.com\/fr\/584240\/","title":{"rendered":"TEMOIGNAGE. Ana\u00efs, jeune maman\u00a0: \u00ab\u00a0Je ne m\u2019attendais pas \u00e0 accoucher sur le parking d\u2019Intermarch\u00e9\u00a0\u00bb"},"content":{"rendered":"<p>\n                                                                    l&rsquo;essentiel<br \/>\n                                                                Vendredi 5\u00a0d\u00e9cembre 2025, trois sapeurs-pompiers volontaires ont d\u00fb accoucher en urgence une jeune femme de 32 ans sur le parking d\u2019un supermarch\u00e9 de Verdun-sur-Garonne, en Tarn-et-Garonne. Ce dimanche, elle t\u00e9moigne depuis la maternit\u00e9 de Montauban.\n                            <\/p>\n<p>C\u2019est la belle histoire de cette fin d\u2019ann\u00e9e 2025. Ce vendredi 5\u00a0d\u00e9cembre, il \u00e9tait pr\u00e9cis\u00e9ment 7\u00a0h\u00a027 lorsqu\u2019Ana\u00efs Joly a accouch\u00e9 d\u2019un petit gar\u00e7on dans un camion de pompiers\u2026 Stationn\u00e9 sur le parking d\u2019Intermarch\u00e9. \u00ab\u00a0Quand ils m\u2019ont prise en charge, l\u2019un d\u2019eux m\u2019a dit Il n\u2019est pas certain qu\u2019on ait le temps d\u2019arriver \u00e0 l\u2019h\u00f4pital. Mais ne pas avoir le temps de sortir de Verdun, \u00e7a, personne ne s\u2019y attendait\u00a0!\u00a0\u00bb, rel\u00e8ve la Tarn-et-Garonnaise, ce dimanche, \u00e0 la maternit\u00e9 du centre hospitalier de Montauban. Il faut dire que tout, tout est all\u00e9 tr\u00e8s vite.<\/p>\n<p>\u00ab\u00a0J\u2019ai commenc\u00e9 \u00e0 avoir des contractions mais elles n\u2019\u00e9taient pas sp\u00e9cialement rapproch\u00e9es et j\u2019avais eu plusieurs phases de faux travail. \u00c0 6\u00a0h\u00a040, j\u2019ai appel\u00e9 mais c\u2019est vraiment une fois que j\u2019\u00e9tais mont\u00e9e dans le camion qu\u2019elles se sont acc\u00e9l\u00e9r\u00e9es brutalement. Et d\u2019un coup, j\u2019ai senti la poche des eaux exploser et que le b\u00e9b\u00e9 poussait comme pour la transpercer. Il \u00e9tait en train d\u2019arriver\u00a0! Les pompiers ont \u00e0 peine eu le temps de me d\u00e9shabiller et il a \u00e9t\u00e9 r\u00e9ceptionn\u00e9 comme on a pu\u00a0\u00bb, d\u00e9taille cette jeune femme de 32 ans qui, avec l\u2019arriv\u00e9e d\u2019Ennio, est d\u00e9sormais m\u00e8re de trois enfants.<\/p>\n<p>        <img decoding=\"async\" class=\"std-img__img responsive-img\" src=\"https:\/\/www.europesays.com\/fr\/wp-content\/uploads\/2025\/12\/1765112834_704_image.jpg\" alt=\"Ennio, 3,150\u00a0kg, est en pleine forme.\"\/><\/p>\n<p>                Ennio, 3,150\u00a0kg, est en pleine forme.<br \/>\n                                    DDM &#8211; GERALDINE JAMMET<\/p>\n<p>\u00ab\u00a0Pour ma derni\u00e8re grossesse, les contractions \u00e9taient vraiment progressives donc je ne me suis pas affol\u00e9e. Et pour Ennio, j\u2019avais eu rendez-vous la semaine pr\u00e9c\u00e9dente et mon col \u00e9tait quasiment compl\u00e8tement ferm\u00e9. \u00c0 tel point qu\u2019on avait pris rendez-vous \u00e0 la maternit\u00e9 le jour du terme qui \u00e9tait initialement pr\u00e9vu le 16\u00a0d\u00e9cembre\u00a0\u00bb, signale Ana\u00efs Joly qui a retrouv\u00e9 ses esprits depuis. \u00ab\u00a0Sur le coup, j\u2019\u00e9tais compl\u00e8tement perdue. J\u2019ai juste v\u00e9rifi\u00e9 qu\u2019il pleurait. Il avait une belle couleur et l\u2019inqui\u00e9tude s\u2019est dissip\u00e9e. Mais je n\u2019ai pas compris de suite qu\u2019il \u00e9tait l\u00e0\u00a0\u00bb, conc\u00e8de la m\u00e8re de famille.<\/p>\n<p>\u00ab\u00a0La douleur a \u00e9t\u00e9 g\u00e9rable\u00a0\u00bb<\/p>\n<p>Dans le v\u00e9hicule de secours \u00e0 victimes (VSAV), les trois sapeurs-pompiers d\u00e9roulent tout ce qu\u2019ils ont appris en formation et au fil de leur solide exp\u00e9rience sur le terrain. Une fois qu\u2019Ennio a point\u00e9 le bout de son nez, le capitaine St\u00e9phane Guilhempey, chef d\u2019agr\u00e8s et directeur adjoint du centre de secours de Verdun, se met aussit\u00f4t en liaison avec le Samu 82. D\u00e9cision est prise de se rejoindre au plus vite \u00e0 Dieupentale. Le m\u00e9decin du Samu 82 a alors termin\u00e9 de couper le cordon et proc\u00e9d\u00e9 aux premiers examens du b\u00e9b\u00e9 et de sa m\u00e8re. Sans oublier d\u2019administrer des antidouleurs \u00e0 cette valeureuse jeune femme. Direction les urgences du centre hospitalier de Montauban notamment pour proc\u00e9der \u00e0 la d\u00e9livrance du placenta.<\/p>\n<p>\u00ab\u00a0Honn\u00eatement, \u00e7a a \u00e9t\u00e9 tellement court que la douleur a \u00e9t\u00e9 g\u00e9rable. Pour ma derni\u00e8re, j\u2019avais \u00e0 peine eu le temps d\u2019arriver \u00e0 la mater donc j\u2019avais d\u00e9j\u00e0 accouch\u00e9 sans p\u00e9ridurale. Et l\u00e0, \u00e7a s\u2019est impos\u00e9. Mais je ne m\u2019attendais pas du tout \u00e0 mettre au monde Ennio sur le parking d\u2019Intermarch\u00e9\u00a0! C\u2019est incroyable\u2026\u00a0\u00bb<\/p>\n<p>Ce dimanche, Ana\u00efs Joly et son nouveau-n\u00e9 sont autoris\u00e9s \u00e0 rejoindre le domicile familial o\u00f9 l\u2019heureux papa, Flavien Clauzure, les attendait impatiemment avec leur a\u00een\u00e9e, Mila, 9 ans, et leur cadette, Rosella qui f\u00eate son premier anniversaire ce 7\u00a0d\u00e9cembre 2025.<\/p>\n","protected":false},"excerpt":{"rendered":"l&rsquo;essentiel Vendredi 5\u00a0d\u00e9cembre 2025, trois sapeurs-pompiers volontaires ont d\u00fb accoucher en urgence une jeune femme de 32 ans&hellip;\n","protected":false},"author":2,"featured_media":584241,"comment_status":"","ping_status":"","sticky":false,"template":"","format":"standard","meta":{"footnotes":""},"categories":[2],"tags":[11,118,1011,27,12,36586,69753],"class_list":{"0":"post-584240","1":"post","2":"type-post","3":"status-publish","4":"format-standard","5":"has-post-thumbnail","7":"category-actualites","8":"tag-actualites","9":"tag-faits-divers","10":"tag-fr","11":"tag-france","12":"tag-news","13":"tag-tarn-et-garonne","14":"tag-verdunsurgaronne"},"share_on_mastodon":{"url":"https:\/\/pubeurope.com\/@fr\/115678442418976144","error":""},"_links":{"self":[{"href":"https:\/\/www.europesays.com\/fr\/wp-json\/wp\/v2\/posts\/584240","targetHints":{"allow":["GET"]}}],"collection":[{"href":"https:\/\/www.europesays.com\/fr\/wp-json\/wp\/v2\/posts"}],"about":[{"href":"https:\/\/www.europesays.com\/fr\/wp-json\/wp\/v2\/types\/post"}],"author":[{"embeddable":true,"href":"https:\/\/www.europesays.com\/fr\/wp-json\/wp\/v2\/users\/2"}],"replies":[{"embeddable":true,"href":"https:\/\/www.europesays.com\/fr\/wp-json\/wp\/v2\/comments?post=584240"}],"version-history":[{"count":0,"href":"https:\/\/www.europesays.com\/fr\/wp-json\/wp\/v2\/posts\/584240\/revisions"}],"wp:featuredmedia":[{"embeddable":true,"href":"https:\/\/www.europesays.com\/fr\/wp-json\/wp\/v2\/media\/584241"}],"wp:attachment":[{"href":"https:\/\/www.europesays.com\/fr\/wp-json\/wp\/v2\/media?parent=584240"}],"wp:term":[{"taxonomy":"category","embeddable":true,"href":"https:\/\/www.europesays.com\/fr\/wp-json\/wp\/v2\/categories?post=584240"},{"taxonomy":"post_tag","embeddable":true,"href":"https:\/\/www.europesays.com\/fr\/wp-json\/wp\/v2\/tags?post=584240"}],"curies":[{"name":"wp","href":"https:\/\/api.w.org\/{rel}","templated":true}]}}