{"id":584242,"date":"2025-12-07T13:08:14","date_gmt":"2025-12-07T13:08:14","guid":{"rendered":"https:\/\/www.europesays.com\/fr\/584242\/"},"modified":"2025-12-07T13:08:14","modified_gmt":"2025-12-07T13:08:14","slug":"la72-et-la-rn88-sur-une-voie-pendant-plusieurs-jours","status":"publish","type":"post","link":"https:\/\/www.europesays.com\/fr\/584242\/","title":{"rendered":"l&rsquo;A72 et la RN88 sur une voie pendant plusieurs jours"},"content":{"rendered":"<p>  RN88 \u00a0: la bretelle de sortie n\u00b028 \u00ab la Ricamarie \u00bb toujours ferm\u00e9e<\/p>\n<p>Dans le sens Le Puy\/St-\u00c9tienne, la bretelle de sortie n\u00b028 \u00ab la Ricamarie \u00bb est ferm\u00e9e \u00e0 la circulation de mani\u00e8re permanente jusqu\u2019au 19 d\u00e9cembre 2025.<\/p>\n<p>Par ailleurs :<br \/>&#8211; Dans le sens Le Puy\/St-Etienne, la voie de droite sera neutralis\u00e9e la journ\u00e9e du lundi 08 d\u00e9cembre de 9\u00a0h\u00a000 \u00e0 16\u00a0h\u00a000.<br \/>&#8211; Dans le sens St-Etienne\/Le Puy, la voie de droite sera neutralis\u00e9e les journ\u00e9es du lundi 08, du mardi 09, du mercredi 10 et du jeudi 11 d\u00e9cembre de 9\u00a0h\u00a000 \u00e0 16\u00a0h\u00a000.<\/p>\n<p>  La RN88 sur une voie au niveau de Saint-Chamond (\u00c9changeur La Varizelle)<\/p>\n<p>La voie de gauche sera neutralis\u00e9e dans les deux sens de circulation les journ\u00e9es du mardi 09, du mercredi 10 et du jeudi 11 d\u00e9cembre de 9h00 \u00e0 16h00.<\/p>\n<p>  La RN88 sur une voie au niveau de Saint-\u00c9tienne<\/p>\n<p>La voie de droite sera neutralis\u00e9e, alternativement, dans les deux sens de circulation, la\u00a0journ\u00e9e du lundi 08 d\u00e9cembre de 9h00 \u00e0 16h00.<\/p>\n<p>  Sur l&rsquo;A72 \u00a0: une voie neutralis\u00e9e entre Saint-\u00c9tienne et Andr\u00e9zieux\u00a0<\/p>\n<p>La voie de droite sera neutralis\u00e9e, alternativement, dans les deux sens de circulation les\u00a0journ\u00e9es du lundi 08 et du mardi 09 d\u00e9cembre de 9h00 \u00e0 16h00.<\/p>\n","protected":false},"excerpt":{"rendered":"RN88 \u00a0: la bretelle de sortie n\u00b028 \u00ab la Ricamarie \u00bb toujours ferm\u00e9e Dans le sens Le Puy\/St-\u00c9tienne,&hellip;\n","protected":false},"author":2,"featured_media":584243,"comment_status":"","ping_status":"","sticky":false,"template":"","format":"standard","meta":{"footnotes":""},"categories":[9653],"tags":[1111,11,17136,2430,1777,674,107,1011,27,11324,3367,12,25,9669,4001,2803,2086],"class_list":{"0":"post-584242","1":"post","2":"type-post","3":"status-publish","4":"format-standard","5":"has-post-thumbnail","7":"category-saint-etienne","8":"tag-actu","9":"tag-actualites","10":"tag-andrezieux-boutheon","11":"tag-auvergne-rhone-alpes","12":"tag-eu","13":"tag-europe","14":"tag-fil-info","15":"tag-fr","16":"tag-france","17":"tag-la-ricamarie","18":"tag-loire","19":"tag-news","20":"tag-republique-francaise","21":"tag-saint-chamond","22":"tag-saint-etienne","23":"tag-transport","24":"tag-travaux"},"share_on_mastodon":{"url":"https:\/\/pubeurope.com\/@fr\/115678445845845093","error":""},"_links":{"self":[{"href":"https:\/\/www.europesays.com\/fr\/wp-json\/wp\/v2\/posts\/584242","targetHints":{"allow":["GET"]}}],"collection":[{"href":"https:\/\/www.europesays.com\/fr\/wp-json\/wp\/v2\/posts"}],"about":[{"href":"https:\/\/www.europesays.com\/fr\/wp-json\/wp\/v2\/types\/post"}],"author":[{"embeddable":true,"href":"https:\/\/www.europesays.com\/fr\/wp-json\/wp\/v2\/users\/2"}],"replies":[{"embeddable":true,"href":"https:\/\/www.europesays.com\/fr\/wp-json\/wp\/v2\/comments?post=584242"}],"version-history":[{"count":0,"href":"https:\/\/www.europesays.com\/fr\/wp-json\/wp\/v2\/posts\/584242\/revisions"}],"wp:featuredmedia":[{"embeddable":true,"href":"https:\/\/www.europesays.com\/fr\/wp-json\/wp\/v2\/media\/584243"}],"wp:attachment":[{"href":"https:\/\/www.europesays.com\/fr\/wp-json\/wp\/v2\/media?parent=584242"}],"wp:term":[{"taxonomy":"category","embeddable":true,"href":"https:\/\/www.europesays.com\/fr\/wp-json\/wp\/v2\/categories?post=584242"},{"taxonomy":"post_tag","embeddable":true,"href":"https:\/\/www.europesays.com\/fr\/wp-json\/wp\/v2\/tags?post=584242"}],"curies":[{"name":"wp","href":"https:\/\/api.w.org\/{rel}","templated":true}]}}