{"id":584246,"date":"2025-12-07T13:10:11","date_gmt":"2025-12-07T13:10:11","guid":{"rendered":"https:\/\/www.europesays.com\/fr\/584246\/"},"modified":"2025-12-07T13:10:11","modified_gmt":"2025-12-07T13:10:11","slug":"projection-rencontre-de-love-me-tender-au-cameo","status":"publish","type":"post","link":"https:\/\/www.europesays.com\/fr\/584246\/","title":{"rendered":"Projection-rencontre de Love me Tender au Cam\u00e9o"},"content":{"rendered":"<p>Avant-premi\u00e8re en pr\u00e9sence d\u2019Anna Cazenave Cambet, la r\u00e9alisatrice, et Antoine Reinartz, acteur originaire d\u2019Essey-l\u00e8s-Nancy, nomm\u00e9 aux C\u00e9sar 2024 dans la cat\u00e9gorie meilleur acteur dans un second r\u00f4le pour son r\u00f4le dans le film Anatomie d\u2019une chute r\u00e9alis\u00e9 par Justine Triet dans lequel il interpr\u00e8te l\u2019avocat g\u00e9n\u00e9ral.<\/p>\n<p>Love me Tender est une adaptation libre du livre de Constance Debr\u00e9 et propose un regard puissant, d\u00e9licat et profond\u00e9ment humain sur la libert\u00e9, la maternit\u00e9 et l\u2019amour. Une fin d\u2019\u00e9t\u00e9, Cl\u00e9mence annonce \u00e0 son ex-mari qu\u2019elle a des histoires d\u2019amour avec des femmes. Sa vie bascule lorsqu\u2019il lui retire la garde de son fils. Cl\u00e9mence va devoir lutter pour rester m\u00e8re, femme, libre.<\/p>\n<p class=\"note\">Lundi 8\u00a0d\u00e9cembre \u00e0 20\u00a0h au Cam\u00e9o Saint-S\u00e9bastien. R\u00e9servation en ligne sur le site du Cam\u00e9o<\/p>\n","protected":false},"excerpt":{"rendered":"Avant-premi\u00e8re en pr\u00e9sence d\u2019Anna Cazenave Cambet, la r\u00e9alisatrice, et Antoine Reinartz, acteur originaire d\u2019Essey-l\u00e8s-Nancy, nomm\u00e9 aux C\u00e9sar 2024&hellip;\n","protected":false},"author":2,"featured_media":584247,"comment_status":"","ping_status":"","sticky":false,"template":"","format":"standard","meta":{"footnotes":""},"categories":[9635],"tags":[1111,11,650,1687,1704,1777,674,1011,27,775,1702,1703,12,25],"class_list":{"0":"post-584246","1":"post","2":"type-post","3":"status-publish","4":"format-standard","5":"has-post-thumbnail","7":"category-nancy","8":"tag-actu","9":"tag-actualites","10":"tag-cinema","11":"tag-culture-loisirs","12":"tag-edition-nancy-et-agglomeration","13":"tag-eu","14":"tag-europe","15":"tag-fr","16":"tag-france","17":"tag-grand-est","18":"tag-nancy","19":"tag-nancy-ville-54b","20":"tag-news","21":"tag-republique-francaise"},"share_on_mastodon":{"url":"https:\/\/pubeurope.com\/@fr\/115678453684659549","error":""},"_links":{"self":[{"href":"https:\/\/www.europesays.com\/fr\/wp-json\/wp\/v2\/posts\/584246","targetHints":{"allow":["GET"]}}],"collection":[{"href":"https:\/\/www.europesays.com\/fr\/wp-json\/wp\/v2\/posts"}],"about":[{"href":"https:\/\/www.europesays.com\/fr\/wp-json\/wp\/v2\/types\/post"}],"author":[{"embeddable":true,"href":"https:\/\/www.europesays.com\/fr\/wp-json\/wp\/v2\/users\/2"}],"replies":[{"embeddable":true,"href":"https:\/\/www.europesays.com\/fr\/wp-json\/wp\/v2\/comments?post=584246"}],"version-history":[{"count":0,"href":"https:\/\/www.europesays.com\/fr\/wp-json\/wp\/v2\/posts\/584246\/revisions"}],"wp:featuredmedia":[{"embeddable":true,"href":"https:\/\/www.europesays.com\/fr\/wp-json\/wp\/v2\/media\/584247"}],"wp:attachment":[{"href":"https:\/\/www.europesays.com\/fr\/wp-json\/wp\/v2\/media?parent=584246"}],"wp:term":[{"taxonomy":"category","embeddable":true,"href":"https:\/\/www.europesays.com\/fr\/wp-json\/wp\/v2\/categories?post=584246"},{"taxonomy":"post_tag","embeddable":true,"href":"https:\/\/www.europesays.com\/fr\/wp-json\/wp\/v2\/tags?post=584246"}],"curies":[{"name":"wp","href":"https:\/\/api.w.org\/{rel}","templated":true}]}}