{"id":584248,"date":"2025-12-07T13:11:15","date_gmt":"2025-12-07T13:11:15","guid":{"rendered":"https:\/\/www.europesays.com\/fr\/584248\/"},"modified":"2025-12-07T13:11:15","modified_gmt":"2025-12-07T13:11:15","slug":"encore-des-spectacles-et-animations-a-nancy-ce-dimanche","status":"publish","type":"post","link":"https:\/\/www.europesays.com\/fr\/584248\/","title":{"rendered":"encore des spectacles et animations \u00e0 Nancy ce dimanche"},"content":{"rendered":"<p>Apr\u00e8s le d\u00e9fil\u00e9 grandiose de Saint-Nicolas ce samedi soir, le centre-ville de Nancy redescend sur terre ce dimanche&#8230; mais continue de s&rsquo;amuser. Plusieurs compagnies d&rsquo;artistes de rues animent en effet le secteur pi\u00e9ton, au fil de la journ\u00e9e, de la porte de la Craffe \u00e0 la rue du Pont-Mouja. Sans oublier, \u00e9videmment, les r\u00e9jouissances permanentes pour ces f\u00eates, notamment sur le Village de la grande roue.<\/p>\n","protected":false},"excerpt":{"rendered":"Apr\u00e8s le d\u00e9fil\u00e9 grandiose de Saint-Nicolas ce samedi soir, le centre-ville de Nancy redescend sur terre ce dimanche&#8230;&hellip;\n","protected":false},"author":2,"featured_media":584249,"comment_status":"","ping_status":"","sticky":false,"template":"","format":"standard","meta":{"footnotes":""},"categories":[9635],"tags":[1111,11,1687,1704,1777,674,1011,27,5325,2798,775,3457,1702,12,3456,25],"class_list":{"0":"post-584248","1":"post","2":"type-post","3":"status-publish","4":"format-standard","5":"has-post-thumbnail","7":"category-nancy","8":"tag-actu","9":"tag-actualites","10":"tag-culture-loisirs","11":"tag-edition-nancy-et-agglomeration","12":"tag-eu","13":"tag-europe","14":"tag-fr","15":"tag-france","16":"tag-galerie-media","17":"tag-galerie-photo","18":"tag-grand-est","19":"tag-meurthe-et-moselle","20":"tag-nancy","21":"tag-news","22":"tag-region-lorraine","23":"tag-republique-francaise"},"share_on_mastodon":{"url":"https:\/\/pubeurope.com\/@fr\/115678457574723315","error":""},"_links":{"self":[{"href":"https:\/\/www.europesays.com\/fr\/wp-json\/wp\/v2\/posts\/584248","targetHints":{"allow":["GET"]}}],"collection":[{"href":"https:\/\/www.europesays.com\/fr\/wp-json\/wp\/v2\/posts"}],"about":[{"href":"https:\/\/www.europesays.com\/fr\/wp-json\/wp\/v2\/types\/post"}],"author":[{"embeddable":true,"href":"https:\/\/www.europesays.com\/fr\/wp-json\/wp\/v2\/users\/2"}],"replies":[{"embeddable":true,"href":"https:\/\/www.europesays.com\/fr\/wp-json\/wp\/v2\/comments?post=584248"}],"version-history":[{"count":0,"href":"https:\/\/www.europesays.com\/fr\/wp-json\/wp\/v2\/posts\/584248\/revisions"}],"wp:featuredmedia":[{"embeddable":true,"href":"https:\/\/www.europesays.com\/fr\/wp-json\/wp\/v2\/media\/584249"}],"wp:attachment":[{"href":"https:\/\/www.europesays.com\/fr\/wp-json\/wp\/v2\/media?parent=584248"}],"wp:term":[{"taxonomy":"category","embeddable":true,"href":"https:\/\/www.europesays.com\/fr\/wp-json\/wp\/v2\/categories?post=584248"},{"taxonomy":"post_tag","embeddable":true,"href":"https:\/\/www.europesays.com\/fr\/wp-json\/wp\/v2\/tags?post=584248"}],"curies":[{"name":"wp","href":"https:\/\/api.w.org\/{rel}","templated":true}]}}