{"id":584258,"date":"2025-12-07T13:17:35","date_gmt":"2025-12-07T13:17:35","guid":{"rendered":"https:\/\/www.europesays.com\/fr\/584258\/"},"modified":"2025-12-07T13:17:35","modified_gmt":"2025-12-07T13:17:35","slug":"ont-ils-reussi-a-battre-le-record-de-la-plus-grande-merguez-du-monde","status":"publish","type":"post","link":"https:\/\/www.europesays.com\/fr\/584258\/","title":{"rendered":"ont-ils r\u00e9ussi \u00e0 battre le record de la plus grande merguez du monde\u00a0?"},"content":{"rendered":"<p>                    Par<br \/>\n        <strong><br \/>\n            <a href=\"https:\/\/actu.fr\/auteur\/le-journal-delbeuf\" title=\"Consulter tous les articles de R\u00e9daction Elbeuf\" target=\"_blank\" rel=\"noopener\">R\u00e9daction Elbeuf<\/a><br \/>\n                    <\/strong><\/p>\n<p>        Publi\u00e9 le<\/p>\n<p>            6 d\u00e9c. 2025 \u00e0 8h21        <\/p>\n<p>\u00ab\u2009Cette fois, nous sommes confiants.\u2009\u00bb Apr\u00e8s avoir bien pr\u00e9par\u00e9 leur affaire, <b>Karim Latr\u00e8che<\/b> et l\u2019association Tel est ton d\u00e9fi y croyaient dur comme fer, cette fois.<\/p>\n<p class=\" wall-content\">Guillaume Dessannaux, g\u00e9rant du magasin, et Samuel Cavelier, boucher, \u00e9taient \u00e9galement confiants. Apr\u00e8s deux \u00e9checs les deux ann\u00e9es pr\u00e9c\u00e9dentes, le record de la <b>plus grande merguez du monde<\/b> ne devait pas leur \u00e9chapper. \u00ab\u2009Nous avons fait venir du boyau plus solide, plus long, \u00e7a devrait aller\u2009\u00bb, expliquaient les participants.<\/p>\n<p class=\" wall-content\">Le vendredi 5\u00a0d\u00e9cembre 2025, jour de lancement de l\u2019op\u00e9ration <b>T\u00e9l\u00e9thon,<\/b> tout le monde \u00e9tait pr\u00eat dans les locaux du Carrefour market de <a href=\"https:\/\/actu.fr\/normandie\/saint-aubin-les-elbeuf_76561\" target=\"_blank\" rel=\"noopener\">Saint-Aubin-l\u00e8s-Elbeuf (Seine-Maritime)<\/a> aux Novales.<\/p>\n<p class=\" wall-content\">Un huissier, ma\u00eetre Alexandre Duflos, \u00e9tait \u00e9galement de la partie pour valider l\u2019\u00e9ventuel nouveau <b>record du monde.<\/b><\/p>\n<p>Trop de pression\u2009?<\/p>\n<p class=\" wall-content\">Dans le laboratoire du magasin, Samuel Cavelier est aux manettes, pour remplir le boyau. Pour l\u2019emporter, il faut <b>d\u00e9passer les 24,10 m\u00e8tres<\/b> r\u00e9alis\u00e9s il y a quelques ann\u00e9es par Paris.<\/p>\n<p>Vid\u00e9os : en ce moment sur Actu<\/p>\n<p class=\" wall-content\">Le boyau est trop court, pour cette premi\u00e8re tentative qui s\u2019ach\u00e8ve \u00e0 plus de 21\u00a0m\u00e8tres. L\u2019\u00e9quipe est d\u00e9\u00e7ue, mais elle se lance vite dans un deuxi\u00e8me essai. Si cette \u00e9preuve pr\u00eate \u00e0 sourire, pour le boucher, la tension est perceptible, il faut r\u00e9ussir. Cette fois il utilise un boyau beaucoup plus long\u2009: 31\u00a0m\u00e8tres.<\/p>\n<p class=\" wall-content\">Une fois encore, le boyau se casse avant d\u2019arriver au bout. Mais c\u2019est le moment de la mesure par l\u2019huissier qui laisse des regrets\u2009: <b>23,70\u00a0m<\/b>. Il manque 40\u00a0cm pour \u00e9galer le record.<\/p>\n<p>Votre r\u00e9gion, votre actu !<\/p>\n<p>Recevez chaque jour les infos qui comptent pour vous.<\/p>\n<p>\t<a href=\"https:\/\/actu.fr\/newsletter\" class=\"ac-btn ac-btn--corner ac-btn--medium ac-btn--blue800\" target=\"_blank\" rel=\"noopener\">S&rsquo;incrire<\/a><\/p>\n<p>    <img   decoding=\"async\" loading=\"lazy\" class=\"size-large\" src=\"https:\/\/www.europesays.com\/fr\/wp-content\/uploads\/2025\/12\/ba6bb2da53396ce6bb2da5339927bbv-960x640.jpg\" alt=\"Samuel Cavelier et l'huissier ont mesur\u00e9 la merguez r\u00e9alis\u00e9e. Les 23,70 m\u00e8tres ne suffiront poas pour battre le record mondial.\" width=\"960\" height=\"640\"\/><br \/>\n    Samuel Cavelier et l\u2019huissier ont mesur\u00e9 la merguez r\u00e9alis\u00e9e. Les 23,70 m\u00e8tres ne suffiront pas pour battre le record mondial. \u00a9Le Journal d\u2019Elbeuf<\/p>\n<p class=\" wall-content\">Malgr\u00e9 ce troisi\u00e8me \u00e9chec, les b\u00e9n\u00e9voles ne sont pas abattus. Au contraire, ils prennent le temps de remercier tous les partenaires pour leurs dons. gr\u00e2ce \u00e0 eux, m\u00eame si elle n\u2019a pas battu le record, la merguez sera coup\u00e9e, cuite et vendue en sandwiches, le samedi 6\u00a0d\u00e9cembre 2025, devant le magasin et devant les Pros du pneu, \u00e0 Cl\u00e9on.<\/p>\n<p class=\" wall-content\">Personnalisez votre actualit\u00e9 en ajoutant vos villes et m\u00e9dias en favori avec <a href=\"https:\/\/moncompte.actu.fr\" title=\"D\u00e9couvez Mon Actu\" rel=\"nofollow noopener\" data-trk=\"{&quot;cta&quot;:{&quot;action&quot;:&quot;https:\\\/\\\/moncompte.actu.fr&quot;,&quot;category&quot;:&quot;mon compte&quot;,&quot;from&quot;:&quot;article footer&quot;,&quot;name&quot;:&quot;Mon actu&quot;,&quot;type&quot;:&quot;cta&quot;}}\" target=\"_blank\">Mon Actu<\/a>.<\/p>\n","protected":false},"excerpt":{"rendered":"Par R\u00e9daction Elbeuf Publi\u00e9 le 6 d\u00e9c. 2025 \u00e0 8h21 \u00ab\u2009Cette fois, nous sommes confiants.\u2009\u00bb Apr\u00e8s avoir bien&hellip;\n","protected":false},"author":2,"featured_media":584259,"comment_status":"","ping_status":"","sticky":false,"template":"","format":"standard","meta":{"footnotes":""},"categories":[9587],"tags":[1111,11,1777,674,1011,27,12,5161,25,9590,104,12846],"class_list":{"0":"post-584258","1":"post","2":"type-post","3":"status-publish","4":"format-standard","5":"has-post-thumbnail","7":"category-rouen","8":"tag-actu","9":"tag-actualites","10":"tag-eu","11":"tag-europe","12":"tag-fr","13":"tag-france","14":"tag-news","15":"tag-normandie","16":"tag-republique-francaise","17":"tag-rouen","18":"tag-societe","19":"tag-telethon"},"share_on_mastodon":{"url":"https:\/\/pubeurope.com\/@fr\/115678481971519745","error":""},"_links":{"self":[{"href":"https:\/\/www.europesays.com\/fr\/wp-json\/wp\/v2\/posts\/584258","targetHints":{"allow":["GET"]}}],"collection":[{"href":"https:\/\/www.europesays.com\/fr\/wp-json\/wp\/v2\/posts"}],"about":[{"href":"https:\/\/www.europesays.com\/fr\/wp-json\/wp\/v2\/types\/post"}],"author":[{"embeddable":true,"href":"https:\/\/www.europesays.com\/fr\/wp-json\/wp\/v2\/users\/2"}],"replies":[{"embeddable":true,"href":"https:\/\/www.europesays.com\/fr\/wp-json\/wp\/v2\/comments?post=584258"}],"version-history":[{"count":0,"href":"https:\/\/www.europesays.com\/fr\/wp-json\/wp\/v2\/posts\/584258\/revisions"}],"wp:featuredmedia":[{"embeddable":true,"href":"https:\/\/www.europesays.com\/fr\/wp-json\/wp\/v2\/media\/584259"}],"wp:attachment":[{"href":"https:\/\/www.europesays.com\/fr\/wp-json\/wp\/v2\/media?parent=584258"}],"wp:term":[{"taxonomy":"category","embeddable":true,"href":"https:\/\/www.europesays.com\/fr\/wp-json\/wp\/v2\/categories?post=584258"},{"taxonomy":"post_tag","embeddable":true,"href":"https:\/\/www.europesays.com\/fr\/wp-json\/wp\/v2\/tags?post=584258"}],"curies":[{"name":"wp","href":"https:\/\/api.w.org\/{rel}","templated":true}]}}