{"id":584264,"date":"2025-12-07T13:22:24","date_gmt":"2025-12-07T13:22:24","guid":{"rendered":"https:\/\/www.europesays.com\/fr\/584264\/"},"modified":"2025-12-07T13:22:24","modified_gmt":"2025-12-07T13:22:24","slug":"une-miss-france-tres-honoree-du-mieux-pour-le-telethon-un-corps-dans-une-voiture-a-rennes-le-point-a-la-mi-journee","status":"publish","type":"post","link":"https:\/\/www.europesays.com\/fr\/584264\/","title":{"rendered":"Une Miss France \u00ab\u00a0tr\u00e8s honor\u00e9e\u00a0\u00bb, du mieux pour le T\u00e9l\u00e9thon, un corps dans une voiture \u00e0 Rennes\u00a0: le point \u00e0 la mi-journ\u00e9e"},"content":{"rendered":"<p><strong>Hinaupoko Dev\u00e8ze, notre nouvelle Miss France<\/strong><\/p>\n<p><img decoding=\"async\" src=\"https:\/\/www.europesays.com\/fr\/wp-content\/uploads\/2025\/12\/69356c75832eebcf630cfc3e.1.jpeg\" width=\"480\" height=\"300\" class=\"web_golden_m\" loading=\"lazy\" alt=\"Hinaupoko Deveze avec Ang\u00e9lique Angarni-Filopon, Miss France 2025, samedi soir \u00e0 Amiens.\"\/>Hinaupoko Deveze avec Ang\u00e9lique Angarni-Filopon, Miss France 2025, samedi soir \u00e0 Amiens. (Photo Sameer Al-Doumy\/AFP)<\/p>\n<p>Hinaupoko Dev\u00e8ze, Miss Tahiti,<a href=\"https:\/\/www.letelegramme.fr\/france\/miss-tahiti-elue-miss-france-2026-6942409.php\" target=\"_blank\" rel=\"noopener\"> a \u00e9t\u00e9 couronn\u00e9e Miss France 2026<\/a> dans la nuit de samedi \u00e0 ce dimanche lors d\u2019une c\u00e9r\u00e9monie organis\u00e9e au Z\u00e9nith d\u2019Amiens. Dipl\u00f4m\u00e9e en psychologie, la jeune femme de 23 ans a \u00e9t\u00e9 choisie parmi les 30 pr\u00e9tendantes par un vote combinant jury et public. Elle a devanc\u00e9 Miss Nouvelle-Cal\u00e9donie, \u00e9lue premi\u00e8re dauphine, et Miss Normandie, deuxi\u00e8me dauphine. \u00ab Je suis tr\u00e8s honor\u00e9e d\u2019avoir \u00e9t\u00e9 choisie pour repr\u00e9senter les Fran\u00e7ais cette ann\u00e9e, c\u2019est un honneur pour moi \u00bb, a d\u00e9clar\u00e9 la nouvelle Miss France.<\/p>\n<p><strong>T\u00e9l\u00e9thon : davantage de promesses de dons qu\u2019en 2024<\/strong><\/p>\n<p>Apr\u00e8s 30 heures de marathon t\u00e9l\u00e9, la 39e \u00e9dition du T\u00e9l\u00e9thon s\u2019est achev\u00e9e, la nuit derni\u00e8re, <a href=\"https:\/\/www.letelegramme.fr\/france\/telethon-835-millions-deuros-de-promesses-de-dons-et-une-marraine-bien-genereuse-6942416.php\" target=\"_blank\" rel=\"noopener\">avec 83,5 millions d\u2019euros de promesses de dons<\/a> au profit de la recherche sur les maladies g\u00e9n\u00e9tiques rares. Celle de 2024 s\u2019\u00e9tait conclue sur pr\u00e8s de 80 millions d\u2019euros de promesses de dons et plus de 96,5 millions au final. \u00c0 noter que la chanteuse Santa, marraine cette ann\u00e9e, a contribu\u00e9 \u00e0 faire grimper la cagnotte en signant un ch\u00e8que d\u2019un montant in\u00e9dit de 99 999 euros.<\/p>\n<p>Le 3637, la ligne du T\u00e9l\u00e9thon, reste ouvert jusqu\u2019au 12 d\u00e9cembre pour continuer \u00e0 alimenter la cagnotte.<\/p>\n<p><strong>La croissance de la France en 2025 atteindra \u00ab au moins \u00bb 0,8 %, selon Roland Lescure<\/strong><\/p>\n<blockquote class=\"twitter-tweet\">\n<p lang=\"fr\" dir=\"ltr\">\\ud83d\\udd34 \u00ab\u00a0On va tr\u00e8s probablement d\u00e9passer la pr\u00e9vision de croissance du gouvernement pour cette ann\u00e9e\u00a0\u00bb, Roland Lescure, ministre de l&rsquo;\u00c9conomie et des Finances qui table sur 0,8% de croissance en 2025 <a href=\"https:\/\/t.co\/ivgxthmfwa\">pic.twitter.com\/ivgxthmfwa<\/a><\/p>\n<p>\u2014 LCI (@LCI) <a href=\"https:\/\/twitter.com\/LCI\/status\/1997597545061585054?ref_src=twsrc%5Etfw\" target=\"_blank\" rel=\"noopener\">December 7, 2025<\/a><\/p><\/blockquote>\n<p><a href=\"https:\/\/www.letelegramme.fr\/economie\/on-a-un-tres-bon-troisieme-trimestre-la-croissance-de-la-france-en-2025-superieure-aux-previsions-du-gouvernement-selon-roland-lescure-6942534.php\" target=\"_blank\" rel=\"noopener\">La croissance de la France atteindra \u00ab au moins \u00bb 0,8 % en 2025<\/a>, contre 0,7 % pr\u00e9vu jusqu\u2019ici par le gouvernement, a annonc\u00e9 Roland Lescure, ce dimanche, sur LCI. \u00ab On avait pr\u00e9vu 0,7 %. Je pense qu\u2019on aura au moins 0,8 %. On a un tr\u00e8s bon troisi\u00e8me trimestre, donc il faudrait vraiment qu\u2019on ait un mauvais quatri\u00e8me, ce \u00e0 quoi je ne crois pas, pour qu\u2019on soit en dessous de 0,8 % \u00bb, a pr\u00e9cis\u00e9 le ministre de l\u2019\u00c9conomie. Selon lui, le rel\u00e8vement de la pr\u00e9vision de croissance du gouvernement est d\u00fb \u00ab essentiellement aux entreprises fran\u00e7aises qui exportent davantage et qui investissent davantage \u00bb.<\/p>\n<p><strong>Une tentative de putsch au B\u00e9nin<\/strong><\/p>\n<p><img decoding=\"async\" src=\"https:\/\/www.europesays.com\/fr\/wp-content\/uploads\/2025\/12\/69356c7574b7ed9cbf054d4e.1.jpeg\" width=\"480\" height=\"300\" class=\"web_golden_m\" loading=\"lazy\" alt=\"Patrice Talon, le, pr\u00e9sident du B\u00e9nin, lors d\u2019une conf\u00e9rence au Nigeria en juin dernier.\"\/>Patrice Talon, le, pr\u00e9sident du B\u00e9nin, lors d\u2019une conf\u00e9rence au Nigeria en juin dernier. (Photo Afolabi Sotunde\/EPA)<\/p>\n<p>Un groupe de militaires se pr\u00e9sentant comme le \u00ab Comit\u00e9 militaire pour la refondation \u00bb a annonc\u00e9 ce dimanche matin, \u00e0 la t\u00e9l\u00e9vision publique du B\u00e9nin, <a href=\"https:\/\/www.letelegramme.fr\/monde\/au-benin-des-militaires-annoncent-a-la-television-avoir-demis-de-ses-fonctions-leur-president-6942428.php\" target=\"_blank\" rel=\"noopener\">avoir d\u00e9cid\u00e9 de destituer Patrice Talon de ses fonctions de pr\u00e9sident de la R\u00e9publique<\/a>. L\u2019entourage du chef de l\u2019\u00c9tat a d\u00e9clar\u00e9 \u00e0 l\u2019AFP que lui et sa famille sont en s\u00e9curit\u00e9. \u00ab Tout est sous contr\u00f4le. Ils n\u2019ont pas r\u00e9ussi \u00e0 prendre le domicile du chef de l\u2019\u00c9tat et la pr\u00e9sidence de la R\u00e9publique. C\u2019est une question de temps pour que tout rentre dans l\u2019ordre. Le nettoyage suit bien son cours \u00bb, a dit \u00e0 l\u2019AFP une source militaire.<\/p>\n<blockquote class=\"twitter-tweet\">\n<p lang=\"fr\" dir=\"ltr\">\\u203c\\ufe0f Message \u00e0 la communaut\u00e9 fran\u00e7aise au B\u00e9nin <a href=\"https:\/\/t.co\/xPplN7T54d\">pic.twitter.com\/xPplN7T54d<\/a><\/p>\n<p>\u2014 La France au B\u00e9nin \\ud83c\\uddeb\\ud83c\\uddf7\\ud83c\\udde7\\ud83c\\uddef\\ud83c\\uddea\\ud83c\\uddfa (@ambafrancebenin) <a href=\"https:\/\/twitter.com\/ambafrancebenin\/status\/1997583540515471729?ref_src=twsrc%5Etfw\" target=\"_blank\" rel=\"noopener\">December 7, 2025<\/a><\/p><\/blockquote>\n<p>L\u2019ambassade de France au B\u00e9nin a rapport\u00e9 sur X que \u00ab des coups de feu \u00bb avaient \u00e9t\u00e9 signal\u00e9s \u00ab \u00e0 proximit\u00e9 du domicile du pr\u00e9sident de la R\u00e9publique \u00bb \u00e0 Cotonou, et appel\u00e9 les Fran\u00e7ais \u00e0 rester \u00e0 leurs domiciles \u00ab par mesure de s\u00e9curit\u00e9 \u00bb.<\/p>\n<p><strong>Le corps d\u2019un homme retrouv\u00e9 dans une voiture \u00e0 Rennes<\/strong><\/p>\n<p>Ce dimanche matin vers 1 h 05, les secours et la police sont intervenus all\u00e9e de Lucerne, \u00e0 Rennes, dans le quartier du Blosne \u00e0 Rennes. \u00c0 leur arriv\u00e9e sur place, i<a href=\"https:\/\/www.letelegramme.fr\/faits-divers\/le-corps-dun-homme-retrouve-dans-une-voiture-a-rennes-6942418.php\" target=\"_blank\" rel=\"noopener\">ls ont d\u00e9couvert le corps d\u2019un homme<\/a> \u00e2g\u00e9 de 25 ans qui se trouvait dans une voiture. Selon les premi\u00e8res constatations, la victime pr\u00e9sentait des plaies par balles. Une enqu\u00eate de police a \u00e9t\u00e9 ouverte sur ces faits afin de d\u00e9terminer les circonstances de la mort de ce trentenaire.<\/p>\n<p><script async src=\"https:\/\/platform.twitter.com\/widgets.js\" charset=\"utf-8\"><\/script><\/p>\n","protected":false},"excerpt":{"rendered":"Hinaupoko Dev\u00e8ze, notre nouvelle Miss France Hinaupoko Deveze avec Ang\u00e9lique Angarni-Filopon, Miss France 2025, samedi soir \u00e0 Amiens.&hellip;\n","protected":false},"author":2,"featured_media":584265,"comment_status":"","ping_status":"","sticky":false,"template":"","format":"standard","meta":{"footnotes":""},"categories":[2821],"tags":[1111,11,829,765,1777,674,1011,27,12,584,25],"class_list":{"0":"post-584264","1":"post","2":"type-post","3":"status-publish","4":"format-standard","5":"has-post-thumbnail","7":"category-rennes","8":"tag-actu","9":"tag-actualites","10":"tag-bretagne","11":"tag-en-continu","12":"tag-eu","13":"tag-europe","14":"tag-fr","15":"tag-france","16":"tag-news","17":"tag-rennes","18":"tag-republique-francaise"},"share_on_mastodon":{"url":"https:\/\/pubeurope.com\/@fr\/115678501837131208","error":""},"_links":{"self":[{"href":"https:\/\/www.europesays.com\/fr\/wp-json\/wp\/v2\/posts\/584264","targetHints":{"allow":["GET"]}}],"collection":[{"href":"https:\/\/www.europesays.com\/fr\/wp-json\/wp\/v2\/posts"}],"about":[{"href":"https:\/\/www.europesays.com\/fr\/wp-json\/wp\/v2\/types\/post"}],"author":[{"embeddable":true,"href":"https:\/\/www.europesays.com\/fr\/wp-json\/wp\/v2\/users\/2"}],"replies":[{"embeddable":true,"href":"https:\/\/www.europesays.com\/fr\/wp-json\/wp\/v2\/comments?post=584264"}],"version-history":[{"count":0,"href":"https:\/\/www.europesays.com\/fr\/wp-json\/wp\/v2\/posts\/584264\/revisions"}],"wp:featuredmedia":[{"embeddable":true,"href":"https:\/\/www.europesays.com\/fr\/wp-json\/wp\/v2\/media\/584265"}],"wp:attachment":[{"href":"https:\/\/www.europesays.com\/fr\/wp-json\/wp\/v2\/media?parent=584264"}],"wp:term":[{"taxonomy":"category","embeddable":true,"href":"https:\/\/www.europesays.com\/fr\/wp-json\/wp\/v2\/categories?post=584264"},{"taxonomy":"post_tag","embeddable":true,"href":"https:\/\/www.europesays.com\/fr\/wp-json\/wp\/v2\/tags?post=584264"}],"curies":[{"name":"wp","href":"https:\/\/api.w.org\/{rel}","templated":true}]}}