{"id":58427,"date":"2025-04-28T04:51:08","date_gmt":"2025-04-28T04:51:08","guid":{"rendered":"https:\/\/www.europesays.com\/fr\/58427\/"},"modified":"2025-04-28T04:51:08","modified_gmt":"2025-04-28T04:51:08","slug":"on-a-ete-des-agneaux-dans-lacte-defensif-la-reaction-deric-roy-apres-la-cinglante-defaite-du-stade-brestois-a-marseille","status":"publish","type":"post","link":"https:\/\/www.europesays.com\/fr\/58427\/","title":{"rendered":"\u00ab\u00a0On a \u00e9t\u00e9 des agneaux dans l\u2019acte d\u00e9fensif\u00a0\u00bb\u00a0: la r\u00e9action d\u2019\u00c9ric Roy apr\u00e8s la cinglante d\u00e9faite du Stade Brestois \u00e0 Marseille"},"content":{"rendered":"<p>Ligue 1. OM &#8211; Brest : 4-1Comment analysez-vous ce match, que vous finissez avec un plus grand nombre d\u2019\u00ab expected goals \u00bb que les Marseillais (1,81 contre 0,91) ?<\/p>\n<p>C\u2019\u00e9tait encore pire \u00e0 la mi-temps : eux \u00e9taient \u00e0 0,29 et nous \u00e0 1,58. Mais <a href=\"https:\/\/www.letelegramme.fr\/sports\/football\/stade-brestois\/le-stade-brestois-en-cale-seche-a-marseille-6807169.php\" target=\"_blank\" rel=\"noopener\">il faut reconna\u00eetre le talent offensif qu\u2019il y avait en face, et notamment celui d\u2019Amine Gouri<\/a>. Son but magnifique ne doit pas peser beaucoup dans les expected goals, mais il faut quand m\u00eame le f\u00e9liciter pour \u00e7a. On trouve que le score est lourd, mais quand tu as des attitudes d\u00e9fensives comme on a pu avoir, c\u2019est normal d\u2019\u00eatre puni. J\u2019ai souvent lou\u00e9 l\u2019\u00e9tat d\u2019esprit de mon \u00e9quipe, la capacit\u00e9 de mes joueurs \u00e0 \u00eatre des chiens sur le terrain, de se sacrifier. Et ce soir, on a plus l\u2019impression d\u2019avoir \u00e9t\u00e9 des agneaux dans l\u2019acte d\u00e9fensif. \u00c0 partir de l\u00e0, tu ne peux pas gagner un match de haut niveau.<\/p>\n<p>Avez-vous \u00e9t\u00e9 surpris par le dispositif tactique mis en place par De Zerbi, avec cette d\u00e9fense \u00e0 quatre et ce milieu \u00e0 trois qu\u2019il avait un peu abandonn\u00e9 ?<\/p>\n<p>Pas vraiment, parce que je demande \u00e0 mes adjoints de regarder l\u2019\u00e9chauffement de l\u2019adversaire avant un match, et on avait vu qu\u2019ils travaillaient \u00e0 quatre derri\u00e8re et trois au milieu. Mais \u00e7a n\u2019a pas chang\u00e9 grand-chose par rapport \u00e0 l\u2019animation d\u00e9fensive qu\u2019on voulait mettre en place et sur la premi\u00e8re p\u00e9riode, ils n\u2019ont pas produit grand-chose mais ont quand m\u00eame r\u00e9ussi \u00e0 marquer trois buts, dont un magnifique et un autre chanceux, avec cette frappe totalement hors-cadre finalement d\u00e9vi\u00e9e dans notre but. Sur la premi\u00e8re p\u00e9riode, je pense sinc\u00e8rement qu\u2019on n\u2019a pas conc\u00e9d\u00e9 grand-chose. Ensuite, c\u2019est vrai que l\u2019\u00e9quipe s\u2019est d\u00e9mobilis\u00e9e.<\/p>\n<p>Quel sera maintenant l\u2019objectif de votre fin de saison ?<\/p>\n<p>Essayer de gagner des matchs, augmenter notre capital points, et jouer l\u2019\u00e9quit\u00e9 \u00e0 fond, parce qu\u2019il y a quand m\u00eame beaucoup d\u2019\u00e9quipes qui se battent pour les places d\u2019honneur. Notre r\u00f4le sera de faire les meilleurs matchs possibles, et de chercher \u00e0 exister, tout simplement. Ce soir, on n\u2019y sera en partie parvenus, mais pas suffisamment. Je suis d\u00e9sol\u00e9 pour toutes les autres \u00e9quipes \u00e0 la lutte avec l\u2019OM pour une place en Champions League, notre volont\u00e9 \u00e9tait de faire un bon r\u00e9sultat ici, mais il faut f\u00e9liciter les Olympiens parce qu\u2019\u00e0 l\u2019arriv\u00e9e, globalement, ils m\u00e9ritent leur victoire.<\/p>\n<p>Un mot sur le match de Gr\u00e9goire Coudert, qui en prend quatre sans que sa responsabilit\u00e9 ne soit clairement \u00e9tablie sur aucun d\u2019entre eux\u2026<\/p>\n<p>Je ne sais pas, c\u2019est difficile \u00e0 dire, \u00e0 chaud. Sur le deuxi\u00e8me, il ne peut pas faire grand-chose\u2026 Sur le premier, le ballon passe entre les jambes de Massadio (Ha\u00efdara), qui ne les avait pourtant pas tr\u00e8s \u00e9cart\u00e9es. Peut-\u00eatre qu\u2019il est un peu masqu\u00e9, peut-\u00eatre qu\u2019il peut faire un peu mieux\u2026 Apr\u00e8s, sur le retourn\u00e9, je ne sais pas\u2026 On l\u2019a vu venir de loin quand m\u00eame\u2026 Et sur le quatri\u00e8me, c\u2019est un face-\u00e0-face\u2026 Bon, ce qui est s\u00fbr, c\u2019est qu\u2019il n\u2019a pas fait beaucoup d\u2019arr\u00eats non plus. Ce n\u2019est pas facile pour lui, mais c\u2019est le m\u00e9tier qui rentre, on va dire\u2026<\/p>\n","protected":false},"excerpt":{"rendered":"Ligue 1. OM &#8211; Brest : 4-1Comment analysez-vous ce match, que vous finissez avec un plus grand nombre&hellip;\n","protected":false},"author":2,"featured_media":58428,"comment_status":"","ping_status":"","sticky":false,"template":"","format":"standard","meta":{"footnotes":""},"categories":[2814],"tags":[1111,11,3450,1777,674,63,1011,27,66,884,12,882,25,60,4449],"class_list":{"0":"post-58427","1":"post","2":"type-post","3":"status-publish","4":"format-standard","5":"has-post-thumbnail","7":"category-marseille","8":"tag-actu","9":"tag-actualites","10":"tag-brest","11":"tag-eu","12":"tag-europe","13":"tag-football","14":"tag-fr","15":"tag-france","16":"tag-ligue-1","17":"tag-marseille","18":"tag-news","19":"tag-provence-alpes-cote-dazur","20":"tag-republique-francaise","21":"tag-sports","22":"tag-stade-brestois"},"share_on_mastodon":{"url":"https:\/\/pubeurope.com\/@fr\/114413796259543996","error":""},"_links":{"self":[{"href":"https:\/\/www.europesays.com\/fr\/wp-json\/wp\/v2\/posts\/58427","targetHints":{"allow":["GET"]}}],"collection":[{"href":"https:\/\/www.europesays.com\/fr\/wp-json\/wp\/v2\/posts"}],"about":[{"href":"https:\/\/www.europesays.com\/fr\/wp-json\/wp\/v2\/types\/post"}],"author":[{"embeddable":true,"href":"https:\/\/www.europesays.com\/fr\/wp-json\/wp\/v2\/users\/2"}],"replies":[{"embeddable":true,"href":"https:\/\/www.europesays.com\/fr\/wp-json\/wp\/v2\/comments?post=58427"}],"version-history":[{"count":0,"href":"https:\/\/www.europesays.com\/fr\/wp-json\/wp\/v2\/posts\/58427\/revisions"}],"wp:featuredmedia":[{"embeddable":true,"href":"https:\/\/www.europesays.com\/fr\/wp-json\/wp\/v2\/media\/58428"}],"wp:attachment":[{"href":"https:\/\/www.europesays.com\/fr\/wp-json\/wp\/v2\/media?parent=58427"}],"wp:term":[{"taxonomy":"category","embeddable":true,"href":"https:\/\/www.europesays.com\/fr\/wp-json\/wp\/v2\/categories?post=58427"},{"taxonomy":"post_tag","embeddable":true,"href":"https:\/\/www.europesays.com\/fr\/wp-json\/wp\/v2\/tags?post=58427"}],"curies":[{"name":"wp","href":"https:\/\/api.w.org\/{rel}","templated":true}]}}