{"id":584270,"date":"2025-12-07T13:26:11","date_gmt":"2025-12-07T13:26:11","guid":{"rendered":"https:\/\/www.europesays.com\/fr\/584270\/"},"modified":"2025-12-07T13:26:11","modified_gmt":"2025-12-07T13:26:11","slug":"strasbourg-rosenior-je-prends-mes-responsabilites-mais-sports","status":"publish","type":"post","link":"https:\/\/www.europesays.com\/fr\/584270\/","title":{"rendered":"Strasbourg &#8211; Rosenior\u00a0: \u00ab\u00a0Je prends mes responsabilit\u00e9s, mais&#8230;\u00a0\u00bb : Sports"},"content":{"rendered":"<p class=\"date\">\n                                                            Jean Canesse, Media365, publi\u00e9 le dimanche 07 d\u00e9cembre 2025 \u00e0 13h05\n                                                    <\/p>\n<p>Liam Rosenior a exprim\u00e9 sa frustration apr\u00e8s la nouvelle d\u00e9faite de Strasbourg encaiss\u00e9e en Ligue 1, samedi soir \u00e0 Toulouse (1-0).<\/p>\n<p>Le RCS a-t-il rat\u00e9 le train pour la Ligue des champions la saison prochaine\u00a0? La question peut sembler pr\u00e9matur\u00e9e, alors qu&rsquo;il reste 19 journ\u00e9es, mais le club d\u00e9tenu par le consortium \u00e9tasunien BlueCo affiche \u00e0 cette heure sept points de retard sur Lille, le quatri\u00e8me. Une distance qui s&rsquo;est cr\u00e9\u00e9e ces derni\u00e8res semaines \u00e0 cause d&rsquo;une s\u00e9rie de trois d\u00e9faites de suite pour les Alsaciens (quatre en cinq journ\u00e9es), \u00e0 Lens (1-0), contre Brest (1-2) et donc \u00e0 Toulouse (1-0) ce samedi.<\/p>\n<p>Pr\u00e9sent en conf\u00e9rence de presse apr\u00e8s la rencontre, Liam Rosenior s&rsquo;est estim\u00e9 un peu coupable (\u00ab\u00a0Je prends mes responsabilit\u00e9s, le premier responsable, c&rsquo;est moi\u00a0\u00bb), mais il a rapidement embray\u00e9 sur les d\u00e9faillances de ses joueurs. \u00ab\u00a0Ils doivent aussi prendre leurs responsabilit\u00e9s et notamment prendre les d\u00e9cisions qui s&rsquo;imposent dans les moments cl\u00e9s du match\u00a0\u00bb, a reproch\u00e9 le jeune entra\u00eeneur strasbourgeois (41 ans).<\/p>\n<p>\u00ab\u00a0On n&rsquo;a pas cadr\u00e9 une frappe, c&rsquo;est fou\u00a0\u00bb<\/p>\n<p>Alors que Strasbourg a monopolis\u00e9 le ballon toute la rencontre (72% sur la totalit\u00e9 du match), son utilisation fut plut\u00f4t tr\u00e8s mauvaise, du propre aveu de Rosenior.\u00a0\u00ab\u00a0On n&rsquo;a pas cadr\u00e9 une frappe (aucune sur les trois tent\u00e9es, ndlr). C&rsquo;est fou. Je ne me rappelle pas d&rsquo;un match comme \u00e7a, a-t-il pest\u00e9. On a eu le contr\u00f4le du ballon, mais \u00e0 chaque fois qu&rsquo;on est arriv\u00e9s dans les trente derniers m\u00e8tres, on a pris de mauvaises d\u00e9cisions.\u00a0\u00bb C&rsquo;est aussi sur une erreur individuelle de Ben Chilwell que le TFC est all\u00e9 inscrire l&rsquo;unique but du match (18\u00e8me), l&rsquo;entra\u00eeneur anglais ne manquant pas de revenir dessus\u00a0: \u00ab C&rsquo;est toujours la m\u00eame histoire, on offre un but. Sur leur premi\u00e8re occasion, on leur offre un but. \u00bb<\/p>\n<p>Frustr\u00e9 samedi soir, Liam Rosenior l&rsquo;\u00e9tait aussi, ou encore, \u00e0 cause de points perdus il y a d\u00e9j\u00e0 plusieurs semaines &#8211; il a \u00e9voqu\u00e9 le nul \u00e0 Paris (3-3) et les d\u00e9faites contre Monaco (3-2) et Marseille (1-2) -, mais pas au point de broyer du noir. Malgr\u00e9 la mauvaise dynamique, le technicien du RCS estime que son \u00e9quipe est sur la bonne voie : \u00ab Ce n&rsquo;est pas le moment de paniquer. Notre probl\u00e8me n&rsquo;est pas notre mani\u00e8re de jouer. On perd des matches parce qu&rsquo;on fait des erreurs et il faut qu&rsquo;on \u00e9radique ces erreurs en \u00e9tant plus concentr\u00e9s. \u00bb Il reste un dernier match aux Strasbourgeois, avant la tr\u00eave hivernale, pour tenter de r\u00e9soudre ces probl\u00e8mes et rester au contact des \u00e9quipes de t\u00eate : ce sera dimanche prochain contre Lorient, \u00e0 la Meinau.<\/p>\n","protected":false},"excerpt":{"rendered":"Jean Canesse, Media365, publi\u00e9 le dimanche 07 d\u00e9cembre 2025 \u00e0 13h05 Liam Rosenior a exprim\u00e9 sa frustration apr\u00e8s&hellip;\n","protected":false},"author":2,"featured_media":584271,"comment_status":"","ping_status":"","sticky":false,"template":"","format":"standard","meta":{"footnotes":""},"categories":[2820],"tags":[1111,11,1777,674,1011,27,775,12,25,640],"class_list":{"0":"post-584270","1":"post","2":"type-post","3":"status-publish","4":"format-standard","5":"has-post-thumbnail","7":"category-strasbourg","8":"tag-actu","9":"tag-actualites","10":"tag-eu","11":"tag-europe","12":"tag-fr","13":"tag-france","14":"tag-grand-est","15":"tag-news","16":"tag-republique-francaise","17":"tag-strasbourg"},"share_on_mastodon":{"url":"https:\/\/pubeurope.com\/@fr\/115678516785048891","error":""},"_links":{"self":[{"href":"https:\/\/www.europesays.com\/fr\/wp-json\/wp\/v2\/posts\/584270","targetHints":{"allow":["GET"]}}],"collection":[{"href":"https:\/\/www.europesays.com\/fr\/wp-json\/wp\/v2\/posts"}],"about":[{"href":"https:\/\/www.europesays.com\/fr\/wp-json\/wp\/v2\/types\/post"}],"author":[{"embeddable":true,"href":"https:\/\/www.europesays.com\/fr\/wp-json\/wp\/v2\/users\/2"}],"replies":[{"embeddable":true,"href":"https:\/\/www.europesays.com\/fr\/wp-json\/wp\/v2\/comments?post=584270"}],"version-history":[{"count":0,"href":"https:\/\/www.europesays.com\/fr\/wp-json\/wp\/v2\/posts\/584270\/revisions"}],"wp:featuredmedia":[{"embeddable":true,"href":"https:\/\/www.europesays.com\/fr\/wp-json\/wp\/v2\/media\/584271"}],"wp:attachment":[{"href":"https:\/\/www.europesays.com\/fr\/wp-json\/wp\/v2\/media?parent=584270"}],"wp:term":[{"taxonomy":"category","embeddable":true,"href":"https:\/\/www.europesays.com\/fr\/wp-json\/wp\/v2\/categories?post=584270"},{"taxonomy":"post_tag","embeddable":true,"href":"https:\/\/www.europesays.com\/fr\/wp-json\/wp\/v2\/tags?post=584270"}],"curies":[{"name":"wp","href":"https:\/\/api.w.org\/{rel}","templated":true}]}}