{"id":584276,"date":"2025-12-07T13:30:49","date_gmt":"2025-12-07T13:30:49","guid":{"rendered":"https:\/\/www.europesays.com\/fr\/584276\/"},"modified":"2025-12-07T13:30:49","modified_gmt":"2025-12-07T13:30:49","slug":"pres-de-nantes-cette-ecole-vient-daccueillir-ses-premiers-eleves-ce-quils-en-pensent","status":"publish","type":"post","link":"https:\/\/www.europesays.com\/fr\/584276\/","title":{"rendered":"Pr\u00e8s de Nantes, cette \u00e9cole vient d\u2019accueillir ses premiers \u00e9l\u00e8ves : ce qu\u2019ils en pensent"},"content":{"rendered":"<p>                    Par<br \/>\n        <strong><br \/>\n            <a href=\"https:\/\/actu.fr\/auteur\/journaliste-sm\" title=\"Consulter tous les articles de R\u00e9daction Clisson\" target=\"_blank\" rel=\"noopener\">R\u00e9daction Clisson<\/a><br \/>\n                    <\/strong><\/p>\n<p>        Publi\u00e9 le<\/p>\n<p>            5 d\u00e9c. 2025 \u00e0 22h30        <\/p>\n<p>Les commentaires \u00e9taient unanimes et plein d\u2019\u00e9loges lors de l\u2019inauguration de <a href=\"https:\/\/actu.fr\/pays-de-la-loire\/vertou_44215\/pres-de-nantes-cette-ecole-construite-autour-dun-arbre-vient-douvrir-et-se-visite_63407677.html\" target=\"_blank\" rel=\"noopener\">l\u2019\u00e9cole Simone Veil<\/a>, \u00e0 <a href=\"https:\/\/actu.fr\/pays-de-la-loire\/vertou_44215\" target=\"_blank\" rel=\"noopener\"><b>Vertou\u2009<\/b><\/a>:<\/p>\n<blockquote class=\"ac-article-quote wall-content\">\n<p>C\u2019est top\u2009! L\u2019\u00e9cole est magnifique.<\/p>\n<\/blockquote>\n<p class=\" wall-content\">Les yeux \u00e9taient tourn\u00e9s vers le ch\u00eane, sauvegard\u00e9 du chantier.<\/p>\n<blockquote class=\"ac-article-quote wall-content\">\n<p>Cet arbre au milieu de la cour, c\u2019est exceptionnel. \u00e7a donne presque envie de refaire des enfants ou de retourner \u00e0 l\u2019\u00e9cole.<\/p>\n<\/blockquote>\n<p class=\" wall-content\">Il faut dire que la <b>construction d\u2019une \u00e9cole publique dans une collectivit\u00e9 reste rar<\/b>e. La derni\u00e8re \u00e9cole vertavienne ouverte, datait d\u2019il y a 52\u00a0ans.<\/p>\n<p>Vid\u00e9os : en ce moment sur Actu<\/p>\n<blockquote class=\"ac-article-quote wall-content\">\n<p>Le groupe scolaire Simone Veil, c\u2019est l\u2019aboutissement d\u2019un projet d\u2019envergure port\u00e9 par la ville, en collaboration avec les acteurs de l\u2019enseignement.<\/p>\n<p>Patrice Garnier, adjoint aux affaires scolaires<\/p><\/blockquote>\n<p>    <img   decoding=\"async\" loading=\"lazy\" class=\"size-large\" src=\"https:\/\/www.europesays.com\/fr\/wp-content\/uploads\/2025\/12\/6fdbd3338019663ebd333801947ebdv-960x640.jpg\" alt=\"La fa\u00e7ade de l'\u00e9cole Simone Veil, apr\u00e8s avoir enlever le rideau qui cachait le nom\" width=\"960\" height=\"640\"\/><br \/>\n    La fa\u00e7ade de l\u2019\u00e9cole Simone Veil, apr\u00e8s avoir enlev\u00e9 le rideau qui cachait le nom. \u00a9Hebdo de S\u00e8vre et Maine<\/p>\n<p>Votre r\u00e9gion, votre actu !<\/p>\n<p>Recevez chaque jour les infos qui comptent pour vous.<\/p>\n<p>\t<a href=\"https:\/\/actu.fr\/newsletter\" class=\"ac-btn ac-btn--corner ac-btn--medium ac-btn--blue800\" target=\"_blank\" rel=\"noopener\">S&rsquo;incrire<\/a><\/p>\n<p class=\" wall-content\">Pour rappel,<b> le choix du nom a \u00e9t\u00e9 l\u2019objet d\u2019une consultation citoyenne<\/b>.<\/p>\n<blockquote class=\"ac-article-quote wall-content\">\n<p>Simone Veil, qui repr\u00e9sente des valeurs de justice, de courage et d\u2019humanit\u00e9, a trouv\u00e9 un \u00e9cho fort aupr\u00e8s des habitants Vertaviens.<\/p>\n<\/blockquote>\n<p class=\" wall-content\">Ces derniers ont rappel\u00e9 que<b> celle qui a port\u00e9 la loi sur l\u2019avortement, \u00e9tait venue ici en 1977 pour inaugurer l\u2019institut des Hauts-Th\u00e9baudi\u00e8res<\/b> ainsi que l\u2019extension de l\u2019h\u00f4pital de Vertou. Un texte de son fils, Jean Veil a d\u2019ailleurs \u00e9t\u00e9 lu par 4\u00a0enfants (Alice, Noah, Capucine et Alicia) devant l\u2019assembl\u00e9e du jour.<\/p>\n<p>Du bois et de la v\u00e9g\u00e9tation<\/p>\n<p class=\" wall-content\"><b>Les enfants du groupe scolaire Simone Veil ont aussi consign\u00e9 des v\u0153ux<\/b>, qu\u2019ils ont gliss\u00e9 d\u00e8s la rentr\u00e9e sur la guirlande accroch\u00e9e \u00e0 ce ch\u00eane majestueux qui tr\u00f4ne au milieu de la cour. Ils ont \u00e9t\u00e9 conserv\u00e9s pour les g\u00e9n\u00e9rations futures.<\/p>\n<blockquote class=\"ac-article-quote wall-content\">\n<p>Le projet accorde une place centrale \u00e0 la pr\u00e9servation de la nature.<\/p>\n<p>Thomas Delplace, adjoint aux travaux.<\/p><\/blockquote>\n<p class=\" wall-content\">Le b\u00e2timent a \u00e9t\u00e9 pens\u00e9 dans une l<b>ogique de sobri\u00e9t\u00e9 \u00e9nerg\u00e9tique <\/b>avec notamment <b>une chaufferie \u00e0 bois d\u00e9chiquet\u00e9 <\/b>et une conception bioclimatique. Un<b> investissement de 17\u00a0millions d\u2019euros<\/b> a \u00e9t\u00e9 n\u00e9cessaire pour r\u00e9aliser cette \u00e9cole.<\/p>\n<p class=\" wall-content\">Par ailleurs, <b>1\u2009400 m\u00b2 de bardage bois<\/b>, <b>49 arbres plant\u00e9s<\/b>, des cours inclusives et v\u00e9g\u00e9talis\u00e9es, con\u00e7u en oasis de fra\u00eecheur, pour permettre la perm\u00e9abilit\u00e9, fait se d\u00e9marquer cet \u00e9tablissement d\u2019autres, plus b\u00e9tonn\u00e9s. Il a \u00e9galement \u00e9t\u00e9 fait le choix logique d\u2019une pelouse dite \u00ab\u2009r\u00e9sistante aux pi\u00e9tinements des enfants\u2009\u00bb.<\/p>\n<p class=\" wall-content\">Le b\u00e2timent int\u00e8gre \u00e9galement dans ses fa\u00e7ades de <b>nombreux abris pour la faune locale<\/b>\u2009: nichoirs \u00e0 martinets, rougequeues, hirondelles et \u00e9galement quelques g\u00eetes pour chauves-souris. Un h\u00e9ron est m\u00eame venu y trouver refuge pendant le chantier.<\/p>\n<p>\u00ab\u2009Un gros effort acoustique\u2009\u00bb<\/p>\n<p class=\" wall-content\">Mathieu, p\u00e8re de Noah, qui a fait partie des \u00e9l\u00e8ves qui ont lu le texte du fils de Simone Veil, est <b>particuli\u00e8rement impressionn\u00e9 par le niveau d\u2019insonorisation du b\u00e2timent<\/b>.<\/p>\n<blockquote class=\"ac-article-quote wall-content\">\n<p>Dans l\u2019\u00e9cole, nous n\u2019entendons absolument pas les bruits de la route. Le mobilier a \u00e9t\u00e9 pens\u00e9 pour limiter l\u2019impact acoustique. Les chaises, en plus d\u2019\u00eatre particuli\u00e8rement l\u00e9g\u00e8re, ne font aucun bruit lorsqu\u2019on les d\u00e9place. Et les plafonds sont \u00e9galement anti-bruits. Je suis bluff\u00e9 de l\u2019attention qui a \u00e9t\u00e9 port\u00e9e aux d\u00e9tails.<\/p>\n<p>Mathieu, un parent d\u2019\u00e9l\u00e8ves<\/p><\/blockquote>\n<p>    <img   decoding=\"async\" loading=\"lazy\" class=\"size-large\" src=\"https:\/\/www.europesays.com\/fr\/wp-content\/uploads\/2025\/12\/7b4eae23801968f4eae238019535eav-960x640.jpg\" alt=\"L'une des salles de restauration qui peut accueillir 120 \u00e9l\u00e8ves\" width=\"960\" height=\"640\"\/><br \/>\n    L\u2019une des salles de restauration qui peut accueillir 120\u00a0\u00e9l\u00e8ves. \u00a9Hebdo de S\u00e8vre et Maine<\/p>\n<p class=\" wall-content\">Quant \u00e0 Noah et Alice, ce qu\u2019ils pr\u00e9f\u00e8rent dans leur nouvelle \u00e9cole\u2009: \u00ab\u2009tout\u2009\u00bb.<\/p>\n<blockquote class=\"ac-article-quote wall-content\">\n<p>On attend quand m\u00eame le nouveau toboggan. Le premier mod\u00e8le ayant \u00e9t\u00e9 vol\u00e9 sur le chantier, un exemplaire doit \u00eatre install\u00e9 d\u2019ici la fin de l\u2019ann\u00e9e.<\/p>\n<p>Les deux enfants<\/p><\/blockquote>\n<p class=\" wall-content\">L\u2019ensemble des personnes interrog\u00e9es ce jour-l\u00e0, y compris des groupes minoritaires au conseil municipal, trouve une satisfaction avec ce nouvel \u00e9quipement.<\/p>\n<p class=\" wall-content\">M\u00eame si le risque d\u2019embouteillage, sur<a href=\"https:\/\/www.google.com\/maps\/place\/Bd+Luc+Dejoie,+44120+Vertou\/@47.1690129,-1.46051,642m\/data=!3m2!1e3!4b1!4m6!3m5!1s0x4805e62e0aae0bf1:0xc735cda8e61e5635!8m2!3d47.1690093!4d-1.4579351!16s%2Fg%2F11bc902fh5?entry=ttu&amp;g_ep=EgoyMDI1MTIwMi4wIKXMDSoASAFQAw%3D%3D\" target=\"_blank\" rel=\"noopener\"> le boulevard Luc-D\u00e9joie<\/a>, a \u00e9t\u00e9 point\u00e9 du doigt, \u00ab\u2009l<b>es premiers jours ont \u00e9t\u00e9 plut\u00f4t rassurants\u2009<\/b>\u00bb, indique la mairie.<\/p>\n<blockquote class=\"ac-article-quote wall-content\">\n<p>On a justement favoris\u00e9 des pistes cyclables s\u00e9curis\u00e9es depuis le boulevard Luc-Dejoie, et, prochainement, depuis la route de la gare, pour limiter cette circulation en voiture.<\/p>\n<p>Thomas Delplace<\/p><\/blockquote>\n<p class=\" wall-content\">La<b> fin du chantier des 47 entreprises pendant les vacances de la Toussaint, <\/b>a laiss\u00e9 depuis le 3\u00a0novembre, la place aux \u00e9quipes enseignantes des deux \u00e9coles (maternelles et primaires).<\/p>\n<p class=\" wall-content\">Personnalisez votre actualit\u00e9 en ajoutant vos villes et m\u00e9dias en favori avec <a href=\"https:\/\/moncompte.actu.fr\" title=\"D\u00e9couvez Mon Actu\" rel=\"nofollow noopener\" data-trk=\"{&quot;cta&quot;:{&quot;action&quot;:&quot;https:\\\/\\\/moncompte.actu.fr&quot;,&quot;category&quot;:&quot;mon compte&quot;,&quot;from&quot;:&quot;article footer&quot;,&quot;name&quot;:&quot;Mon actu&quot;,&quot;type&quot;:&quot;cta&quot;}}\" target=\"_blank\">Mon Actu<\/a>.<\/p>\n","protected":false},"excerpt":{"rendered":"Par R\u00e9daction Clisson Publi\u00e9 le 5 d\u00e9c. 2025 \u00e0 22h30 Les commentaires \u00e9taient unanimes et plein d\u2019\u00e9loges lors&hellip;\n","protected":false},"author":2,"featured_media":584277,"comment_status":"","ping_status":"","sticky":false,"template":"","format":"standard","meta":{"footnotes":""},"categories":[2818],"tags":[1111,11,4019,1057,1777,674,1011,27,766,12,2636,25,104,2900],"class_list":{"0":"post-584276","1":"post","2":"type-post","3":"status-publish","4":"format-standard","5":"has-post-thumbnail","7":"category-nantes","8":"tag-actu","9":"tag-actualites","10":"tag-ecoles","11":"tag-education","12":"tag-eu","13":"tag-europe","14":"tag-fr","15":"tag-france","16":"tag-nantes","17":"tag-news","18":"tag-pays-de-la-loire","19":"tag-republique-francaise","20":"tag-societe","21":"tag-vignoble-nantais"},"share_on_mastodon":{"url":"https:\/\/pubeurope.com\/@fr\/115678537129522400","error":""},"_links":{"self":[{"href":"https:\/\/www.europesays.com\/fr\/wp-json\/wp\/v2\/posts\/584276","targetHints":{"allow":["GET"]}}],"collection":[{"href":"https:\/\/www.europesays.com\/fr\/wp-json\/wp\/v2\/posts"}],"about":[{"href":"https:\/\/www.europesays.com\/fr\/wp-json\/wp\/v2\/types\/post"}],"author":[{"embeddable":true,"href":"https:\/\/www.europesays.com\/fr\/wp-json\/wp\/v2\/users\/2"}],"replies":[{"embeddable":true,"href":"https:\/\/www.europesays.com\/fr\/wp-json\/wp\/v2\/comments?post=584276"}],"version-history":[{"count":0,"href":"https:\/\/www.europesays.com\/fr\/wp-json\/wp\/v2\/posts\/584276\/revisions"}],"wp:featuredmedia":[{"embeddable":true,"href":"https:\/\/www.europesays.com\/fr\/wp-json\/wp\/v2\/media\/584277"}],"wp:attachment":[{"href":"https:\/\/www.europesays.com\/fr\/wp-json\/wp\/v2\/media?parent=584276"}],"wp:term":[{"taxonomy":"category","embeddable":true,"href":"https:\/\/www.europesays.com\/fr\/wp-json\/wp\/v2\/categories?post=584276"},{"taxonomy":"post_tag","embeddable":true,"href":"https:\/\/www.europesays.com\/fr\/wp-json\/wp\/v2\/tags?post=584276"}],"curies":[{"name":"wp","href":"https:\/\/api.w.org\/{rel}","templated":true}]}}