{"id":584278,"date":"2025-12-07T13:32:21","date_gmt":"2025-12-07T13:32:21","guid":{"rendered":"https:\/\/www.europesays.com\/fr\/584278\/"},"modified":"2025-12-07T13:32:21","modified_gmt":"2025-12-07T13:32:21","slug":"un-general-vient-faire-la-promo-du-service-militaire-volontaire","status":"publish","type":"post","link":"https:\/\/www.europesays.com\/fr\/584278\/","title":{"rendered":"un g\u00e9n\u00e9ral vient faire la promo du \u00abService militaire volontaire\u00bb"},"content":{"rendered":"<p class=\"has-text-align-center\"><strong>Lundi 8 d\u00e9cembre 17h30, \u00e0 la facult\u00e9 de droit de Nantes\u00a0: tenue d\u2019une conf\u00e9rence par le g\u00e9n\u00e9ral Vincent Alexandre, en charge du service militaire volontaire<\/strong><\/p>\n<p><img loading=\"lazy\" decoding=\"async\" width=\"1000\" height=\"1000\" data-attachment-id=\"97804\" data-permalink=\"https:\/\/contre-attaque.net\/2025\/12\/07\/propagande-de-guerre-a-la-fac-de-nantes-un-general-vient-faire-la-promo-du-service-militaire-volontaire\/signal-2025-12-07-115536\/\" data-orig-file=\"https:\/\/www.europesays.com\/fr\/wp-content\/uploads\/2025\/12\/signal-2025-12-07-115536.jpeg\" data-orig-size=\"1000,1000\" data-comments-opened=\"0\" data-image-meta=\"{&quot;aperture&quot;:&quot;0&quot;,&quot;credit&quot;:&quot;&quot;,&quot;camera&quot;:&quot;&quot;,&quot;caption&quot;:&quot;&quot;,&quot;created_timestamp&quot;:&quot;0&quot;,&quot;copyright&quot;:&quot;&quot;,&quot;focal_length&quot;:&quot;0&quot;,&quot;iso&quot;:&quot;0&quot;,&quot;shutter_speed&quot;:&quot;0&quot;,&quot;title&quot;:&quot;&quot;,&quot;orientation&quot;:&quot;0&quot;}\" data-image-title=\"signal-2025-12-07-115536\" data-image-description=\"\" data-image-caption=\"\" data-medium-file=\"https:\/\/contre-attaque.net\/wp-content\/uploads\/2025\/12\/signal-2025-12-07-115536-300x300.jpeg\" data-large-file=\"https:\/\/www.europesays.com\/fr\/wp-content\/uploads\/2025\/12\/signal-2025-12-07-115536.jpeg\" src=\"https:\/\/www.europesays.com\/fr\/wp-content\/uploads\/2025\/12\/signal-2025-12-07-115536.jpeg\" alt=\"Le g\u00e9n\u00e9ral Vincent Alexandre, en charge du service militaire volontaire, viendra \u00e0 l'Universit\u00e9 de Nantes le 8 d\u00e9cembre.\" class=\"wp-image-97804\"  \/><\/p>\n<p>Lundi 8 d\u00e9cembre, \u00e0 17h30, une conf\u00e9rence intitul\u00e9e \u00abLes enjeux g\u00e9opolitiques et s\u00e9curitaires : La France face \u00e0 quels d\u00e9fis ?\u00bb aura lieu \u00e0 la facult\u00e9 de droit de Nantes, en amphi D. Elle est coorganis\u00e9e avec la d\u00e9l\u00e9gation militaire d\u00e9partementale (DMD) et la section r\u00e9gionale de l\u2019Institut des hautes \u00e9tudes de d\u00e9fense nationale (IHEDN), et a pour intervenant principal le g\u00e9n\u00e9ral Vincent Alexandre, en charge du service militaire volontaire, ainsi que le lieutenant-colonel Pascal Le Pautremat.<\/p>\n<p>Cette conf\u00e9rence n\u2019est qu\u2019une propagande militariste pour embrigader la jeunesse, \u00e0 qui l\u2019on vend la guerre comme seul horizon. L\u2019objectif de ce service militaire volontaire est d\u2019embaucher 50.000 r\u00e9servistes suppl\u00e9mentaires, en les app\u00e2tant avec la promesse d\u2019une r\u00e9tribution de 800\u20ac par mois, alors m\u00eame que le ch\u00f4mage des jeunes, surtout dans les quartiers populaires, explose. Cela va co\u00fbter 2 milliards d\u2019euros d\u2019argent public : de l\u2019argent, il y en a toujours pour l\u2019arm\u00e9e et la police.<\/p>\n<p>Le n\u00e9olib\u00e9ralisme est en pleine reconfiguration\u00a0: il d\u00e9truit ce qu\u2019il reste de l\u2019\u00c9tat social pour redistribuer l\u2019argent pr\u00e9lev\u00e9 \u00e0 la Sant\u00e9, l\u2019\u00c9ducation ou aux minimas sociaux et pour l\u2019injecter directement dans la machine militaire et r\u00e9pressive. Il n\u2019y a pas de \u00abr\u00e9duction\u00bb des d\u00e9penses, comme le pr\u00e9tendent les \u00e9conomistes aux ordres, mais des choix budg\u00e9taires.<\/p>\n<p>L\u2019objectif de ce nouveau \u00abservice militaire volontaire\u00bb\u00a0est de r\u00e9habituer la jeunesse \u00e0 entrer massivement dans les rangs de l\u2019arm\u00e9e, \u00e0 endosser le treillis, \u00e0 tenir des armes de guerre sous les ordres d\u2019officiers. C\u2019est une op\u00e9ration d\u2019endoctrinement de masse des nouvelles g\u00e9n\u00e9rations, qui s\u2019accompagne d\u2019une propagande accrue dans les \u00e9coles ou sur les r\u00e9seaux sociaux. Il s\u2019agit d\u2019une premi\u00e8re \u00e9tape avant, \u00e0 terme, de r\u00e9tablir le services militaire g\u00e9n\u00e9ral.<\/p>\n<p>Les syndicats \u00e9tudiants Union Pirate et Solidaires \u00c9tudiant\u00b7e\u00b7s ont publi\u00e9 un communiqu\u00e9 d\u00e9non\u00e7ant cette conf\u00e9rence, rappelant que \u00abla jeunesse n\u2019est ni de la chair \u00e0 canon, ni de la chair \u00e0 patron\u00bb.<\/p>\n<p>Cette conf\u00e9rence ne doit pas se tenir. \u00c0 Grenoble au mois d\u2019octobre dernier, MBDA, entreprise complice de l\u2019armement sioniste, a \u00e9t\u00e9 chass\u00e9e du forum des entreprises de l\u2019\u00e9cole d\u2019ing\u00e9nieurs INP suite \u00e0 l\u2019envahissement du b\u00e2timent par les \u00e9tudiants et \u00e9tudiantes, et a \u00e9t\u00e9 pr\u00e9venue : elle ne doit plus y remettre les pieds. Le 4 d\u00e9cembre, toujours \u00e0 Grenoble, un atelier de propagande du CIRFA (le Centre d\u2019information et de recrutement des forces arm\u00e9es) a \u00e9t\u00e9 annul\u00e9, suite au blocage du lyc\u00e9e les Eaux Claires par les lyc\u00e9ens internationalistes.<\/p>\n<p><strong>Les marchands de mort n\u2019ont pas leur place dans nos \u00e9coles et universit\u00e9s.<\/strong><\/p>\n","protected":false},"excerpt":{"rendered":"Lundi 8 d\u00e9cembre 17h30, \u00e0 la facult\u00e9 de droit de Nantes\u00a0: tenue d\u2019une conf\u00e9rence par le g\u00e9n\u00e9ral Vincent&hellip;\n","protected":false},"author":2,"featured_media":584279,"comment_status":"","ping_status":"","sticky":false,"template":"","format":"standard","meta":{"footnotes":""},"categories":[2818],"tags":[1111,11,1813,1777,674,1011,27,16234,766,12,2636,10512,25,29810,5768],"class_list":{"0":"post-584278","1":"post","2":"type-post","3":"status-publish","4":"format-standard","5":"has-post-thumbnail","7":"category-nantes","8":"tag-actu","9":"tag-actualites","10":"tag-armee","11":"tag-eu","12":"tag-europe","13":"tag-fr","14":"tag-france","15":"tag-militarisme","16":"tag-nantes","17":"tag-news","18":"tag-pays-de-la-loire","19":"tag-propagande","20":"tag-republique-francaise","21":"tag-service-militaire","22":"tag-universite"},"share_on_mastodon":{"url":"https:\/\/pubeurope.com\/@fr\/115678540530400629","error":""},"_links":{"self":[{"href":"https:\/\/www.europesays.com\/fr\/wp-json\/wp\/v2\/posts\/584278","targetHints":{"allow":["GET"]}}],"collection":[{"href":"https:\/\/www.europesays.com\/fr\/wp-json\/wp\/v2\/posts"}],"about":[{"href":"https:\/\/www.europesays.com\/fr\/wp-json\/wp\/v2\/types\/post"}],"author":[{"embeddable":true,"href":"https:\/\/www.europesays.com\/fr\/wp-json\/wp\/v2\/users\/2"}],"replies":[{"embeddable":true,"href":"https:\/\/www.europesays.com\/fr\/wp-json\/wp\/v2\/comments?post=584278"}],"version-history":[{"count":0,"href":"https:\/\/www.europesays.com\/fr\/wp-json\/wp\/v2\/posts\/584278\/revisions"}],"wp:featuredmedia":[{"embeddable":true,"href":"https:\/\/www.europesays.com\/fr\/wp-json\/wp\/v2\/media\/584279"}],"wp:attachment":[{"href":"https:\/\/www.europesays.com\/fr\/wp-json\/wp\/v2\/media?parent=584278"}],"wp:term":[{"taxonomy":"category","embeddable":true,"href":"https:\/\/www.europesays.com\/fr\/wp-json\/wp\/v2\/categories?post=584278"},{"taxonomy":"post_tag","embeddable":true,"href":"https:\/\/www.europesays.com\/fr\/wp-json\/wp\/v2\/tags?post=584278"}],"curies":[{"name":"wp","href":"https:\/\/api.w.org\/{rel}","templated":true}]}}