{"id":584284,"date":"2025-12-07T13:35:12","date_gmt":"2025-12-07T13:35:12","guid":{"rendered":"https:\/\/www.europesays.com\/fr\/584284\/"},"modified":"2025-12-07T13:35:12","modified_gmt":"2025-12-07T13:35:12","slug":"plus-de-700-postes-a-pourvoir-dans-le-secteur-du-spatial-et-de-laeronautique","status":"publish","type":"post","link":"https:\/\/www.europesays.com\/fr\/584284\/","title":{"rendered":"plus de 700 postes \u00e0 pourvoir dans le secteur du spatial et de l&rsquo;a\u00e9ronautique"},"content":{"rendered":"<p>                    Par<br \/>\n        <strong><br \/>\n            <a href=\"https:\/\/actu.fr\/auteur\/lea-afonso\" title=\"Consulter tous les articles de L\u00e9a Afonso\" target=\"_blank\" rel=\"noopener\">L\u00e9a Afonso<\/a><br \/>\n                    <\/strong><\/p>\n<p>        Publi\u00e9 le<\/p>\n<p>            7 d\u00e9c. 2025 \u00e0 13h20        <\/p>\n<p>Alors que les <strong>secteurs du spatial et de l\u2019a\u00e9ronautique<\/strong> continuent d\u2019attirer de nombreux talents, les offres d\u2019emploi se font rapidement rares face \u00e0 la demande croissante. En ce d\u00e9but d\u00e9cembre, les candidats ne devraient pourtant pas \u00eatre d\u00e9\u00e7us : le groupe <strong>Proman<\/strong>, 4\u1d49 acteur europ\u00e9en sur le march\u00e9 de l\u2019emploi, annonce le <strong>recrutement de plus de 700 postes \u00e0 <a href=\"https:\/\/actu.fr\/toulouse\/\" target=\"_blank\" rel=\"noopener\">Toulouse<\/a>.<\/strong><\/p>\n<p>Plus de 700 opportunit\u00e9s dans la Ville Rose<\/p>\n<p class=\" wall-content\">C\u2019est une annonce qui devrait en ravir plus d\u2019un. \u00c0 Toulouse, Proman ouvre <strong>750 postes <\/strong>dans les domaines de l\u2019a\u00e9ronautique et du spatial. Les profils recherch\u00e9s sont vari\u00e9s : <strong>ajusteurs, m\u00e9caniciens, int\u00e9grateurs cabine, \u00e9lectriciens avion, techniciens qualit\u00e9<\/strong>\u2026 il y en a pour tous les go\u00fbts et toutes les comp\u00e9tences.<\/p>\n<p class=\" wall-content\">\u00ab Les contrats propos\u00e9s vont de <strong>l\u2019int\u00e9rim<\/strong> au <strong>CDD<\/strong>, jusqu\u2019au <strong>CDI int\u00e9rimaire<\/strong>, sur une large palette de m\u00e9tiers. Les opportunit\u00e9s s\u2019adressent autant aux profils techniques qu\u2019aux experts en ing\u00e9nierie ou aux fonctions support essentielles au bon fonctionnement du secteur. D\u00e9butants, exp\u00e9riment\u00e9s ou en reconversion professionnelle : Proman ouvre les portes de l\u2019industrie a\u00e9ronautique \u00e0 tous \u00bb, pr\u00e9cise le groupe.<\/p>\n<p>R\u00e9pondre aux besoins croissants du secteur<\/p>\n<p class=\" wall-content\">Cette campagne de recrutement exceptionnelle vise \u00e0 <strong>r\u00e9pondre \u00e0 la demande croissante<\/strong> des acteurs de l\u2019a\u00e9ronautique et de la d\u00e9fense, qui connaissent une forte acc\u00e9l\u00e9ration de leur activit\u00e9. Selon Proman, la fili\u00e8re fait face \u00e0 \u00ab une<strong> mont\u00e9e en cadence<\/strong> port\u00e9e par des <strong>carnets de commandes records<\/strong> et des <strong>innovations technologiques majeures<\/strong> \u00bb.<\/p>\n<p class=\" wall-content\">Dans ce contexte, le recrutement devient un enjeu strat\u00e9gique pour les entreprises afin de maintenir le rythme et continuer \u00e0 innover.<\/p>\n<p>Vid\u00e9os : en ce moment sur Actu<\/p>\n<p class=\" wall-content\">Personnalisez votre actualit\u00e9 en ajoutant vos villes et m\u00e9dias en favori avec <a href=\"https:\/\/moncompte.actu.fr\" title=\"D\u00e9couvez Mon Actu\" rel=\"nofollow noopener\" data-trk=\"{&quot;cta&quot;:{&quot;action&quot;:&quot;https:\\\/\\\/moncompte.actu.fr&quot;,&quot;category&quot;:&quot;mon compte&quot;,&quot;from&quot;:&quot;article footer&quot;,&quot;name&quot;:&quot;Mon actu&quot;,&quot;type&quot;:&quot;cta&quot;}}\" target=\"_blank\">Mon Actu<\/a>.<\/p>\n","protected":false},"excerpt":{"rendered":"Par L\u00e9a Afonso Publi\u00e9 le 7 d\u00e9c. 2025 \u00e0 13h20 Alors que les secteurs du spatial et de&hellip;\n","protected":false},"author":2,"featured_media":584285,"comment_status":"","ping_status":"","sticky":false,"template":"","format":"standard","meta":{"footnotes":""},"categories":[2816],"tags":[1111,11,296,1777,674,1011,27,12,2680,25,104,2312],"class_list":{"0":"post-584284","1":"post","2":"type-post","3":"status-publish","4":"format-standard","5":"has-post-thumbnail","7":"category-toulouse","8":"tag-actu","9":"tag-actualites","10":"tag-aeronautique","11":"tag-eu","12":"tag-europe","13":"tag-fr","14":"tag-france","15":"tag-news","16":"tag-occitanie","17":"tag-republique-francaise","18":"tag-societe","19":"tag-toulouse"},"share_on_mastodon":{"url":"","error":""},"_links":{"self":[{"href":"https:\/\/www.europesays.com\/fr\/wp-json\/wp\/v2\/posts\/584284","targetHints":{"allow":["GET"]}}],"collection":[{"href":"https:\/\/www.europesays.com\/fr\/wp-json\/wp\/v2\/posts"}],"about":[{"href":"https:\/\/www.europesays.com\/fr\/wp-json\/wp\/v2\/types\/post"}],"author":[{"embeddable":true,"href":"https:\/\/www.europesays.com\/fr\/wp-json\/wp\/v2\/users\/2"}],"replies":[{"embeddable":true,"href":"https:\/\/www.europesays.com\/fr\/wp-json\/wp\/v2\/comments?post=584284"}],"version-history":[{"count":0,"href":"https:\/\/www.europesays.com\/fr\/wp-json\/wp\/v2\/posts\/584284\/revisions"}],"wp:featuredmedia":[{"embeddable":true,"href":"https:\/\/www.europesays.com\/fr\/wp-json\/wp\/v2\/media\/584285"}],"wp:attachment":[{"href":"https:\/\/www.europesays.com\/fr\/wp-json\/wp\/v2\/media?parent=584284"}],"wp:term":[{"taxonomy":"category","embeddable":true,"href":"https:\/\/www.europesays.com\/fr\/wp-json\/wp\/v2\/categories?post=584284"},{"taxonomy":"post_tag","embeddable":true,"href":"https:\/\/www.europesays.com\/fr\/wp-json\/wp\/v2\/tags?post=584284"}],"curies":[{"name":"wp","href":"https:\/\/api.w.org\/{rel}","templated":true}]}}