{"id":584286,"date":"2025-12-07T13:37:16","date_gmt":"2025-12-07T13:37:16","guid":{"rendered":"https:\/\/www.europesays.com\/fr\/584286\/"},"modified":"2025-12-07T13:37:16","modified_gmt":"2025-12-07T13:37:16","slug":"direct-champions-cup-toulouse-demarre-sa-campagne-avec-la-reception-des-sharks-de-durban","status":"publish","type":"post","link":"https:\/\/www.europesays.com\/fr\/584286\/","title":{"rendered":"DIRECT &#8211; Champions Cup\u00a0: Toulouse d\u00e9marre sa campagne avec la r\u00e9ception des Sharks de Durban"},"content":{"rendered":"<p>Le Stade Toulousain lance sa saison en Champions Cup, avec la r\u00e9ception des Sharks sud-africains de Durban, ce dimanche 7 d\u00e9cembre. Vivez le match en direct du stade Ernest-Wallon d\u00e8s 15h45 sur votre radio ICI Occitanie.<\/p>\n<p>C&rsquo;est reparti pour un tour. Le\u00a0<a class=\"IciLink ici-link IciArticleLink g-ici-body-regular-1 underline brand svelte-1chfe2s\" href=\"https:\/\/www.francebleu.fr\/personnes\/stade-toulousain\" target=\"_blank\" rel=\"noopener\">Stade Toulousain<\/a>\u00a0d\u00e9bute une nouvelle campagne de\u00a0<a class=\"IciLink ici-link IciArticleLink g-ici-body-regular-1 underline brand svelte-1chfe2s\" href=\"https:\/\/www.francebleu.fr\/theme\/rugby-coupe-europe\" target=\"_blank\" rel=\"noopener\">Champions Cup<\/a>, ce dimanche 7 d\u00e9cembre 2025. Les Rouge et Noir, sextuples vainqueurs de la comp\u00e9tition, re\u00e7oivent les Sharks de Durban au stade Ernest-Wallon. Coup d&rsquo;envoi \u00e0 16h15, pour ce choc de la poule 1 face aux Sud-Africains.<\/p>\n<p>Faire le plein de points<\/p>\n<p>C&rsquo;est l&rsquo;heure des retrouvailles entre Toulouse et les Sharks. La saison derni\u00e8re, les deux \u00e9quipes s&rsquo;\u00e9taient d\u00e9j\u00e0 affront\u00e9es en phase de poules. Le 11 janvier 2025, en Afrique du Sud,\u00a0<a class=\"IciLink ici-link IciArticleLink g-ici-body-regular-1 underline brand svelte-1chfe2s\" href=\"https:\/\/www.francebleu.fr\/sports\/rugby\/en-direct-champions-cup-c-est-le-grand-jour-pour-le-stade-toulousain-qui-affronte-les-sharks-a-durban-2570119\" target=\"_blank\" rel=\"noopener\">le Stade s&rsquo;\u00e9tait impos\u00e9 (20-8)<\/a>\u00a0sans le bonus offensif. Ce petit point manquant avait eu de lourdes cons\u00e9quences au moment de faire les comptes, Ugo Mola et ses joueurs devant se contenter de la deuxi\u00e8me place du groupe. Toulouse s&rsquo;\u00e9tait ensuite inclin\u00e9 en demi-finale de Champions Cup, sur la pelouse de\u00a0<a class=\"IciLink ici-link IciArticleLink g-ici-body-regular-1 underline brand svelte-1chfe2s\" href=\"https:\/\/www.francebleu.fr\/personnes\/union-bordeaux-begles-ubb\" target=\"_blank\" rel=\"noopener\">Bordeaux<\/a>.<\/p>\n<p>Cette saison, le Stade Toulousain a donc tout int\u00e9r\u00eat \u00e0 faire le plein pour se faciliter la t\u00e2che dans la suite de la comp\u00e9tition. Les Rouge et Noir visent une victoire bonifi\u00e9e pour leur entr\u00e9e en lice face aux Sharks. Cette fois, ils ont l&rsquo;avantage du terrain et pour l&rsquo;occasion, Julien Marchand, Anthony Jelonch ou encore\u00a0<a class=\"IciLink ici-link IciArticleLink g-ici-body-regular-1 underline brand svelte-1chfe2s\" href=\"https:\/\/www.francebleu.fr\/sports\/rugby\/champions-cup-stade-toulousain-marchand-capitaine-ramos-titulaire-et-dupont-sur-le-banc-la-compo-face-aux-sharks-4318904\" target=\"_blank\" rel=\"noopener\">Ange Capuozzo sont titulaires<\/a>. Antoine Dupont, lui est sur le banc.<\/p>\n<p>Changement de derni\u00e8re minute<\/p>\n<p>En revanche, Romain Ntamack, malade, ne peut finalement pas tenir son rang. Thomas Ramos prend donc sa place au poste d&rsquo;ouvreur, Blair Kinghorn portera le num\u00e9ro 15 et Dimitri Delibes int\u00e8gre le XV de d\u00e9part, sur l&rsquo;aile gauche.<\/p>\n<p> Vivez le match Toulouse &#8211; Sharks en direct d\u00e8s 15h45 : <\/p>\n<p>loading<\/p>\n<p>\u00c0 lire aussi   <img decoding=\"async\" src=\"https:\/\/www.europesays.com\/fr\/wp-content\/uploads\/2025\/12\/1765114636_12_400x400\" alt=\"\" style=\"--_image-preview:url('data:image\/jpeg;base64,\/9j\/2wBDACgcHiMeGSgjISMtKygwPGRBPDc3PHtYXUlkkYCZlo+AjIqgtObDoKrarYqMyP\/L2u71\/\/\/\/m8H\/\/\/\/6\/+b9\/\/j\/2wBDASstLTw1PHZBQXb4pYyl+Pj4+Pj4+Pj4+Pj4+Pj4+Pj4+Pj4+Pj4+Pj4+Pj4+Pj4+Pj4+Pj4+Pj4+Pj4+Pj4+Pj\/wAARCAAXACoDASIAAhEBAxEB\/8QAGAAAAwEBAAAAAAAAAAAAAAAAAAECAwT\/xAAYEAEBAQEBAAAAAAAAAAAAAAAAARESAv\/EABYBAQEBAAAAAAAAAAAAAAAAAAABAv\/EABYRAQEBAAAAAAAAAAAAAAAAAAABEf\/aAAwDAQACEQMRAD8A4ZFSHIqRFxOFY0wcgyvlPLbkciKkOQAbPDwAQYfICxl\/\/9k=');\" loading=\"lazy\" fetchpriority=\"low\" aria-hidden=\"true\" class=\"svelte-1cksh76 rounded\" onload=\"this.__e=event\" onerror=\"this.__e=event\"\/> <\/p>\n<p>loading<\/p>\n<p>loading<\/p>\n<p>loading<\/p>\n","protected":false},"excerpt":{"rendered":"Le Stade Toulousain lance sa saison en Champions Cup, avec la r\u00e9ception des Sharks sud-africains de Durban, ce&hellip;\n","protected":false},"author":2,"featured_media":584287,"comment_status":"","ping_status":"","sticky":false,"template":"","format":"standard","meta":{"footnotes":""},"categories":[2816],"tags":[1111,11,1777,674,1011,27,12,2680,25,2312],"class_list":{"0":"post-584286","1":"post","2":"type-post","3":"status-publish","4":"format-standard","5":"has-post-thumbnail","7":"category-toulouse","8":"tag-actu","9":"tag-actualites","10":"tag-eu","11":"tag-europe","12":"tag-fr","13":"tag-france","14":"tag-news","15":"tag-occitanie","16":"tag-republique-francaise","17":"tag-toulouse"},"share_on_mastodon":{"url":"https:\/\/pubeurope.com\/@fr\/115678560857236261","error":""},"_links":{"self":[{"href":"https:\/\/www.europesays.com\/fr\/wp-json\/wp\/v2\/posts\/584286","targetHints":{"allow":["GET"]}}],"collection":[{"href":"https:\/\/www.europesays.com\/fr\/wp-json\/wp\/v2\/posts"}],"about":[{"href":"https:\/\/www.europesays.com\/fr\/wp-json\/wp\/v2\/types\/post"}],"author":[{"embeddable":true,"href":"https:\/\/www.europesays.com\/fr\/wp-json\/wp\/v2\/users\/2"}],"replies":[{"embeddable":true,"href":"https:\/\/www.europesays.com\/fr\/wp-json\/wp\/v2\/comments?post=584286"}],"version-history":[{"count":0,"href":"https:\/\/www.europesays.com\/fr\/wp-json\/wp\/v2\/posts\/584286\/revisions"}],"wp:featuredmedia":[{"embeddable":true,"href":"https:\/\/www.europesays.com\/fr\/wp-json\/wp\/v2\/media\/584287"}],"wp:attachment":[{"href":"https:\/\/www.europesays.com\/fr\/wp-json\/wp\/v2\/media?parent=584286"}],"wp:term":[{"taxonomy":"category","embeddable":true,"href":"https:\/\/www.europesays.com\/fr\/wp-json\/wp\/v2\/categories?post=584286"},{"taxonomy":"post_tag","embeddable":true,"href":"https:\/\/www.europesays.com\/fr\/wp-json\/wp\/v2\/tags?post=584286"}],"curies":[{"name":"wp","href":"https:\/\/api.w.org\/{rel}","templated":true}]}}