{"id":584288,"date":"2025-12-07T13:39:15","date_gmt":"2025-12-07T13:39:15","guid":{"rendered":"https:\/\/www.europesays.com\/fr\/584288\/"},"modified":"2025-12-07T13:39:15","modified_gmt":"2025-12-07T13:39:15","slug":"pepin-dutilleux-franck-lorchestre-national-de-lille-entre-trois-mondes","status":"publish","type":"post","link":"https:\/\/www.europesays.com\/fr\/584288\/","title":{"rendered":"P\u00e9pin, Dutilleux, Franck, l&rsquo;Orchestre national de Lille \u00ab\u00a0entre trois mondes\u00a0\u00bb"},"content":{"rendered":"<p><strong>En compagnie du violoncelliste <a href=\"https:\/\/www.resmusica.com\/mot-clef\/victor-julien-laferriere\/\" class=\"st_tag internal_tag \" rel=\"tag noopener\" title=\"Articles concernant Victor Julien-Laferri\u00e8re\" target=\"_blank\">Victor Julien-Laferri\u00e8re<\/a>, l&rsquo;<a href=\"https:\/\/www.resmusica.com\/mot-clef\/orchestre-national-de-lille\/\" class=\"st_tag internal_tag \" rel=\"tag noopener\" title=\"Articles concernant Orchestre national de Lille\" target=\"_blank\">Orchestre national de Lille<\/a> et son directeur musical <a href=\"https:\/\/www.resmusica.com\/mot-clef\/joshua-weilerstein\/\" class=\"st_tag internal_tag \" rel=\"tag noopener\" title=\"Articles concernant Joshua Weilerstein\" target=\"_blank\">Joshua Weilerstein<\/a>, ont donn\u00e9 un concert incandescent o\u00f9 \u00e9taient confront\u00e9s les univers de <a href=\"https:\/\/www.resmusica.com\/mot-clef\/camille-pepin\/\" class=\"st_tag internal_tag \" rel=\"tag noopener\" title=\"Articles concernant Camille P\u00e9pin\" target=\"_blank\">Camille P\u00e9pin<\/a>, <a href=\"https:\/\/www.resmusica.com\/mot-clef\/henri-dutilleux\/\" class=\"st_tag internal_tag \" rel=\"tag noopener\" title=\"Articles concernant Henri Dutilleux\" target=\"_blank\">Henri Dutilleux<\/a> et <a href=\"https:\/\/www.resmusica.com\/mot-clef\/cesar-franck\/\" class=\"st_tag internal_tag \" rel=\"tag noopener\" title=\"Articles concernant C\u00e9sar Franck\" target=\"_blank\">C\u00e9sar Franck<\/a>.<\/strong><\/p>\n<p><a href=\"https:\/\/www.resmusica.com\/wp-content\/uploads\/2025\/12\/54965553840_8151d12df2_k.jpg\" target=\"_blank\" rel=\"noopener\"><img loading=\"lazy\" decoding=\"async\" class=\"aligncenter size-large wp-image-369250\" src=\"https:\/\/www.europesays.com\/fr\/wp-content\/uploads\/2025\/12\/54965553840_8151d12df2_k-728x485.jpg\" alt=\"\" width=\"728\" height=\"485\"  \/><\/a>Quels fils myst\u00e9rieux unissent les univers musicaux de <a href=\"https:\/\/www.resmusica.com\/mot-clef\/camille-pepin\/\" class=\"st_tag internal_tag \" rel=\"tag noopener\" title=\"Articles concernant Camille P\u00e9pin\" target=\"_blank\">Camille P\u00e9pin<\/a> (n\u00e9e en 1990), <a href=\"https:\/\/www.resmusica.com\/mot-clef\/henri-dutilleux\/\" class=\"st_tag internal_tag \" rel=\"tag noopener\" title=\"Articles concernant Henri Dutilleux\" target=\"_blank\">Henri Dutilleux<\/a> (1916-2013) et <a href=\"https:\/\/www.resmusica.com\/mot-clef\/cesar-franck\/\" class=\"st_tag internal_tag \" rel=\"tag noopener\" title=\"Articles concernant C\u00e9sar Franck\" target=\"_blank\">C\u00e9sar Franck<\/a> (1822-1890) ? Outre que tous trois sont des musiciens du \u00ab\u00a0nord\u00a0\u00bb (Amiens pour <a href=\"https:\/\/www.resmusica.com\/mot-clef\/camille-pepin\/\" class=\"st_tag internal_tag \" rel=\"tag noopener\" title=\"Articles concernant Camille P\u00e9pin\" target=\"_blank\">Camille P\u00e9pin<\/a>, Douai pour Dutilleux et Li\u00e8ge pour <a href=\"https:\/\/www.resmusica.com\/mot-clef\/cesar-franck\/\" class=\"st_tag internal_tag \" rel=\"tag noopener\" title=\"Articles concernant C\u00e9sar Franck\" target=\"_blank\">C\u00e9sar Franck<\/a>), ces trois compositeurs sont aussi des b\u00e2tisseurs de mondes sonores tr\u00e8s personnels, univers cosmique pour la benjamine, univers int\u00e9rieur pour <a href=\"https:\/\/www.resmusica.com\/mot-clef\/henri-dutilleux\/\" class=\"st_tag internal_tag \" rel=\"tag noopener\" title=\"Articles concernant Henri Dutilleux\" target=\"_blank\">Henri Dutilleux<\/a>, univers grandiose et mystique pour C\u00e9sar Franck.<\/p>\n<p>Le monde de Laniakea (2019), l&rsquo;\u0153uvre de Camille P\u00e9pin jou\u00e9e en ouverture de ce concert judicieusement intitul\u00e9 \u00ab\u00a0Entre trois mondes\u00a0\u00bb<strong>,<\/strong> n&rsquo;est autre que le cosmos. Laniakea est en effet le nom du \u00ab\u00a0superamas\u00a0\u00bb dont notre galaxie n&rsquo;est qu&rsquo;un minuscule \u00e9l\u00e9ment. Pour nous faire ressentir cette \u00ab\u00a0grandeur incommensurable\u00a0\u00bb de l&rsquo;infini, Camille P\u00e9pin a compos\u00e9 une pi\u00e8ce hypnotique et majestueuse. On conna\u00eet la ma\u00eetrise orchestrale de la jeune compositrice qui aime, dans son \u0153uvre, se confronter aux \u00e9l\u00e9ments. Sa musique, puissante et po\u00e9tique, est imm\u00e9diatement accessible, puisant aussi bien dans les scansions hypnotiques d&rsquo;un Steve Reich, les touches impressionnistes d&rsquo;un Debussy, que dans un lyrisme quasi hollywoodien. C&rsquo;est efficace, extr\u00eamement prenant, et offre \u00e0 l&rsquo;<a href=\"https:\/\/www.resmusica.com\/mot-clef\/orchestre-national-de-lille\/\" class=\"st_tag internal_tag \" rel=\"tag noopener\" title=\"Articles concernant Orchestre national de Lille\" target=\"_blank\">Orchestre national de Lille<\/a> l&rsquo;occasion de d\u00e9ployer toutes les couleurs de sa palette, nappes de cordes, impressionnante batterie de percussions, envols des bois et des cuivres.<\/p>\n<p><a href=\"https:\/\/www.resmusica.com\/wp-content\/uploads\/2025\/12\/54965554930_6f2173a670_k.jpg\" target=\"_blank\" rel=\"noopener\"><img loading=\"lazy\" decoding=\"async\" class=\"aligncenter size-large wp-image-369251\" src=\"https:\/\/www.europesays.com\/fr\/wp-content\/uploads\/2025\/12\/54965554930_6f2173a670_k-728x485.jpg\" alt=\"\" width=\"728\" height=\"485\"  \/><\/a>La transition est finalement assez naturelle pour aborder les mille couleurs de Tout un monde lointain (1970), le prodigieux concerto pour violoncelle compos\u00e9 par Henri Dutilleux \u00e0 l&rsquo;attention de Mstislav Rostropovitch. Il revient au jeune <a href=\"https:\/\/www.resmusica.com\/mot-clef\/victor-julien-laferriere\/\" class=\"st_tag internal_tag \" rel=\"tag noopener\" title=\"Articles concernant Victor Julien-Laferri\u00e8re\" target=\"_blank\">Victor Julien-Laferri\u00e8re<\/a> de nous transporter dans ce long voyage au pays des r\u00eaves, port\u00e9 par la po\u00e9sie sensuelle de Charles Baudelaire (\u00ab\u00a0Tout un monde lointain, absent, presque d\u00e9funt, Vit dans tes profondeurs, for\u00eat aromatique !\u00a0\u00bb extrait de La chevelure). N\u00e9e du silence et retournant au silence, ce concerto est tr\u00e8s exigeant pour le soliste, constamment mis en avant, comme pour l&rsquo;orchestre, dont chaque pupitre doit tisser une dentelle extr\u00eamement pr\u00e9cise. Cette pr\u00e9cision, on la retrouve dans le jeu, tr\u00e8s concentr\u00e9 de <a href=\"https:\/\/www.resmusica.com\/mot-clef\/victor-julien-laferriere\/\" class=\"st_tag internal_tag \" rel=\"tag noopener\" title=\"Articles concernant Victor Julien-Laferri\u00e8re\" target=\"_blank\">Victor Julien-Laferri\u00e8re<\/a>, comme dans la direction attentive de <a href=\"https:\/\/www.resmusica.com\/mot-clef\/joshua-weilerstein\/\" class=\"st_tag internal_tag \" rel=\"tag noopener\" title=\"Articles concernant Joshua Weilerstein\" target=\"_blank\">Joshua Weilerstein<\/a>. Un grand moment, intense et hypnotique.<\/p>\n<p>L&rsquo;entracte est n\u00e9cessaire pour ensuite entrer dans l&rsquo;univers, tout autre, de la c\u00e9l\u00e8bre Symphonie en r\u00e9 mineur (1888) de C\u00e9sar Franck. Nous sommes ici dans le post-romantisme le plus assum\u00e9, synth\u00e8se magnifique entre musique fran\u00e7aise et allemande, critiqu\u00e9e \u00e0 l&rsquo;\u00e9poque de sa cr\u00e9ation. A l&rsquo;image du dense premier mouvement, la musique de Franck est une houle incessante, oscillant entre l&rsquo;intime et le grandiose, comme dans les symphonies d&rsquo;Anton Bruckner \u00e0 qui on l&rsquo;a souvent compar\u00e9e. L&rsquo;organiste qu&rsquo;il est (comme Bruckner) sait unir les timbres puissants comme les envols \u00e9th\u00e9r\u00e9s. La direction ample de <a href=\"https:\/\/www.resmusica.com\/mot-clef\/joshua-weilerstein\/\" class=\"st_tag internal_tag \" rel=\"tag noopener\" title=\"Articles concernant Joshua Weilerstein\" target=\"_blank\">Joshua Weilerstein<\/a> permet de doser intelligemment les effets sans jamais tomber dans la grandiloquence. A l&rsquo;image du merveilleux Allegretto central, d\u00e9licate marche berc\u00e9e par la douce m\u00e9lodie du cor anglais, avant le geste romantique du final o\u00f9 sont r\u00e9capitul\u00e9s tous les th\u00e8mes de l&rsquo;\u0153uvre. Conclusion majestueuse d&rsquo;un concert unifiant trois mondes, et un m\u00eame amour de la musique.<\/p>\n<p>Cr\u00e9dits photographiques : @Ugo Ponte onl<\/p>\n<p>(Visited 1 times, 1 visits today)<\/p>\n","protected":false},"excerpt":{"rendered":"En compagnie du violoncelliste Victor Julien-Laferri\u00e8re, l&rsquo;Orchestre national de Lille et son directeur musical Joshua Weilerstein, ont donn\u00e9&hellip;\n","protected":false},"author":2,"featured_media":584289,"comment_status":"","ping_status":"","sticky":false,"template":"","format":"standard","meta":{"footnotes":""},"categories":[2815],"tags":[1111,11,1777,674,1011,27,811,1307,12,25],"class_list":{"0":"post-584288","1":"post","2":"type-post","3":"status-publish","4":"format-standard","5":"has-post-thumbnail","7":"category-lille","8":"tag-actu","9":"tag-actualites","10":"tag-eu","11":"tag-europe","12":"tag-fr","13":"tag-france","14":"tag-hauts-de-france","15":"tag-lille","16":"tag-news","17":"tag-republique-francaise"},"share_on_mastodon":{"url":"","error":""},"_links":{"self":[{"href":"https:\/\/www.europesays.com\/fr\/wp-json\/wp\/v2\/posts\/584288","targetHints":{"allow":["GET"]}}],"collection":[{"href":"https:\/\/www.europesays.com\/fr\/wp-json\/wp\/v2\/posts"}],"about":[{"href":"https:\/\/www.europesays.com\/fr\/wp-json\/wp\/v2\/types\/post"}],"author":[{"embeddable":true,"href":"https:\/\/www.europesays.com\/fr\/wp-json\/wp\/v2\/users\/2"}],"replies":[{"embeddable":true,"href":"https:\/\/www.europesays.com\/fr\/wp-json\/wp\/v2\/comments?post=584288"}],"version-history":[{"count":0,"href":"https:\/\/www.europesays.com\/fr\/wp-json\/wp\/v2\/posts\/584288\/revisions"}],"wp:featuredmedia":[{"embeddable":true,"href":"https:\/\/www.europesays.com\/fr\/wp-json\/wp\/v2\/media\/584289"}],"wp:attachment":[{"href":"https:\/\/www.europesays.com\/fr\/wp-json\/wp\/v2\/media?parent=584288"}],"wp:term":[{"taxonomy":"category","embeddable":true,"href":"https:\/\/www.europesays.com\/fr\/wp-json\/wp\/v2\/categories?post=584288"},{"taxonomy":"post_tag","embeddable":true,"href":"https:\/\/www.europesays.com\/fr\/wp-json\/wp\/v2\/tags?post=584288"}],"curies":[{"name":"wp","href":"https:\/\/api.w.org\/{rel}","templated":true}]}}