{"id":58429,"date":"2025-04-28T04:52:09","date_gmt":"2025-04-28T04:52:09","guid":{"rendered":"https:\/\/www.europesays.com\/fr\/58429\/"},"modified":"2025-04-28T04:52:09","modified_gmt":"2025-04-28T04:52:09","slug":"une-decharge-sauvage-tapissee-de-verre-a-deux-pas-dune-creche","status":"publish","type":"post","link":"https:\/\/www.europesays.com\/fr\/58429\/","title":{"rendered":"une d\u00e9charge sauvage tapiss\u00e9e de verre \u00e0 deux pas d\u2019une cr\u00e8che"},"content":{"rendered":"<p>La parcelle attenante au 106 boulevard Yves-Farge (Lyon 7e ) est-elle \u00e0 l\u2019abandon\u00a0? \u00ab\u00a0Depuis plusieurs mois\u00a0\u00bb, t\u00e9moignent des riverains, ce terrain vague, situ\u00e9 \u00e0 proximit\u00e9 de nombreux lieux de vie, dont une cr\u00e8che, est devenu une d\u00e9charge sauvage. Bouteilles de verre, canettes, matelas\u2026 L\u2019endroit est min\u00e9 c\u00f4t\u00e9 trottoir. \u00ab\u00a0Je trouve cela d\u00e9go\u00fbtant\u00a0\u00bb, soupire un passant.<\/p>\n<p>Si l\u2019aspect visuel du site interpelle la plupart des pi\u00e9tons, voire les r\u00e9pugne, le risque de blessure inqui\u00e8te aussi. \u00ab\u00a0Tout ce verre \u00e9parpill\u00e9,&#8230;<\/p>\n","protected":false},"excerpt":{"rendered":"La parcelle attenante au 106 boulevard Yves-Farge (Lyon 7e ) est-elle \u00e0 l\u2019abandon\u00a0? \u00ab\u00a0Depuis plusieurs mois\u00a0\u00bb, t\u00e9moignent des&hellip;\n","protected":false},"author":2,"featured_media":58430,"comment_status":"","ping_status":"","sticky":false,"template":"","format":"standard","meta":{"footnotes":""},"categories":[1889],"tags":[1111,11,2430,2757,436,1777,674,107,1011,27,2428,2756,12,1800,25,2429,71],"class_list":{"0":"post-58429","1":"post","2":"type-post","3":"status-publish","4":"format-standard","5":"has-post-thumbnail","7":"category-lyon","8":"tag-actu","9":"tag-actualites","10":"tag-auvergne-rhone-alpes","11":"tag-edition-lyon-villeurbanne","12":"tag-environnement","13":"tag-eu","14":"tag-europe","15":"tag-fil-info","16":"tag-fr","17":"tag-france","18":"tag-lyon","19":"tag-lyon-bassin","20":"tag-news","21":"tag-pollution","22":"tag-republique-francaise","23":"tag-rhone","24":"tag-sante"},"share_on_mastodon":{"url":"https:\/\/pubeurope.com\/@fr\/114413800289715132","error":""},"_links":{"self":[{"href":"https:\/\/www.europesays.com\/fr\/wp-json\/wp\/v2\/posts\/58429","targetHints":{"allow":["GET"]}}],"collection":[{"href":"https:\/\/www.europesays.com\/fr\/wp-json\/wp\/v2\/posts"}],"about":[{"href":"https:\/\/www.europesays.com\/fr\/wp-json\/wp\/v2\/types\/post"}],"author":[{"embeddable":true,"href":"https:\/\/www.europesays.com\/fr\/wp-json\/wp\/v2\/users\/2"}],"replies":[{"embeddable":true,"href":"https:\/\/www.europesays.com\/fr\/wp-json\/wp\/v2\/comments?post=58429"}],"version-history":[{"count":0,"href":"https:\/\/www.europesays.com\/fr\/wp-json\/wp\/v2\/posts\/58429\/revisions"}],"wp:featuredmedia":[{"embeddable":true,"href":"https:\/\/www.europesays.com\/fr\/wp-json\/wp\/v2\/media\/58430"}],"wp:attachment":[{"href":"https:\/\/www.europesays.com\/fr\/wp-json\/wp\/v2\/media?parent=58429"}],"wp:term":[{"taxonomy":"category","embeddable":true,"href":"https:\/\/www.europesays.com\/fr\/wp-json\/wp\/v2\/categories?post=58429"},{"taxonomy":"post_tag","embeddable":true,"href":"https:\/\/www.europesays.com\/fr\/wp-json\/wp\/v2\/tags?post=58429"}],"curies":[{"name":"wp","href":"https:\/\/api.w.org\/{rel}","templated":true}]}}