{"id":584291,"date":"2025-12-07T13:41:14","date_gmt":"2025-12-07T13:41:14","guid":{"rendered":"https:\/\/www.europesays.com\/fr\/584291\/"},"modified":"2025-12-07T13:41:14","modified_gmt":"2025-12-07T13:41:14","slug":"a-marseille-un-spectacle-son-et-lumiere-organisee-pour-linauguration-de-la-bonne-mere","status":"publish","type":"post","link":"https:\/\/www.europesays.com\/fr\/584291\/","title":{"rendered":"\u00c0 Marseille, un spectacle son et lumi\u00e8re organis\u00e9e pour l\u2019inauguration de la \u00ab\u00a0Bonne M\u00e8re\u00a0\u00bb"},"content":{"rendered":"<p>      lire plus tard<\/p>\n<p id=\"dialog__title\" class=\"dialog__title\">Pour sauvegarder cet article, connectez-vous ou cr\u00e9ez un compte franceinfo<\/p>\n<p class=\"dialog__description\">Sans paiement. Sans abonnement.<\/p>\n<p>        Fermer la fen\u00eatre d\u2019activation des notifications France Info<\/p>\n<p>      cr\u00e9er votre compte<\/p>\n<p>      se connecter<\/p>\n<p>        Fermer la fen\u00eatre de pr\u00e9sentation<\/p>\n<p>    Publi\u00e9 le 07\/12\/2025 13:31<\/p>\n<p>      Mis \u00e0 jour le 07\/12\/2025 13:31<\/p>\n<p>        Temps de lecture : 1min &#8211; vid\u00e9o : 2min<\/p>\n<p>    <img decoding=\"async\" class=\"francetv-player-wrapper__image\" alt=\"\u00c0 Marseille, un spectacle son et lumi\u00e8re organis\u00e9e pour l\u2019inauguration de la Bonne M\u00e8re\"  width=\"432\" height=\"243\" src=\"https:\/\/www.europesays.com\/fr\/wp-content\/uploads\/2025\/12\/video-4-693571f6eafea613158593.jpg\" fetchpriority=\"high\"\/><\/p>\n<p>              \u00c0 Marseille, un spectacle son et lumi\u00e8re organis\u00e9e pour l\u2019inauguration de la Bonne M\u00e8re<br \/>\n                    (France 2)<\/p>\n<p>      2min<\/p>\n<p>\n  La Bonne M\u00e8re est au centre de tous les regards. Apr\u00e8s plus de 10 mois de restauration, la statue de la Vierge \u00e0 l&rsquo;Enfant qui domine la basilique Notre-Dame de la Garde sera officiellement d\u00e9voil\u00e9e ce dimanche 7 d\u00e9cembre.\n<\/p>\n<p><strong>Ce texte correspond \u00e0 une partie de la retranscription de la vid\u00e9o ci-dessus. Cliquez sur la vid\u00e9o pour la regarder en int\u00e9gralit\u00e9.<\/strong><\/p>\n<p>Elle a retrouv\u00e9 son \u00e9clat et r\u00e8gne \u00e0 nouveau sur la ville en majest\u00e9. Apr\u00e8s dix mois de travaux, <a href=\"https:\/\/france3-regions.franceinfo.fr\/provence-alpes-cote-d-azur\/bouches-du-rhone\/marseille\/illumination-de-notre-dame-de-la-garde-ou-voir-le-spectacle-circulation-procession-tout-ce-qu-il-faut-savoir-sur-l-inauguration-de-la-bonne-mere-3260099.html\" target=\"_blank\" rel=\"noopener\">la Vierge \u00e0 l&rsquo;Enfant de Notre-Dame de la Garde<\/a> brille de mille feux et \u00e9merveille toujours autant les Marseillais. Ab\u00eem\u00e9e par le mistral et les ann\u00e9es, l&rsquo;iconique statue a disparu dix mois derri\u00e8re un \u00e9chafaudage de 50 tonnes. Un chantier historique, hors norme, perch\u00e9 \u00e0 212 m\u00e8tres du sol, privant les Marseillais de leur vigie. La restauration a \u00e9t\u00e9 minutieuse et faite \u00e0 la main avec l&rsquo;application de 40 000 feuilles d&rsquo;or et un retour par les cieux, lorsque la couronne de la Vierge de 150 kilos a retrouv\u00e9 enfin sa place.<\/p>\n<p>Pour c\u00e9l\u00e9brer son retour et remercier la g\u00e9n\u00e9rosit\u00e9 des donateurs, qui s&rsquo;est \u00e9lev\u00e9e \u00e0 3 millions d&rsquo;euros, un spectacle son et lumi\u00e8re est organis\u00e9 vendredi 7 d\u00e9cembre, orchestr\u00e9 par un producteur de musique passionn\u00e9 par le patrimoine, qui a d\u00e9j\u00e0 mis en lumi\u00e8re la Tour Eiffel et Notre-Dame de Paris. \u00ab\u00a0J&rsquo;ai vraiment imagin\u00e9 quelque chose de tr\u00e8s rayonnant, qui fait \u00e9cho \u00e0 sa dorure et quelque chose qui va rayonner sur l&rsquo;ensemble de la ville de Marseille. J&rsquo;ai imagin\u00e9 une \u0153uvre musicale et visuelle qui s&rsquo;appelle \u00ab\u00a0\u00c9l\u00e9vation\u00a0\u00bb, qui sera d\u00e9coup\u00e9e en quatre actes visuels\u00a0\u00bb, d\u00e9taille Michael Canitrot, DJ et producteur de musique \u00e9lectronique.<\/p>\n<p>Mais avant cela, une messe puis une procession s&rsquo;\u00e9lanceront en d\u00e9but d&rsquo;apr\u00e8s-midi avant l&rsquo;illumination du symbole de Marseille.<\/p>\n","protected":false},"excerpt":{"rendered":"lire plus tard Pour sauvegarder cet article, connectez-vous ou cr\u00e9ez un compte franceinfo Sans paiement. Sans abonnement. Fermer&hellip;\n","protected":false},"author":2,"featured_media":584292,"comment_status":"","ping_status":"","sticky":false,"template":"","format":"standard","meta":{"footnotes":""},"categories":[2814],"tags":[1111,11,1777,674,1011,27,884,12,882,25],"class_list":{"0":"post-584291","1":"post","2":"type-post","3":"status-publish","4":"format-standard","5":"has-post-thumbnail","7":"category-marseille","8":"tag-actu","9":"tag-actualites","10":"tag-eu","11":"tag-europe","12":"tag-fr","13":"tag-france","14":"tag-marseille","15":"tag-news","16":"tag-provence-alpes-cote-dazur","17":"tag-republique-francaise"},"share_on_mastodon":{"url":"https:\/\/pubeurope.com\/@fr\/115678576517725359","error":""},"_links":{"self":[{"href":"https:\/\/www.europesays.com\/fr\/wp-json\/wp\/v2\/posts\/584291","targetHints":{"allow":["GET"]}}],"collection":[{"href":"https:\/\/www.europesays.com\/fr\/wp-json\/wp\/v2\/posts"}],"about":[{"href":"https:\/\/www.europesays.com\/fr\/wp-json\/wp\/v2\/types\/post"}],"author":[{"embeddable":true,"href":"https:\/\/www.europesays.com\/fr\/wp-json\/wp\/v2\/users\/2"}],"replies":[{"embeddable":true,"href":"https:\/\/www.europesays.com\/fr\/wp-json\/wp\/v2\/comments?post=584291"}],"version-history":[{"count":0,"href":"https:\/\/www.europesays.com\/fr\/wp-json\/wp\/v2\/posts\/584291\/revisions"}],"wp:featuredmedia":[{"embeddable":true,"href":"https:\/\/www.europesays.com\/fr\/wp-json\/wp\/v2\/media\/584292"}],"wp:attachment":[{"href":"https:\/\/www.europesays.com\/fr\/wp-json\/wp\/v2\/media?parent=584291"}],"wp:term":[{"taxonomy":"category","embeddable":true,"href":"https:\/\/www.europesays.com\/fr\/wp-json\/wp\/v2\/categories?post=584291"},{"taxonomy":"post_tag","embeddable":true,"href":"https:\/\/www.europesays.com\/fr\/wp-json\/wp\/v2\/tags?post=584291"}],"curies":[{"name":"wp","href":"https:\/\/api.w.org\/{rel}","templated":true}]}}