{"id":584293,"date":"2025-12-07T13:42:11","date_gmt":"2025-12-07T13:42:11","guid":{"rendered":"https:\/\/www.europesays.com\/fr\/584293\/"},"modified":"2025-12-07T13:42:11","modified_gmt":"2025-12-07T13:42:11","slug":"a-bourgoin-vienne-puis-maintenant-lyon-les-trottinettes-dans-le-viseur-des-municipalites","status":"publish","type":"post","link":"https:\/\/www.europesays.com\/fr\/584293\/","title":{"rendered":"A Bourgoin, Vienne, puis maintenant Lyon : les trottinettes dans le viseur des municipalit\u00e9s"},"content":{"rendered":"<p><strong>La municipalit\u00e9 de Bourgoin-Jallieu a carr\u00e9ment d\u00e9cid\u00e9 de les interdire dans le centre pi\u00e9ton ; \u00e0 Vienne, des consignes strictes ont \u00e9t\u00e9 demand\u00e9es aux policiers municipaux charg\u00e9s d\u2019une plus grande s\u00e9v\u00e9rit\u00e9. C\u2019est d\u00e9sormais au tour de Lyon de devenir beaucoup plus s\u00e9v\u00e8re \u00e0 l\u2019\u00e9gard des trottinettes, fauteurs d\u2019accidents en nombres grandissants<\/strong>.<\/p>\n<p>Ainsi, Gr\u00e9gory Doucet, maire de Lyon,\u00a0 a annonc\u00e9 qu\u2019il avait demand\u00e9 aux policiers municipaux de la Ville \u00ab d\u2019intensifier les contr\u00f4les \u00bb sur les v\u00e9los et trottinettes.<\/p>\n<p>Pr\u00e8s de mille verbalisations cette ann\u00e9e<\/p>\n<p>Au bilan, les verbalisations ont quadrupl\u00e9 en un an.<\/p>\n<p>Une s\u00e9v\u00e9rit\u00e9 accrue qui accompagne surtout le lancement de la zone \u00e0 trafic limit\u00e9 (ZTL) en Presqu\u2019\u2019\u00eele lyonnaise en renfor\u00e7ant la s\u00e9curit\u00e9 des pi\u00e9tons avec un trafic assez dangereux car m\u00e9langeant v\u00e9los et trottinettes, tout\u00a0 ce petit\u00a0 monde l\u00e0 ne circulant pas aux m\u00eames allures..<\/p>\n<p>R\u00e9sultat : les verbalisations explosent, selon notre confr\u00e8re Le Progr\u00e8s.<\/p>\n<p>Quatre seulement sur toute l\u2019ann\u00e9e 2019 et ensuite, une moyenne de 200 par an depuis l\u2019arriv\u00e9e des Ecologistes \u00e0 la mairie de Lyon, et puis\u2026d\u00e9sormais pr\u00e8s d\u2019un millier depuis le d\u00e9but de cette ann\u00e9e, selon le maire de Lyon !<\/p>\n<blockquote class=\"wp-embedded-content\" data-secret=\"lLlkZdTHGH\">\n<p><a href=\"https:\/\/www.vivre-villes.fr\/bourgoin\/politique-actualite-bourgoin\/2025\/08\/31\/ils-risquent-135-euros-damende-a-bourgoin-jallieu-les-conducteurs-de-trottinettes-et-de-velos-electriques-personna-non-grata-dans-le-centre-pieton\/\" target=\"_blank\" rel=\"noopener\">Ils risquent 135 euros d\u2019amende : \u00e0 Bourgoin-Jallieu, les conducteurs de trottinettes et de v\u00e9los \u00e9lectriques personna non grata dans le centre pi\u00e9ton<\/a><\/p>\n<\/blockquote>\n<blockquote class=\"wp-embedded-content\" data-secret=\"dyyztTPHZ7\">\n<p><a href=\"https:\/\/www.vivre-villes.fr\/vienne\/societe\/2025\/11\/08\/viennoiseries-la-police-municipale-de-vienne-annonce-un-controle-accru-envers-les-trottinettes-1ers-coups-de-pioche-de-lecole-st-ignace-le-belvedere-de-tupin-semons-cumule-les-prix\/\" target=\"_blank\" rel=\"noopener\">Viennoiseries : La police municipale de Vienne annonce un contr\u00f4le accru envers les trottinettes ; 1ers coups de pioche de l\u2019Ecole St-Ignace ; Le belv\u00e9d\u00e8re de Tupin-Semons cumule les prix<\/a><\/p>\n<\/blockquote>\n","protected":false},"excerpt":{"rendered":"La municipalit\u00e9 de Bourgoin-Jallieu a carr\u00e9ment d\u00e9cid\u00e9 de les interdire dans le centre pi\u00e9ton ; \u00e0 Vienne, des&hellip;\n","protected":false},"author":2,"featured_media":584294,"comment_status":"","ping_status":"","sticky":false,"template":"","format":"standard","meta":{"footnotes":""},"categories":[1889],"tags":[1111,11,2430,1777,674,1011,27,2428,12,25],"class_list":{"0":"post-584293","1":"post","2":"type-post","3":"status-publish","4":"format-standard","5":"has-post-thumbnail","7":"category-lyon","8":"tag-actu","9":"tag-actualites","10":"tag-auvergne-rhone-alpes","11":"tag-eu","12":"tag-europe","13":"tag-fr","14":"tag-france","15":"tag-lyon","16":"tag-news","17":"tag-republique-francaise"},"share_on_mastodon":{"url":"https:\/\/pubeurope.com\/@fr\/115678579623325353","error":""},"_links":{"self":[{"href":"https:\/\/www.europesays.com\/fr\/wp-json\/wp\/v2\/posts\/584293","targetHints":{"allow":["GET"]}}],"collection":[{"href":"https:\/\/www.europesays.com\/fr\/wp-json\/wp\/v2\/posts"}],"about":[{"href":"https:\/\/www.europesays.com\/fr\/wp-json\/wp\/v2\/types\/post"}],"author":[{"embeddable":true,"href":"https:\/\/www.europesays.com\/fr\/wp-json\/wp\/v2\/users\/2"}],"replies":[{"embeddable":true,"href":"https:\/\/www.europesays.com\/fr\/wp-json\/wp\/v2\/comments?post=584293"}],"version-history":[{"count":0,"href":"https:\/\/www.europesays.com\/fr\/wp-json\/wp\/v2\/posts\/584293\/revisions"}],"wp:featuredmedia":[{"embeddable":true,"href":"https:\/\/www.europesays.com\/fr\/wp-json\/wp\/v2\/media\/584294"}],"wp:attachment":[{"href":"https:\/\/www.europesays.com\/fr\/wp-json\/wp\/v2\/media?parent=584293"}],"wp:term":[{"taxonomy":"category","embeddable":true,"href":"https:\/\/www.europesays.com\/fr\/wp-json\/wp\/v2\/categories?post=584293"},{"taxonomy":"post_tag","embeddable":true,"href":"https:\/\/www.europesays.com\/fr\/wp-json\/wp\/v2\/tags?post=584293"}],"curies":[{"name":"wp","href":"https:\/\/api.w.org\/{rel}","templated":true}]}}