{"id":584295,"date":"2025-12-07T13:43:17","date_gmt":"2025-12-07T13:43:17","guid":{"rendered":"https:\/\/www.europesays.com\/fr\/584295\/"},"modified":"2025-12-07T13:43:17","modified_gmt":"2025-12-07T13:43:17","slug":"nos-deceptions-pour-cette-edition-2025","status":"publish","type":"post","link":"https:\/\/www.europesays.com\/fr\/584295\/","title":{"rendered":"nos d\u00e9ceptions pour cette \u00e9dition 2025"},"content":{"rendered":"<p itemprop=\"description\"><strong>Nouvelle soir\u00e9e ce dimanche pour la F\u00eate des Lumi\u00e8res.<\/strong><\/p>\n<p>L\u2019\u00e9dition 2025 de la F\u00eate des Lumi\u00e8res bat son plein. Alors qu\u2019une nouvelle soir\u00e9e se pr\u00e9pare ce dimanche \u00e0 partir de 18 heures, il est d\u00e9j\u00e0 temps de parler des \u0153uvres qui ont fait sensation et celles qui n\u2019ont pas manqu\u00e9 de d\u00e9cevoir. Voici celles qui ont eu du mal \u00e0 nous convaincre.<\/p>\n<p><strong>Stranger lights<\/strong><\/p>\n<p>C\u2019est l\u2019\u0153uvre qui a certainement fait le plus parler cette ann\u00e9e. Quand Netflix s\u2019invite \u00e0 la F\u00eate des Lumi\u00e8res de Lyon avec une illumination en hommage \u00e0 la s\u00e9rie Stranger Things dont la premi\u00e8re partie de la saison 5 (la derni\u00e8re) vient de sortir sur la plateforme. Peut-\u00eatre que l\u2019on en attendait plus\u2026 Les fans ne manqueront pas d\u2019aller d\u00e9couvrir l\u2019Upside Down pour un moment de nostalgie. Pour les autres, difficile de comprendre l\u2019emballement. Autant aller se faire son propre avis sur cette place Sathonay qui a attir\u00e9 pas mal de monde ces deux derni\u00e8res soir\u00e9es.<\/p>\n<p><img loading=\"lazy\" decoding=\"async\" style=\"display: block; margin-left: auto; margin-right: auto;\" src=\"https:\/\/www.europesays.com\/fr\/wp-content\/uploads\/2025\/12\/fetelumieres23-56165.jpg\" alt=\"\" width=\"500\" height=\"375\"\/><\/p>\n<p><strong>HDV \u2013 40 ans de skate \u00e0 Lyon<\/strong><\/p>\n<p>L\u00e0-aussi on en attendait certainement plus. Lieu incontournable du skate \u00e0 Lyon, la place Louis Pradel rend hommage cette ann\u00e9e \u00e0 cette discipline sportive avec trois figures lumineuses r\u00e9parties sur la place avec de la musique pour \u00e9gayer le tout. On aurait aim\u00e9 un peu plus de mouvement. Dommage\u2026 Mais les photos rendent tr\u00e8s bien pour ceux qui h\u00e9sitent \u00e0 aller faire un tour\u2026<\/p>\n<p><img loading=\"lazy\" decoding=\"async\" style=\"display: block; margin-left: auto; margin-right: auto;\" src=\"https:\/\/www.europesays.com\/fr\/wp-content\/uploads\/2025\/12\/fetelumieres4-78759.jpg\" alt=\"\" width=\"500\" height=\"375\"\/><\/p>\n<p><strong>Journey of a Lamp Post<\/strong><\/p>\n<p>Autant vous dire qu\u2019il faut s\u2019armer de patience une nouvelle fois pour acc\u00e9der au parc de la T\u00eate d\u2019Or et son tr\u00e8s attendu spectacle de drones. Afin de faire patienter les visiteurs, un cheminement a \u00e9t\u00e9 mis en place depuis l\u2019entr\u00e9e au niveau de la Porte T\u00eate d\u2019Or sur le boulevard des Belges. Petite d\u00e9ception pour les \u0153uvres install\u00e9es le long du parcours, notamment Journey of a Lamp Post. \u00ab\u00a0Ce sont des sauterelles ?\u00a0\u00bb, a-t-on pu entendre. Non juste des lampadaires courb\u00e9s\u2026<\/p>\n<p><img loading=\"lazy\" decoding=\"async\" style=\"display: block; margin-left: auto; margin-right: auto;\" src=\"https:\/\/www.europesays.com\/fr\/wp-content\/uploads\/2025\/12\/fetelumieres6-2975.jpg\" alt=\"\" width=\"500\" height=\"375\"\/><\/p>\n","protected":false},"excerpt":{"rendered":"Nouvelle soir\u00e9e ce dimanche pour la F\u00eate des Lumi\u00e8res. L\u2019\u00e9dition 2025 de la F\u00eate des Lumi\u00e8res bat son&hellip;\n","protected":false},"author":2,"featured_media":584296,"comment_status":"","ping_status":"","sticky":false,"template":"","format":"standard","meta":{"footnotes":""},"categories":[1889],"tags":[1111,11,2813,2190,2430,1109,251,1112,2811,1777,674,118,1011,27,1922,1110,1114,2428,2810,12,241,316,25,2812,517,800],"class_list":{"0":"post-584295","1":"post","2":"type-post","3":"status-publish","4":"format-standard","5":"has-post-thumbnail","7":"category-lyon","8":"tag-actu","9":"tag-actualites","10":"tag-article","11":"tag-asvel","12":"tag-auvergne-rhone-alpes","13":"tag-breves","14":"tag-culture","15":"tag-depeches","16":"tag-economique","17":"tag-eu","18":"tag-europe","19":"tag-faits-divers","20":"tag-fr","21":"tag-france","22":"tag-info","23":"tag-informations","24":"tag-infos","25":"tag-lyon","26":"tag-lyonmag","27":"tag-news","28":"tag-ol","29":"tag-politique","30":"tag-republique-francaise","31":"tag-sociale","32":"tag-sport","33":"tag-transports"},"share_on_mastodon":{"url":"https:\/\/pubeurope.com\/@fr\/115678584962418796","error":""},"_links":{"self":[{"href":"https:\/\/www.europesays.com\/fr\/wp-json\/wp\/v2\/posts\/584295","targetHints":{"allow":["GET"]}}],"collection":[{"href":"https:\/\/www.europesays.com\/fr\/wp-json\/wp\/v2\/posts"}],"about":[{"href":"https:\/\/www.europesays.com\/fr\/wp-json\/wp\/v2\/types\/post"}],"author":[{"embeddable":true,"href":"https:\/\/www.europesays.com\/fr\/wp-json\/wp\/v2\/users\/2"}],"replies":[{"embeddable":true,"href":"https:\/\/www.europesays.com\/fr\/wp-json\/wp\/v2\/comments?post=584295"}],"version-history":[{"count":0,"href":"https:\/\/www.europesays.com\/fr\/wp-json\/wp\/v2\/posts\/584295\/revisions"}],"wp:featuredmedia":[{"embeddable":true,"href":"https:\/\/www.europesays.com\/fr\/wp-json\/wp\/v2\/media\/584296"}],"wp:attachment":[{"href":"https:\/\/www.europesays.com\/fr\/wp-json\/wp\/v2\/media?parent=584295"}],"wp:term":[{"taxonomy":"category","embeddable":true,"href":"https:\/\/www.europesays.com\/fr\/wp-json\/wp\/v2\/categories?post=584295"},{"taxonomy":"post_tag","embeddable":true,"href":"https:\/\/www.europesays.com\/fr\/wp-json\/wp\/v2\/tags?post=584295"}],"curies":[{"name":"wp","href":"https:\/\/api.w.org\/{rel}","templated":true}]}}