{"id":584301,"date":"2025-12-07T13:47:21","date_gmt":"2025-12-07T13:47:21","guid":{"rendered":"https:\/\/www.europesays.com\/fr\/584301\/"},"modified":"2025-12-07T13:47:21","modified_gmt":"2025-12-07T13:47:21","slug":"le-magicien-georgien-fait-mouche-samba-et-jacquet-a-la-faute-barcola-encore-rate-coups-de-coeur-et-coups-de-griffe","status":"publish","type":"post","link":"https:\/\/www.europesays.com\/fr\/584301\/","title":{"rendered":"le \u00abmagicien g\u00e9orgien\u00bb fait mouche, Samba et Jacquet \u00e0 la faute, Barcola encore rat\u00e9&#8230; Coups de c\u0153ur et coups de griffe"},"content":{"rendered":"<p>\n    Au-del\u00e0 du r\u00e9sultat final, ce qu\u2019il faut retenir apr\u00e8s l\u2019\u00e9clatante victoire parisienne sur Rennes (5-0) ce samedi, au Parc des Princes, lors de la 15e journ\u00e9e de Ligue 1.<\/p>\n<p class=\"fig-paragraph\"><strong>COUPS DE C\u0152UR<\/strong><\/p>\n<p>                                            \u00abKvara\u00bb dans un grand soir<\/p>\n<p class=\"fig-paragraph\">Depuis le d\u00e9but de la saison, on lui a souvent reproch\u00e9 &#8211; \u00e0 juste titre &#8211; de montrer deux visages entre la Ligue des champions et le championnat. Samedi soir, lors de la victoire parisienne\u00a0<a href=\"http:\/\/www.lefigaro.fr\/sports\/football\/ligue-1\/ligue-1-le-psg-ecrase-rennes-et-termine-parfaitement-l-annee-au-parc-des-princes-20251206\" target=\"_blank\" data-fig-type=\"NewsFlash\" rel=\"noopener\" data-gtm-custom-categorie=\"navigation\" data-gtm-custom-action=\"crossclick\" data-gtm-custom-label=\"Contextuel\" data-gtm-event=\"customEventSPE\" data-fig-domain=\"LEFIGARO\">sur Rennes (5-0)<\/a>, pour le compte de\u00a0<a href=\"https:\/\/www.lefigaro.fr\/sports\/football\/ligue-1\/calendrier-resultats?journee=15\" target=\"_blank\" rel=\"noopener\" data-gtm-custom-categorie=\"navigation\" data-gtm-custom-action=\"crossclick\" data-gtm-custom-label=\"Contextuel\" data-gtm-event=\"customEventSPE\">la 15e journ\u00e9e de Ligue 1<\/a>, Khvicha Kvaratskhelia a sorti le grand jeu. Agressif sans le ballon, pas avare de ses efforts, le G\u00e9orgien a aussi et surtout m\u00e9rit\u00e9 du surnom de magicien dont le speaker du Parc des Princes l\u2019a affubl\u00e9. L\u2019ex-Napolitain n\u2019a pas cess\u00e9 de provoquer \u00e0 gauche. Et c\u2019est tout seul, comme un grand, qu\u2019il a marqu\u00e9 du droit pour le 1-0, apr\u00e8s avoir chant\u00e9 la chanson \u00e0 Przemyslaw Frankowski. En seconde p\u00e9riode, il n\u2019a pas baiss\u00e9 de rythme et a \u00e9t\u00e9 r\u00e9compens\u00e9 de ses efforts en marquant en force, apr\u00e8s une grosse erreur de relance de Brice Samba (voir ci-dessous). Tout bon. On attendait une r\u00e9ponse de Paris mais aussi de \u00abKvara\u00bb. On les a eues.<\/p>\n<p>                                            <a class=\"fig-a11y-skip\" href=\"#fig-a11y-skip-main-inarticle\" data-module=\"a11y-skip\" data-context=\"was @visible\"><br \/>\n    Passer la publicit\u00e9<br \/>\n<\/a>            <\/p>\n<p class=\"fig-paragraph\">Parmi les satisfactions parisiennes du soir, citons le solide Willian Pacho derri\u00e8re, l\u2019hyperactif Jo\u00e3o Neves \u2013 passeur d\u00e9cisif mais auteur de quelques relances myst\u00e9rieuses \u2013 et l\u2019\u00e9nergique Warren Za\u00efre-Emery, qui continue d\u2019assurer l\u2019int\u00e9rim \u00e0 droite en l\u2019absence du Marocain Achraf Hakimi.<\/p>\n<p>                                            Comme Digard, Beye a tenu parole<\/p>\n<p class=\"fig-paragraph\"><a href=\"http:\/\/www.lefigaro.fr\/sports\/football\/ligue-1\/psg-le-havre-chevalier-solide-digard-courageux-beraldo-pas-au-niveau-coups-de-coeur-et-coups-de-griffe-20251122\" data-fig-type=\"NewsFlash\" data-gtm-custom-categorie=\"navigation\" data-gtm-custom-action=\"crossclick\" data-gtm-custom-label=\"Contextuel\" data-gtm-event=\"customEventSPE\" data-fig-domain=\"LEFIGARO\" target=\"_blank\" rel=\"noopener\">\u00c0 l\u2019image de Didier Digard avec Le Havre (3-0)<\/a>, Habib Beye avait r\u00e9clam\u00e9 \u00e0 ses joueurs de venir au Parc \u00abavec beaucoup de confiance et l\u2019ambition de poser des probl\u00e8mes\u00bb aux Parisiens. Ils l\u2019ont fait. Positionn\u00e9s hauts sur le terrain et agressifs dans les duels, les Bretons ont tent\u00e9 de jouer leur jeu, avec quelques s\u00e9quences de possession ici et l\u00e0 et surtout des transitions rapides. \u00c7a aurait pu marcher. Sauf que les Parisiens,\u00a0<a href=\"http:\/\/www.lefigaro.fr\/sports\/football\/ligue-1\/ligue-1-monaco-fait-chuter-le-paris-sg-20251129\" target=\"_blank\" data-fig-type=\"NewsFlash\" rel=\"noopener\" data-gtm-custom-categorie=\"navigation\" data-gtm-custom-action=\"crossclick\" data-gtm-custom-label=\"Contextuel\" data-gtm-event=\"customEventSPE\" data-fig-domain=\"LEFIGARO\">battus \u00e0 Monaco (1-0)<\/a>\u00a0lors de leur derni\u00e8re sortie et rel\u00e9gu\u00e9s \u00e0 quatre points du leader lensois avant le coup d\u2019envoi, ont r\u00e9cit\u00e9 un football de qualit\u00e9. Et ils ont ainsi stopp\u00e9 la belle s\u00e9rie de quatre victoires cons\u00e9cutives du Stade rennais en Ligue 1. Mais au moins, les Bretons ont essay\u00e9. Ils n\u2019ont pas \u00e0 rougir. En tout cas pas sur la premi\u00e8re p\u00e9riode et jusqu\u2019aux impairs de Samba et Jacquet (voir par ailleurs)&#8230; Ils ont simplement \u00e9t\u00e9 battus par plus forts, m\u00eame si on peut reprocher \u00e0 coach Beye de ne pas avoir su endiguer la chute des siens.<\/p>\n<p class=\"fig-body-link\">\n            \u00c0 lire aussi<br \/>\n        <a class=\"fig-body-link__link\" href=\"http:\/\/www.lefigaro.fr\/sports\/football\/ligue-1\/ligue-1-le-psg-ecrase-rennes-et-termine-parfaitement-l-annee-au-parc-des-princes-20251206\" data-fig-type=\"NewsFlash\" data-gtm-custom-categorie=\"navigation\" data-gtm-custom-action=\"crossclick\" data-gtm-custom-label=\"Contextuel\" data-gtm-event=\"customEventSPE\" data-fig-domain=\"LEFIGARO\" target=\"_blank\" rel=\"noopener\"><\/p>\n<p>        Ligue 1\u00a0: emmen\u00e9 par un grand Kvaratskhelia, le PSG d\u00e9roule face \u00e0 Rennes<br \/>\n    <\/a>\n<\/p>\n<p>                                            Safonov a tenu son rang<\/p>\n<p class=\"fig-paragraph\">\u00c0 d\u00e9faut de relancer la concurrence pour la place de titulaire face \u00e0 Lucas Chevalier, il est bien juste de constater que Matfey Safonov a r\u00e9alis\u00e9 une belle sortie samedi soir. Pour son premier match de la saison dans les cages parisiennes, le portier russe a d\u00fb s\u2019employer face \u00e0 Esteban Lepaul en premi\u00e8re p\u00e9riode. Un sacr\u00e9 arr\u00eat\u2026 Dans la continuit\u00e9 de l\u2019action, le PSG a ouvert la marque. D\u00e9cisif. Apr\u00e8s le repos, les Bretons l\u2019ont laiss\u00e9 tranquille, incapables de s\u2019approcher de son but. Le travail avait d\u00e9j\u00e0 \u00e9t\u00e9 fait. Une prestation qui fera le plus grand bien \u00e0 l\u2019ancien gardien de Kazan, c\u2019est s\u00fbr.<\/p>\n<p>                                            Lepaul, un sacr\u00e9 joueur<\/p>\n<p class=\"fig-paragraph\">Certes, il n\u2019a pas eu le loisir d\u2019ajouter un neuvi\u00e8me but \u00e0 sa collection. Ce n\u2019est toutefois pas faute d\u2019avoir essay\u00e9. D\u00e9bauch\u00e9 \u00e0 Angers l\u2019\u00e9t\u00e9 dernier, Esteban Lepaul a laiss\u00e9 entrevoir samedi soir toutes ses qualit\u00e9s, celles d\u2019un tr\u00e8s bon attaquant de notre championnat. Sans un grand Safonov, c\u2019est lui qui aurait ouvert le score en premi\u00e8re p\u00e9riode (28e). Juste avant, il a fallu un retour fameux de Pacho pour l\u2019emp\u00eacher de reprendre un centre du Jordanien Moussa Al-Tamari (27e). Dans un contexte pas \u00e9vident et avec de s\u00e9rieux clients, le natif d\u2019Auxerre est l\u2019une des satisfactions rennaises.<\/p>\n<p class=\"fig-paragraph\"><strong>COUPS DE GRIFFE<\/strong><\/p>\n<p>                                            <a class=\"fig-a11y-skip\" href=\"#fig-a11y-skip-main-inarticle_mtf\" data-module=\"a11y-skip\" data-context=\"was @visible\"><br \/>\n    Passer la publicit\u00e9<br \/>\n<\/a>            <\/p>\n<p>                                            Samba et Jacquet en fossoyeurs<\/p>\n<p class=\"fig-paragraph\">Certes, il y avait d\u00e9j\u00e0 2-0 en faveur des locaux \u00e0 ce moment-l\u00e0. Et d\u2019ailleurs, il avait largement \u0153uvr\u00e9 pour que l\u2019addition ne soit pas plus cors\u00e9e que cela. Brice Samba s\u2019est toutefois compl\u00e8tement d\u00e9chir\u00e9 sur le troisi\u00e8me but parisien. Sur une passe en retrait, le portier international tricolore prenait son temps, sans trop de pression adverse. Et il trouvait int\u00e9ressant de donner un ballon en or \u00e0\u2026 Bradley Barcola. Derri\u00e8re, Mayulu n\u2019avait plus qu\u2019\u00e0 trouver \u00abKvara\u00bb, qui ne s\u2019est pas pos\u00e9 de question. Une b\u00e9vue qui enterrait d\u00e9finitivement les espoirs du Stade rennais\u2026 Dans ce contexte, l\u2019expulsion de J\u00e9r\u00e9my Jacquet \u00e0 la 74e, \u00e0 3-0, relevait de l\u2019anecdote. On peut n\u00e9anmoins souligner que ce deuxi\u00e8me jaune, une grosse semelle sur Gon\u00e7alo Ramos, \u00e9tait \u00e9vitable\u2026 En plus, elle a impliqu\u00e9 l\u2019implosion \u00e0 la fin.<\/p>\n<p>                                            Barcola, encore rat\u00e9<\/p>\n<p class=\"fig-paragraph\">Vous avez le droit de penser que c\u2019est dur de placer Bradley Barcola dans les coups de griffe, de dire que certains Rennais, comme le pauvre Abdelhamid A\u00eft Boudlal qui a tant souffert face \u00e0 \u00abKvara\u00bb par exemple, auraient davantage m\u00e9rit\u00e9 de s\u2019y retrouver. Pas faux. On ne vous en voudrait pas. Mais ceux-l\u00e0 n\u2019ont pas le talent de l\u2019ancien Lyonnais. On ne peut pas lui reprocher un manque d\u2019envie, d\u2019investissement. Il est dangereux. Il se cr\u00e9e des occasions. Mais dans le dernier geste, Barcola traverse une sale p\u00e9riode. Toujours un contr\u00f4le en trop, une touche superflue, un geste inappropri\u00e9. Au moins, il est impliqu\u00e9 sur le troisi\u00e8me but parisien. Mais dans un match comme celui-ci et avec ses qualit\u00e9s, Bradley Barcola n\u2019aurait pas juste pu marquer, il aurait d\u00fb faire trembler les filets de Samba. Encore rat\u00e9.<\/p>\n","protected":false},"excerpt":{"rendered":"Au-del\u00e0 du r\u00e9sultat final, ce qu\u2019il faut retenir apr\u00e8s l\u2019\u00e9clatante victoire parisienne sur Rennes (5-0) ce samedi, au&hellip;\n","protected":false},"author":2,"featured_media":584302,"comment_status":"","ping_status":"","sticky":false,"template":"","format":"standard","meta":{"footnotes":""},"categories":[1888],"tags":[1111,1928,11,1927,1777,674,1011,27,13297,12,1926,2334,626,1925,93,25,3087],"class_list":{"0":"post-584301","1":"post","2":"type-post","3":"status-publish","4":"format-standard","5":"has-post-thumbnail","7":"category-paris","8":"tag-actu","9":"tag-actu-paris","10":"tag-actualites","11":"tag-actualites-paris","12":"tag-eu","13":"tag-europe","14":"tag-fr","15":"tag-france","16":"tag-khvicha-kvaratskhelia","17":"tag-news","18":"tag-news-paris","19":"tag-parc-des-princes","20":"tag-paris","21":"tag-paris-news","22":"tag-psg","23":"tag-republique-francaise","24":"tag-stade-rennais"},"share_on_mastodon":{"url":"https:\/\/pubeurope.com\/@fr\/115678599238466470","error":""},"_links":{"self":[{"href":"https:\/\/www.europesays.com\/fr\/wp-json\/wp\/v2\/posts\/584301","targetHints":{"allow":["GET"]}}],"collection":[{"href":"https:\/\/www.europesays.com\/fr\/wp-json\/wp\/v2\/posts"}],"about":[{"href":"https:\/\/www.europesays.com\/fr\/wp-json\/wp\/v2\/types\/post"}],"author":[{"embeddable":true,"href":"https:\/\/www.europesays.com\/fr\/wp-json\/wp\/v2\/users\/2"}],"replies":[{"embeddable":true,"href":"https:\/\/www.europesays.com\/fr\/wp-json\/wp\/v2\/comments?post=584301"}],"version-history":[{"count":0,"href":"https:\/\/www.europesays.com\/fr\/wp-json\/wp\/v2\/posts\/584301\/revisions"}],"wp:featuredmedia":[{"embeddable":true,"href":"https:\/\/www.europesays.com\/fr\/wp-json\/wp\/v2\/media\/584302"}],"wp:attachment":[{"href":"https:\/\/www.europesays.com\/fr\/wp-json\/wp\/v2\/media?parent=584301"}],"wp:term":[{"taxonomy":"category","embeddable":true,"href":"https:\/\/www.europesays.com\/fr\/wp-json\/wp\/v2\/categories?post=584301"},{"taxonomy":"post_tag","embeddable":true,"href":"https:\/\/www.europesays.com\/fr\/wp-json\/wp\/v2\/tags?post=584301"}],"curies":[{"name":"wp","href":"https:\/\/api.w.org\/{rel}","templated":true}]}}