{"id":584303,"date":"2025-12-07T13:48:25","date_gmt":"2025-12-07T13:48:25","guid":{"rendered":"https:\/\/www.europesays.com\/fr\/584303\/"},"modified":"2025-12-07T13:48:25","modified_gmt":"2025-12-07T13:48:25","slug":"pister-les-chiens-dans-les-galeries-du-louvre","status":"publish","type":"post","link":"https:\/\/www.europesays.com\/fr\/584303\/","title":{"rendered":"Pister les chiens dans les galeries du Louvre"},"content":{"rendered":"<p>On n&rsquo;avait pas attendu la\u00a0campagne estivale de Louis Vuitton mettant en sc\u00e8ne de fringants British et leurs trop mignons fid\u00e8les compagnons \u00e0 quatre pattes pour savoir que ces derniers sont plus qu&rsquo;un cute factor faisant fondre et franchir les seuils des boutiques, ou m\u00eame qu&rsquo;un simple accessoire de luxe ou de mode\u00a0: ils sont des marqueurs de pouvoir et de civilisation.<\/p>\n<p>On s&rsquo;en convainc joyeusement en feuilletant le charmant ouvrage de Martin Bethenod, Le Louvre et ses chiens. On peut sans doute s&rsquo;amuser \u00e0 lire dans le titre un hommage \u00e0 celui du roman de Paul Morand H\u00e9cate et ses chiens. On peut surtout partir avec dans les galeries du mus\u00e9e et pister les milliers de chiens qui s&rsquo;y nichent, des antiquit\u00e9s \u00e9gyptiennes avec Anubis en superstar aux gisants ou aux sculptures de Puget, de la s\u00e9rie de tapisseries dites des Chasses de Maximilien aux fa\u00efences de la Renaissance italienne, de Mantegna \u00e0 V\u00e9ron\u00e8se \u2013\u00a0qui donna son nom \u00e0 une race d&rsquo;\u00e9pagneul nain\u00a0\u2013 et les autres.<\/p>\n<p>\n\u00c0 D\u00e9couvrir<br \/>\n<strong class=\"discover-kangourou__line\"><br \/>\n<img decoding=\"async\" class=\"discover-kangourou__img\" src=\"https:\/\/static.lpnt.fr\/static\/img\/kangourou\/kangourou_filled.svg\"\/><br \/>\n<strong class=\"discover-kangourou__txt\"><br \/>\n<strong>Le Kangourou du jour<\/strong><br \/>\n<a href=\"https:\/\/kangourou.lepoint.fr\" title=\"kangourou\" data-gtm-cta=\"kangourou_article\" class=\"discover-kangourou__lnk\" target=\"_blank\" rel=\"noopener\"><br \/>\nR\u00e9pondre<br \/>\n<\/a><br \/>\n<\/strong><br \/>\n<\/strong><br \/>\nAu\u00a0passage, on n&rsquo;oubliera pas de tenter de percer le myst\u00e8re du chien fant\u00f4me de La Mort de Sardanapale, de Delacroix. Un jeu de piste animal qui permet d&rsquo;arpenter la salle des \u00c9tats sans daigner regarder la Joconde \u2013\u00a0peut-on \u00eatre plus chic\u00a0?\u00a0<\/p>\n<p>\u00ab\u00a0Le Louvre et ses chiens\u00a0\u00bb, de Martin Bethenod (Norma, 352\u00a0p., 39\u00a0\u20ac).<\/p>\n<p>Toute l\u2019actualit\u00e9 \u00e0 1\u20ac le premier mois<\/p>\n<p><a href=\"https:\/\/abo.lepoint.fr\/?provenance=21EDI020098\" class=\"btn\" title=\"S&#039;abonner\" data-gtm=\"click:abo|display:abo\" data-campaign=\"paywall_maison\" target=\"_blank\" rel=\"noopener\">S&rsquo;abonner<\/a><\/p>\n<p>ou<\/p>\n","protected":false},"excerpt":{"rendered":"On n&rsquo;avait pas attendu la\u00a0campagne estivale de Louis Vuitton mettant en sc\u00e8ne de fringants British et leurs trop&hellip;\n","protected":false},"author":2,"featured_media":584304,"comment_status":"","ping_status":"","sticky":false,"template":"","format":"standard","meta":{"footnotes":""},"categories":[1888],"tags":[11,1777,674,1011,27,3094,12,626,25],"class_list":{"0":"post-584303","1":"post","2":"type-post","3":"status-publish","4":"format-standard","5":"has-post-thumbnail","7":"category-paris","8":"tag-actualites","9":"tag-eu","10":"tag-europe","11":"tag-fr","12":"tag-france","13":"tag-musee-du-louvre","14":"tag-news","15":"tag-paris","16":"tag-republique-francaise"},"share_on_mastodon":{"url":"https:\/\/pubeurope.com\/@fr\/115678604223729167","error":""},"_links":{"self":[{"href":"https:\/\/www.europesays.com\/fr\/wp-json\/wp\/v2\/posts\/584303","targetHints":{"allow":["GET"]}}],"collection":[{"href":"https:\/\/www.europesays.com\/fr\/wp-json\/wp\/v2\/posts"}],"about":[{"href":"https:\/\/www.europesays.com\/fr\/wp-json\/wp\/v2\/types\/post"}],"author":[{"embeddable":true,"href":"https:\/\/www.europesays.com\/fr\/wp-json\/wp\/v2\/users\/2"}],"replies":[{"embeddable":true,"href":"https:\/\/www.europesays.com\/fr\/wp-json\/wp\/v2\/comments?post=584303"}],"version-history":[{"count":0,"href":"https:\/\/www.europesays.com\/fr\/wp-json\/wp\/v2\/posts\/584303\/revisions"}],"wp:featuredmedia":[{"embeddable":true,"href":"https:\/\/www.europesays.com\/fr\/wp-json\/wp\/v2\/media\/584304"}],"wp:attachment":[{"href":"https:\/\/www.europesays.com\/fr\/wp-json\/wp\/v2\/media?parent=584303"}],"wp:term":[{"taxonomy":"category","embeddable":true,"href":"https:\/\/www.europesays.com\/fr\/wp-json\/wp\/v2\/categories?post=584303"},{"taxonomy":"post_tag","embeddable":true,"href":"https:\/\/www.europesays.com\/fr\/wp-json\/wp\/v2\/tags?post=584303"}],"curies":[{"name":"wp","href":"https:\/\/api.w.org\/{rel}","templated":true}]}}