{"id":584307,"date":"2025-12-07T13:50:45","date_gmt":"2025-12-07T13:50:45","guid":{"rendered":"https:\/\/www.europesays.com\/fr\/584307\/"},"modified":"2025-12-07T13:50:45","modified_gmt":"2025-12-07T13:50:45","slug":"la-nouvelle-strategie-de-securite-americaine-est-globalement-conforme-a-la-vision-de-la-russie-estime-le-kremlin","status":"publish","type":"post","link":"https:\/\/www.europesays.com\/fr\/584307\/","title":{"rendered":"La nouvelle strat\u00e9gie de s\u00e9curit\u00e9 am\u00e9ricaine est \u00ab\u00a0globalement conforme\u00a0\u00bb \u00e0 la vision de la Russie, estime le Kremlin"},"content":{"rendered":"\n<p class=\"c-chapo \">\n  Le porte-parole de Vladimir Poutine dit esp\u00e9rer que la nouvelle strat\u00e9gie de la Maison Blanche puisse permettre \u00e0 la Russie de \u00ab\u00a0poursuivre de mani\u00e8re constructive le travail commun [avec les Etats-Unis] pour trouver un r\u00e8glement pacifique en Ukraine\u00a0\u00bb.\n<\/p>\n<p>      lire plus tard<\/p>\n<p id=\"dialog__title\" class=\"dialog__title\">Pour sauvegarder cet article, connectez-vous ou cr\u00e9ez un compte franceinfo<\/p>\n<p class=\"dialog__description\">Sans paiement. Sans abonnement.<\/p>\n<p>        Fermer la fen\u00eatre d\u2019activation des notifications France Info<\/p>\n<p>      cr\u00e9er votre compte<\/p>\n<p>      se connecter<\/p>\n<p>        Fermer la fen\u00eatre de pr\u00e9sentation<\/p>\n<p>    <img loading=\"lazy\" decoding=\"async\" class=\"signature__image lazyload\" width=\"100\" height=\"100\" data- alt=\"\" src=\"https:\/\/www.europesays.com\/fr\/wp-content\/uploads\/2025\/05\/64a68815cd1a7_placeholder-36b69ec8.png\"\/><\/p>\n<p>    Publi\u00e9 le 07\/12\/2025 11:54<\/p>\n<p>      Mis \u00e0 jour le 07\/12\/2025 12:53<\/p>\n<p>        Temps de lecture : 1min<\/p>\n<p>    <img decoding=\"async\"  alt=\"Le porte-parole du Kremlin, Dmitri Peskov, \u00e0 Moscou, le 19 novembre 2025. (RAMIL SITDIKOV \/ AFP)\" width=\"432\" height=\"243\" src=\"https:\/\/www.europesays.com\/fr\/wp-content\/uploads\/2025\/12\/000-84jp9n7-693558741c87c117230892.jpg\" fetchpriority=\"high\"\/><\/p>\n<p>      Le porte-parole du Kremlin, Dmitri Peskov, \u00e0 Moscou, le 19 novembre 2025. (RAMIL SITDIKOV \/ AFP)<\/p>\n<p>Une validation lourde de sens. La Russie a accueilli favorablement, dimanche 7\u00a0d\u00e9cembre, <a href=\"https:\/\/www.franceinfo.fr\/replay-jt\/france-2\/20-heures\/strategie-de-securite-nationale-des-etats-unis-donald-trump-confirme-son-divorce-avec-l-union-europeenne_7662595.html\" target=\"_blank\" rel=\"noopener\">la nouvelle strat\u00e9gie de s\u00e9curit\u00e9 nationale des Etats-Unis<\/a>, affirmant que ses ajustements majeurs, qui rel\u00e8vent d&rsquo;une approche r\u00e9solument nationaliste de la pr\u00e9sidence de Donald Trump, correspondent\u00a0\u00e0 la vision de Moscou.<\/p>\n<p>\u00ab\u00a0Les ajustements que nous observons sont globalement conformes \u00e0 notre vision\u00a0\u00bb, a d\u00e9clar\u00e9 le porte-parole du Kremlin, Dmitri Peskov, dans un entretien accord\u00e9 \u00e0 la t\u00e9l\u00e9vision publique russe Rossia, au sujet de ce document rendu public vendredi. Dmitri Peskov a dit esp\u00e9rer que la nouvelle strat\u00e9gie de Washington puisse permettre \u00e0 la Russie de \u00ab\u00a0poursuivre de mani\u00e8re constructive le travail commun [avec les Etats-Unis] pour trouver un r\u00e8glement pacifique en Ukraine\u00a0\u00bb.<\/p>\n<p>Le texte diffus\u00e9 par le gouvernement am\u00e9ricain red\u00e9finit sa \u00ab\u00a0strat\u00e9gie de s\u00e9curit\u00e9 nationale\u00a0\u00bb en accord avec la position de Donald Trump en faveur de \u00ab\u00a0l&rsquo;Am\u00e9rique d&rsquo;abord\u00a0\u00bb. Il s&rsquo;en prend vivement aux Europ\u00e9ens, soutenant que le Vieux Continent <a href=\"https:\/\/www.franceinfo.fr\/monde\/usa\/presidentielle\/donald-trump\/l-administration-trump-predit-l-effacement-civilisationnel-de-l-europe_7660426.html\" target=\"_blank\" rel=\"noopener\">est confront\u00e9 \u00e0 un \u00ab\u00a0effacement civilisationnel\u00a0\u00bb<\/a> d\u00fb \u00e0 l&rsquo;immigration. Le document promet \u00e9galement qu&rsquo;il n&rsquo;y aura pas d&rsquo;\u00e9largissement de l&rsquo;Otan, an\u00e9antissant une fois de plus les espoirs de l&rsquo;Ukraine qui subit l&rsquo;invasion russe.<\/p>\n<p>Il y aura \u00ab\u00a0un r\u00e9ajustement de notre pr\u00e9sence militaire mondiale pour r\u00e9pondre aux menaces urgentes sur notre continent et un \u00e9loignement des th\u00e9\u00e2tres dont l&rsquo;importance relative pour la s\u00e9curit\u00e9 nationale am\u00e9ricaine a diminu\u00e9 ces derni\u00e8res ann\u00e9es ou d\u00e9cennies\u00a0\u00bb, y lit-on. \u00ab\u00a0L&rsquo;\u00e9poque o\u00f9 les Etats-Unis soutenaient l&rsquo;ordre mondial tout entier, tel Atlas, est r\u00e9volue\u00a0\u00bb, souligne-t-il.<\/p>\n","protected":false},"excerpt":{"rendered":"Le porte-parole de Vladimir Poutine dit esp\u00e9rer que la nouvelle strat\u00e9gie de la Maison Blanche puisse permettre \u00e0&hellip;\n","protected":false},"author":2,"featured_media":584308,"comment_status":"","ping_status":"","sticky":false,"template":"","format":"standard","meta":{"footnotes":""},"categories":[1591],"tags":[11,1887,12,1885,1886,132],"class_list":{"0":"post-584307","1":"post","2":"type-post","3":"status-publish","4":"format-standard","5":"has-post-thumbnail","7":"category-russie","8":"tag-actualites","9":"tag-federation-de-russie","10":"tag-news","11":"tag-russia","12":"tag-russian-federation","13":"tag-russie"},"share_on_mastodon":{"url":"https:\/\/pubeurope.com\/@fr\/115678611729761513","error":""},"_links":{"self":[{"href":"https:\/\/www.europesays.com\/fr\/wp-json\/wp\/v2\/posts\/584307","targetHints":{"allow":["GET"]}}],"collection":[{"href":"https:\/\/www.europesays.com\/fr\/wp-json\/wp\/v2\/posts"}],"about":[{"href":"https:\/\/www.europesays.com\/fr\/wp-json\/wp\/v2\/types\/post"}],"author":[{"embeddable":true,"href":"https:\/\/www.europesays.com\/fr\/wp-json\/wp\/v2\/users\/2"}],"replies":[{"embeddable":true,"href":"https:\/\/www.europesays.com\/fr\/wp-json\/wp\/v2\/comments?post=584307"}],"version-history":[{"count":0,"href":"https:\/\/www.europesays.com\/fr\/wp-json\/wp\/v2\/posts\/584307\/revisions"}],"wp:featuredmedia":[{"embeddable":true,"href":"https:\/\/www.europesays.com\/fr\/wp-json\/wp\/v2\/media\/584308"}],"wp:attachment":[{"href":"https:\/\/www.europesays.com\/fr\/wp-json\/wp\/v2\/media?parent=584307"}],"wp:term":[{"taxonomy":"category","embeddable":true,"href":"https:\/\/www.europesays.com\/fr\/wp-json\/wp\/v2\/categories?post=584307"},{"taxonomy":"post_tag","embeddable":true,"href":"https:\/\/www.europesays.com\/fr\/wp-json\/wp\/v2\/tags?post=584307"}],"curies":[{"name":"wp","href":"https:\/\/api.w.org\/{rel}","templated":true}]}}