{"id":58431,"date":"2025-04-28T04:53:14","date_gmt":"2025-04-28T04:53:14","guid":{"rendered":"https:\/\/www.europesays.com\/fr\/58431\/"},"modified":"2025-04-28T04:53:14","modified_gmt":"2025-04-28T04:53:14","slug":"les-jaguars-de-lyon-senvolent-pour-les-championnats-du-monde-en-floride","status":"publish","type":"post","link":"https:\/\/www.europesays.com\/fr\/58431\/","title":{"rendered":"les Jaguars de Lyon s\u2019envolent pour les championnats du monde\u00a0en Floride"},"content":{"rendered":"<p>Ils comptent de 1 \u00e0 8 en anglais en rythme, certains se font propulser en l\u2019air, d\u2019autres r\u00e9ceptionnent. Parfois, ils \u00e9chouent ou chutent, mais gardent toujours le sourire.\u00a0Dans le petit gymnase de Bellecombe \u00e0 Lyon, le groupe de <a href=\"https:\/\/www.leprogres.fr\/culture-loisirs\/2024\/11\/12\/quand-on-entend-cheerleading-on-pense-tout-de-suite-aux-jeunes-americaines-accompagnees-de-leurs\" target=\"_blank\" rel=\"nofollow noopener\">cheerleading<\/a> des Jaguars s\u2019exerce plusieurs fois par semaine pendant presque deux heures, avec en ligne de mire les championnats du monde \u00e0 Orlando d\u00e9but mai. Un r\u00eave devenu r\u00e9alit\u00e9 pour plusieurs d\u2019entre eux.<\/p>\n<p>Le cheerleading, bien plus que de la gymnastique<\/p>\n<p>L\u2019histoire de cette \u00ab\u00a0famille\u00a0\u00bb commence en 2011, gr\u00e2ce \u00e0 Morgan, coach principal et fondateur des Jaguars\u00a0: \u00ab\u00a0Je faisais partie d\u2019un autre club \u00e0 Lyon. Je voulais faire de la comp\u00e9tition \u00e0 plus haut niveau. On a&#8230;<\/p>\n","protected":false},"excerpt":{"rendered":"Ils comptent de 1 \u00e0 8 en anglais en rythme, certains se font propulser en l\u2019air, d\u2019autres r\u00e9ceptionnent.&hellip;\n","protected":false},"author":2,"featured_media":58432,"comment_status":"","ping_status":"","sticky":false,"template":"","format":"standard","meta":{"footnotes":""},"categories":[1889],"tags":[1111,11,2430,1687,2757,1777,674,107,1011,27,15465,2428,2756,12,25,2429,273,3151,104,3140,517,1631],"class_list":{"0":"post-58431","1":"post","2":"type-post","3":"status-publish","4":"format-standard","5":"has-post-thumbnail","7":"category-lyon","8":"tag-actu","9":"tag-actualites","10":"tag-auvergne-rhone-alpes","11":"tag-culture-loisirs","12":"tag-edition-lyon-villeurbanne","13":"tag-eu","14":"tag-europe","15":"tag-fil-info","16":"tag-fr","17":"tag-france","18":"tag-gymnastique","19":"tag-lyon","20":"tag-lyon-bassin","21":"tag-news","22":"tag-republique-francaise","23":"tag-rhone","24":"tag-selection-de-la-redaction","25":"tag-selection-de-la-redaction-69","26":"tag-societe","27":"tag-spectacle","28":"tag-sport","29":"tag-vie-associative"},"share_on_mastodon":{"url":"https:\/\/pubeurope.com\/@fr\/114413804131554857","error":""},"_links":{"self":[{"href":"https:\/\/www.europesays.com\/fr\/wp-json\/wp\/v2\/posts\/58431","targetHints":{"allow":["GET"]}}],"collection":[{"href":"https:\/\/www.europesays.com\/fr\/wp-json\/wp\/v2\/posts"}],"about":[{"href":"https:\/\/www.europesays.com\/fr\/wp-json\/wp\/v2\/types\/post"}],"author":[{"embeddable":true,"href":"https:\/\/www.europesays.com\/fr\/wp-json\/wp\/v2\/users\/2"}],"replies":[{"embeddable":true,"href":"https:\/\/www.europesays.com\/fr\/wp-json\/wp\/v2\/comments?post=58431"}],"version-history":[{"count":0,"href":"https:\/\/www.europesays.com\/fr\/wp-json\/wp\/v2\/posts\/58431\/revisions"}],"wp:featuredmedia":[{"embeddable":true,"href":"https:\/\/www.europesays.com\/fr\/wp-json\/wp\/v2\/media\/58432"}],"wp:attachment":[{"href":"https:\/\/www.europesays.com\/fr\/wp-json\/wp\/v2\/media?parent=58431"}],"wp:term":[{"taxonomy":"category","embeddable":true,"href":"https:\/\/www.europesays.com\/fr\/wp-json\/wp\/v2\/categories?post=58431"},{"taxonomy":"post_tag","embeddable":true,"href":"https:\/\/www.europesays.com\/fr\/wp-json\/wp\/v2\/tags?post=58431"}],"curies":[{"name":"wp","href":"https:\/\/api.w.org\/{rel}","templated":true}]}}