{"id":584311,"date":"2025-12-07T13:52:15","date_gmt":"2025-12-07T13:52:15","guid":{"rendered":"https:\/\/www.europesays.com\/fr\/584311\/"},"modified":"2025-12-07T13:52:15","modified_gmt":"2025-12-07T13:52:15","slug":"liran-annonce-le-retour-dune-cinquantaine-de-ses-ressortissants-depuis-les-etats-unis-apres-une-revision-de-lattribution-des-permis-de-residence","status":"publish","type":"post","link":"https:\/\/www.europesays.com\/fr\/584311\/","title":{"rendered":"L&rsquo;Iran annonce le retour d&rsquo;une cinquantaine de ses ressortissants depuis les \u00c9tats-Unis apr\u00e8s une r\u00e9vision de l&rsquo;attribution des permis de r\u00e9sidence"},"content":{"rendered":"<p>L&rsquo;Iran a annonc\u00e9, ce dimanche 7 d\u00e9cembre, le retour prochain des \u00c9tats-Unis d&rsquo;une cinquantaine de ses ressortissants. Un retour qui intervient la d\u00e9cision am\u00e9ricaine de r\u00e9examiner les permis de r\u00e9sidence d\u00e9livr\u00e9s aux ressortissants de 19 pays.<\/p>\n<p>T\u00e9h\u00e9ran a annonc\u00e9 dimanche le retour prochain des \u00c9tats-Unis d&rsquo;une cinquantaine de ses ressortissants, apr\u00e8s la d\u00e9cision am\u00e9ricaine de r\u00e9examiner les permis de r\u00e9sidence d\u00e9livr\u00e9s aux ressortissants de 19 pays \u00ab\u00a0jug\u00e9s pr\u00e9occupants\u00a0\u00bb, dont l&rsquo;<a href=\"https:\/\/rmcsport.bfmtv.com\/athletisme\/scandale-en-iran-apres-la-participation-de-femmes-non-voilees-a-un-marathon-des-organisateurs-arretes_AN-202512060276.html\" title=\"Scandale en Iran apr\u00e8s la participation de femmes non voil\u00e9es \u00e0 un marathon, des organisateurs arr\u00eat\u00e9s\" class=\"internal_link\" target=\"_blank\" rel=\"noopener\">Iran<\/a>.<\/p>\n<p>\u00ab\u00a0Dans les prochains jours, entre 50 et 55 ressortissants iraniens rentreront au pays\u00a0\u00bb, a d\u00e9clar\u00e9 le porte-parole de la diplomatie iranienne, Esma\u00efl Bagha\u00ef, rejetant les \u00ab\u00a0all\u00e9gations des autorit\u00e9s am\u00e9ricaines selon lesquelles ces individus auraient enfreint la l\u00e9gislation sur l&rsquo;immigration\u00a0\u00bb.<\/p>\n<p><strong>&gt;&gt; Plus d&rsquo;informations \u00e0 venir sur BFMTV.com\u2026<\/strong><\/p>\n<p>Partager <\/p>\n","protected":false},"excerpt":{"rendered":"L&rsquo;Iran a annonc\u00e9, ce dimanche 7 d\u00e9cembre, le retour prochain des \u00c9tats-Unis d&rsquo;une cinquantaine de ses ressortissants. Un&hellip;\n","protected":false},"author":2,"featured_media":584312,"comment_status":"","ping_status":"","sticky":false,"template":"","format":"standard","meta":{"footnotes":""},"categories":[1589],"tags":[11,73,1866,12,1864,1865,1863,308],"class_list":{"0":"post-584311","1":"post","2":"type-post","3":"status-publish","4":"format-standard","5":"has-post-thumbnail","7":"category-etats-unis","8":"tag-actualites","9":"tag-etats-unis","10":"tag-etats-unis-damerique","11":"tag-news","12":"tag-united-states","13":"tag-united-states-of-america","14":"tag-us","15":"tag-usa"},"share_on_mastodon":{"url":"https:\/\/pubeurope.com\/@fr\/115678618847291082","error":""},"_links":{"self":[{"href":"https:\/\/www.europesays.com\/fr\/wp-json\/wp\/v2\/posts\/584311","targetHints":{"allow":["GET"]}}],"collection":[{"href":"https:\/\/www.europesays.com\/fr\/wp-json\/wp\/v2\/posts"}],"about":[{"href":"https:\/\/www.europesays.com\/fr\/wp-json\/wp\/v2\/types\/post"}],"author":[{"embeddable":true,"href":"https:\/\/www.europesays.com\/fr\/wp-json\/wp\/v2\/users\/2"}],"replies":[{"embeddable":true,"href":"https:\/\/www.europesays.com\/fr\/wp-json\/wp\/v2\/comments?post=584311"}],"version-history":[{"count":0,"href":"https:\/\/www.europesays.com\/fr\/wp-json\/wp\/v2\/posts\/584311\/revisions"}],"wp:featuredmedia":[{"embeddable":true,"href":"https:\/\/www.europesays.com\/fr\/wp-json\/wp\/v2\/media\/584312"}],"wp:attachment":[{"href":"https:\/\/www.europesays.com\/fr\/wp-json\/wp\/v2\/media?parent=584311"}],"wp:term":[{"taxonomy":"category","embeddable":true,"href":"https:\/\/www.europesays.com\/fr\/wp-json\/wp\/v2\/categories?post=584311"},{"taxonomy":"post_tag","embeddable":true,"href":"https:\/\/www.europesays.com\/fr\/wp-json\/wp\/v2\/tags?post=584311"}],"curies":[{"name":"wp","href":"https:\/\/api.w.org\/{rel}","templated":true}]}}