{"id":584313,"date":"2025-12-07T13:53:13","date_gmt":"2025-12-07T13:53:13","guid":{"rendered":"https:\/\/www.europesays.com\/fr\/584313\/"},"modified":"2025-12-07T13:53:13","modified_gmt":"2025-12-07T13:53:13","slug":"royaume-uni-deces-du-photographe-britannique-martin-parr","status":"publish","type":"post","link":"https:\/\/www.europesays.com\/fr\/584313\/","title":{"rendered":"Royaume-Uni: D\u00e9c\u00e8s du photographe britannique Martin Parr"},"content":{"rendered":"<p>Publi\u00e97. d\u00e9cembre 2025, 14:42<\/p>\n<p>Royaume-Uni: D\u00e9c\u00e8s du photographe britannique Martin Parr<\/p>\n<p>C\u00e9l\u00e8bre pour son esth\u00e9tique satur\u00e9e et son regard ironique sur la vie quotidienne de ses compatriotes, le Britannique est d\u00e9c\u00e9d\u00e9 samedi \u00e0 73 ans.<\/p>\n<p><img loading=\"lazy\" decoding=\"async\" src=\"https:\/\/www.europesays.com\/fr\/wp-content\/uploads\/2025\/12\/a025a873-72cc-4b8e-9d3a-94c506c1acb2.jpg\" alt=\"Le photographe britannique Martin Parr, c\u00e9l\u00e8bre pour son esth\u00e9tique satur\u00e9e et son regard ironique sur la vie quotidienne de ses compatriotes, est d\u00e9c\u00e9d\u00e9 samedi.\" title=\"Le photographe britannique Martin Parr, c\u00e9l\u00e8bre pour son esth\u00e9tique satur\u00e9e et son regard ironique sur la vie quotidienne de ses compatriotes, est d\u00e9c\u00e9d\u00e9 samedi.\"  width=\"907\" height=\"573\"\/><\/p>\n<p>Le photographe britannique Martin Parr, c\u00e9l\u00e8bre pour son esth\u00e9tique satur\u00e9e et son regard ironique sur la vie quotidienne de ses compatriotes, est d\u00e9c\u00e9d\u00e9 samedi.<\/p>\n<p>AFP<\/p>\n<p>Le photographe britannique Martin Parr, c\u00e9l\u00e8bre pour son esth\u00e9tique satur\u00e9e et son regard ironique sur la vie quotidienne de ses compatriotes, est d\u00e9c\u00e9d\u00e9 samedi \u00e0 73 ans, a annonc\u00e9 sa fondation dimanche dans un communiqu\u00e9.<\/p>\n<p>\u00abC\u2019est avec une grande tristesse que nous annon\u00e7ons que Martin Parr (1952-2025) est d\u00e9c\u00e9d\u00e9 samedi \u00e0 son domicile \u00e0 Bristol\u00bb, a-t-elle annonc\u00e9 en m\u00eame temps que Magnum Photos, agence pour laquelle le photographe avait tr\u00e8s longtemps travaill\u00e9.<\/p>\n<p>Corps cramoisis par le soleil, garden parties chapeaut\u00e9es&#8230; Martin Parr a acc\u00e9d\u00e9 au rang de star gr\u00e2ce \u00e0 son esth\u00e9tique reconnaissable, avec gros plans et couleurs satur\u00e9es, sa touche british et ses th\u00e8mes de pr\u00e9dilection, comme le tourisme de masse ou le consum\u00e9risme.<\/p>\n<p>Son influence d\u00e9passe largement le cercle des amateurs de photographie, m\u00eame si son \u0153uvre presque documentaire, parfois tax\u00e9e de kitsch, lui a valu d\u2019avoir autant d\u2019admirateurs que de d\u00e9tracteurs.<\/p>\n<p>N\u00e9 dans le Surrey le 23 mai 1952, Martin Parr a \u00e9t\u00e9 initi\u00e9 \u00e0 la photographie par un grand-p\u00e8re passionn\u00e9, et avait commenc\u00e9 par des clich\u00e9s en noir et blanc, \u00e0 l\u2019instar des grands ma\u00eetres des ann\u00e9es 1970.<\/p>\n<p>C\u2019est au milieu des ann\u00e9es 80 qu\u2019il se fait remarquer avec \u00abLast Resort\u00bb, clich\u00e9s de vacanciers de la middle class \u00e0 Brighton, qui pr\u00e9figure la suite de son oeuvre, avec son recours au flash m\u00eame en ext\u00e9rieur.<\/p>\n<p>Apr\u00e8s un parcours sem\u00e9 d\u2019emb\u00fbches, il \u00e9tait devenu membre \u00e0 part enti\u00e8re de l\u2019agence Magnum en 1994,malgr\u00e9 le refus initial de Henri Cartier-Bresson. Il l\u2019a ensuite dirig\u00e9e de 2013 \u00e0 2017.<\/p>\n<p>(afp)<\/p>\n","protected":false},"excerpt":{"rendered":"Publi\u00e97. d\u00e9cembre 2025, 14:42 Royaume-Uni: D\u00e9c\u00e8s du photographe britannique Martin Parr C\u00e9l\u00e8bre pour son esth\u00e9tique satur\u00e9e et son&hellip;\n","protected":false},"author":2,"featured_media":584314,"comment_status":"","ping_status":"","sticky":false,"template":"","format":"standard","meta":{"footnotes":""},"categories":[1588],"tags":[11,1777,674,12,473,1853,1851,1850,1852],"class_list":{"0":"post-584313","1":"post","2":"type-post","3":"status-publish","4":"format-standard","5":"has-post-thumbnail","7":"category-royaume-uni","8":"tag-actualites","9":"tag-eu","10":"tag-europe","11":"tag-news","12":"tag-royaume-uni","13":"tag-royaume-uni-de-grande-bretagne-et-dirlande-du-nord","14":"tag-uk","15":"tag-united-kingdom","16":"tag-united-kingdom-of-great-britain-and-northern-ireland"},"share_on_mastodon":{"url":"https:\/\/pubeurope.com\/@fr\/115678623421597728","error":""},"_links":{"self":[{"href":"https:\/\/www.europesays.com\/fr\/wp-json\/wp\/v2\/posts\/584313","targetHints":{"allow":["GET"]}}],"collection":[{"href":"https:\/\/www.europesays.com\/fr\/wp-json\/wp\/v2\/posts"}],"about":[{"href":"https:\/\/www.europesays.com\/fr\/wp-json\/wp\/v2\/types\/post"}],"author":[{"embeddable":true,"href":"https:\/\/www.europesays.com\/fr\/wp-json\/wp\/v2\/users\/2"}],"replies":[{"embeddable":true,"href":"https:\/\/www.europesays.com\/fr\/wp-json\/wp\/v2\/comments?post=584313"}],"version-history":[{"count":0,"href":"https:\/\/www.europesays.com\/fr\/wp-json\/wp\/v2\/posts\/584313\/revisions"}],"wp:featuredmedia":[{"embeddable":true,"href":"https:\/\/www.europesays.com\/fr\/wp-json\/wp\/v2\/media\/584314"}],"wp:attachment":[{"href":"https:\/\/www.europesays.com\/fr\/wp-json\/wp\/v2\/media?parent=584313"}],"wp:term":[{"taxonomy":"category","embeddable":true,"href":"https:\/\/www.europesays.com\/fr\/wp-json\/wp\/v2\/categories?post=584313"},{"taxonomy":"post_tag","embeddable":true,"href":"https:\/\/www.europesays.com\/fr\/wp-json\/wp\/v2\/tags?post=584313"}],"curies":[{"name":"wp","href":"https:\/\/api.w.org\/{rel}","templated":true}]}}