{"id":584319,"date":"2025-12-07T13:56:19","date_gmt":"2025-12-07T13:56:19","guid":{"rendered":"https:\/\/www.europesays.com\/fr\/584319\/"},"modified":"2025-12-07T13:56:19","modified_gmt":"2025-12-07T13:56:19","slug":"une-amende-de-120-millions-deuros-infligee-au-reseau-social-x","status":"publish","type":"post","link":"https:\/\/www.europesays.com\/fr\/584319\/","title":{"rendered":"une amende de 120 millions d&rsquo;euros inflig\u00e9e au r\u00e9seau social X"},"content":{"rendered":"<p>      lire plus tard<\/p>\n<p id=\"dialog__title\" class=\"dialog__title\">Pour sauvegarder cet article, connectez-vous ou cr\u00e9ez un compte franceinfo<\/p>\n<p class=\"dialog__description\">Sans paiement. Sans abonnement.<\/p>\n<p>        Fermer la fen\u00eatre d\u2019activation des notifications France Info<\/p>\n<p>      cr\u00e9er votre compte<\/p>\n<p>      se connecter<\/p>\n<p>        Fermer la fen\u00eatre de pr\u00e9sentation<\/p>\n<p>    Publi\u00e9 le 07\/12\/2025 08:50<\/p>\n<p>        Temps de lecture : 2min &#8211; vid\u00e9o : 1min<\/p>\n<p>    <img decoding=\"async\" class=\"francetv-player-wrapper__image\" alt=\"Union europ\u00e9enne : une amende de 120 millions d'euros inflig\u00e9e au r\u00e9seau social X\"  width=\"432\" height=\"243\" src=\"https:\/\/www.europesays.com\/fr\/wp-content\/uploads\/2025\/12\/120-m-d-euros-d-amende-1-693530ea35662760694363.jpg\" fetchpriority=\"high\"\/><\/p>\n<p>              Union europ\u00e9enne : une amende de 120 millions d&rsquo;euros inflig\u00e9e au r\u00e9seau social X<br \/>\n                    (Franceinfo)<\/p>\n<p>      1min<\/p>\n<p>\n  L&rsquo;Union Europ\u00e9enne a inflig\u00e9 une amende de 120 millions d&rsquo;euros \u00e0 X, le r\u00e9seau social d&rsquo;Elon Musk, provoquant une pluie de protestations de la part des principales figures du camp Trump.\n<\/p>\n<p><strong>Ce texte correspond \u00e0 une partie de la retranscription du reportage ci-dessus. Cliquez sur la vid\u00e9o pour la regarder en int\u00e9gralit\u00e9.<\/strong><\/p>\n<p>L&rsquo;<a href=\"https:\/\/www.franceinfo.fr\/internet\/elon-musk\/une-amende-historique-de-120-millions-d-euros-infligee-par-l-union-europeenne-a-x-le-reseau-social-d-elon-musk_7660153.html\" target=\"_blank\" rel=\"noopener\">annonce <\/a>a \u00e9t\u00e9 faite hier par le porte-parole num\u00e9rique de la Commission europ\u00e9enne.\u00a0<br \/>\u00ab\u00a0Aujourd&rsquo;hui, la Commission a inflig\u00e9 une amende de 120 millions d&rsquo;euros \u00e0 ICE pour avoir enfreint la loi sur les services num\u00e9riques. Il s&rsquo;agit de la toute premi\u00e8re amende inflig\u00e9e en vertu de ce r\u00e8glement europ\u00e9en\u00a0\u00bb, d\u00e9clare Thomas Regnier, porte-parole de la commission dans le domaine du num\u00e9rique. Dans la ligne de mire de la Commission europ\u00e9enne, les coches bleues sur X cens\u00e9s certifier les sources d&rsquo;information. L&rsquo;Union europ\u00e9enne accuse le r\u00e9seau social de tromper les utilisateurs.<\/p>\n<p> Une d\u00e9cision historique pour le gouvernement fran\u00e7ais, une censure pour le gouvernement am\u00e9ricain. Elon Musk demande carr\u00e9ment l&rsquo;abolition de l&rsquo;Union europ\u00e9enne pour pouvoir rendre sa souverainet\u00e9 \u00e0 chaque peuple. L&rsquo;\u00e9quipe de Donald Trump a imm\u00e9diatement r\u00e9agi avec un tweet du secr\u00e9taire d&rsquo;\u00c9tat, Marco Rubio. \u00ab\u00a0C&rsquo;est une attaque contre toutes les plateformes technologiques am\u00e9ricaines et le peuple am\u00e9ricain par des gouvernements \u00e9trangers. L&rsquo;\u00e9poque de la censure des Am\u00e9ricains en ligne est r\u00e9volue.\u00a0\u00bb<\/p>\n<p>Depuis plusieurs semaines, Washington n&rsquo;a cess\u00e9 de critiquer les lois europ\u00e9ennes contre les g\u00e9ants de la tech. Fin novembre, des repr\u00e9sentants am\u00e9ricains sont all\u00e9s jusqu&rsquo;\u00e0 demander l&rsquo;assouplissement de ces r\u00e8gles en \u00e9change d&rsquo;une baisse des droits d&rsquo;importation am\u00e9ricains sur l&rsquo;acier europ\u00e9en. Cette loi sur les plateformes num\u00e9riques est entr\u00e9e en vigueur il y a deux ans pour lutter contre les contenus ill\u00e9gaux et dangereux en ligne et impose des obligations renforc\u00e9es aux plus grandes plateformes actives dans l&rsquo;Union europ\u00e9enne.<\/p>\n","protected":false},"excerpt":{"rendered":"lire plus tard Pour sauvegarder cet article, connectez-vous ou cr\u00e9ez un compte franceinfo Sans paiement. Sans abonnement. Fermer&hellip;\n","protected":false},"author":2,"featured_media":584320,"comment_status":"","ping_status":"","sticky":false,"template":"","format":"standard","meta":{"footnotes":""},"categories":[1586],"tags":[11,1777,674,1779,1011,27,12,25,1778,364],"class_list":{"0":"post-584319","1":"post","2":"type-post","3":"status-publish","4":"format-standard","5":"has-post-thumbnail","7":"category-europe","8":"tag-actualites","9":"tag-eu","10":"tag-europe","11":"tag-european-union","12":"tag-fr","13":"tag-france","14":"tag-news","15":"tag-republique-francaise","16":"tag-ue","17":"tag-union-europeenne"},"share_on_mastodon":{"url":"https:\/\/pubeurope.com\/@fr\/115678635858855258","error":""},"_links":{"self":[{"href":"https:\/\/www.europesays.com\/fr\/wp-json\/wp\/v2\/posts\/584319","targetHints":{"allow":["GET"]}}],"collection":[{"href":"https:\/\/www.europesays.com\/fr\/wp-json\/wp\/v2\/posts"}],"about":[{"href":"https:\/\/www.europesays.com\/fr\/wp-json\/wp\/v2\/types\/post"}],"author":[{"embeddable":true,"href":"https:\/\/www.europesays.com\/fr\/wp-json\/wp\/v2\/users\/2"}],"replies":[{"embeddable":true,"href":"https:\/\/www.europesays.com\/fr\/wp-json\/wp\/v2\/comments?post=584319"}],"version-history":[{"count":0,"href":"https:\/\/www.europesays.com\/fr\/wp-json\/wp\/v2\/posts\/584319\/revisions"}],"wp:featuredmedia":[{"embeddable":true,"href":"https:\/\/www.europesays.com\/fr\/wp-json\/wp\/v2\/media\/584320"}],"wp:attachment":[{"href":"https:\/\/www.europesays.com\/fr\/wp-json\/wp\/v2\/media?parent=584319"}],"wp:term":[{"taxonomy":"category","embeddable":true,"href":"https:\/\/www.europesays.com\/fr\/wp-json\/wp\/v2\/categories?post=584319"},{"taxonomy":"post_tag","embeddable":true,"href":"https:\/\/www.europesays.com\/fr\/wp-json\/wp\/v2\/tags?post=584319"}],"curies":[{"name":"wp","href":"https:\/\/api.w.org\/{rel}","templated":true}]}}