{"id":584321,"date":"2025-12-07T13:57:14","date_gmt":"2025-12-07T13:57:14","guid":{"rendered":"https:\/\/www.europesays.com\/fr\/584321\/"},"modified":"2025-12-07T13:57:14","modified_gmt":"2025-12-07T13:57:14","slug":"le-public-et-le-jury-netaient-pas-daccord-sur-la-laureate","status":"publish","type":"post","link":"https:\/\/www.europesays.com\/fr\/584321\/","title":{"rendered":"Le public et le jury n\u2019\u00e9taient pas d\u2019accord sur la laur\u00e9ate"},"content":{"rendered":"<p>Chouchoute du public, moins du jury. Hinaupoko Deveze, Miss <a href=\"https:\/\/www.20minutes.fr\/dossier\/tahiti\" class=\"c-link c-link--is-underlined\" target=\"_blank\" rel=\"noopener\">Tahiti<\/a>, a \u00e9t\u00e9 couronn\u00e9e <a href=\"https:\/\/www.20minutes.fr\/arts-stars\/television\/miss_france\/\" class=\"c-link c-link--is-underlined\" target=\"_blank\" rel=\"noopener\">Miss France 2026<\/a> dans la nuit de samedi \u00e0 ce dimanche, lors d\u2019une c\u00e9r\u00e9monie organis\u00e9e au Z\u00e9nith d\u2019Amiens (Somme). Dipl\u00f4m\u00e9e en psychologie, la jeune femme de 23 ans a \u00e9t\u00e9 choisie parmi <a href=\"https:\/\/www.20minutes.fr\/diaporama\/diaporama-4184759-images-decouvrez-30-candidates-miss-france-2026\" class=\"c-link c-link--is-underlined\" target=\"_blank\" rel=\"noopener\">les 30 pr\u00e9tendantes<\/a> par un vote combinant \u00e0 50\u00a0% jury et 50\u00a0% public\u2026 qui n\u2019\u00e9taient pas d\u2019accord lors du choix final.<\/p>\n<\/p>\n<p>D\u2019apr\u00e8s les <a href=\"https:\/\/www.simonin-huissier.com\/RESULTATS_MF.pdf\" target=\"_blank\" class=\"c-link c-link--is-underlined\" rel=\"noopener\">r\u00e9sultats officiels publi\u00e9s<\/a> par le commissaire de justice du concours, Hinaupoko Deveze a fait l\u2019unanimit\u00e9 au 1er tour, o\u00f9 elle est arriv\u00e9e en t\u00eate des votes du public et du jury. Mais au 2e tour, qui d\u00e9partage les cinq finalistes, le jury a report\u00e9 son choix sur Miss <a href=\"https:\/\/www.20minutes.fr\/dossier\/nouvelle-caledonie\" class=\"c-link c-link--is-underlined\" target=\"_blank\" rel=\"noopener\">Nouvelle-Cal\u00e9donie<\/a>, Juliette Collet, la portant \u00e0 \u00e9galit\u00e9 avec Hinaupoko Deveze.<\/p>\n<p><img decoding=\"async\" alt=\"R\u00e9sultats officiels du vote du concours Miss France 2026\" class=\"c-img\" loading=\"lazy\" fetchpriority=\"auto\" width=\"718\"  src=\"https:\/\/img.20mn.fr\/JVFve7Y9RHuSBPKaXoPCHik\/718x0\" \/>R\u00e9sultats officiels du vote du concours Miss France 2026\u2002-\u00a0Document huissier<\/p>\n<p>Le classement du public \u00e9tant prioritaire en cas d\u2019\u00e9galit\u00e9, c\u2019est Miss Tahiti qui a \u00e9t\u00e9 sacr\u00e9e Miss France, devan\u00e7ant donc Miss Nouvelle-Cal\u00e9donie, \u00e9lue premi\u00e8re dauphine, et Miss <a href=\"https:\/\/www.20minutes.fr\/dossier\/normandie\" class=\"c-link c-link--is-underlined\" target=\"_blank\" rel=\"noopener\">Normandie<\/a>, Victoire Dupuis, deuxi\u00e8me dauphine.<\/p>\n<p>D\u00e9couvrez les <a href=\"https:\/\/www.20minutes.fr\/diaporama\/diaporama-4190109-images-miss-france-2026-theme-voyage-couronnement-photos-sacre-hinaupoko-deveze\" class=\"c-link c-link--is-underlined\" target=\"_blank\" rel=\"noopener\">photos du sacre de Miss Tahiti, Miss France 2026<\/a>.<\/p>\n","protected":false},"excerpt":{"rendered":"Chouchoute du public, moins du jury. Hinaupoko Deveze, Miss Tahiti, a \u00e9t\u00e9 couronn\u00e9e Miss France 2026 dans la&hellip;\n","protected":false},"author":2,"featured_media":584322,"comment_status":"","ping_status":"","sticky":false,"template":"","format":"standard","meta":{"footnotes":""},"categories":[2],"tags":[47,11,1011,27,3034,12,25,104,24932,5995],"class_list":{"0":"post-584321","1":"post","2":"type-post","3":"status-publish","4":"format-standard","5":"has-post-thumbnail","7":"category-actualites","8":"tag-actualite","9":"tag-actualites","10":"tag-fr","11":"tag-france","12":"tag-miss-france","13":"tag-news","14":"tag-republique-francaise","15":"tag-societe","16":"tag-tahiti","17":"tag-vote"},"share_on_mastodon":{"url":"https:\/\/pubeurope.com\/@fr\/115678639432742944","error":""},"_links":{"self":[{"href":"https:\/\/www.europesays.com\/fr\/wp-json\/wp\/v2\/posts\/584321","targetHints":{"allow":["GET"]}}],"collection":[{"href":"https:\/\/www.europesays.com\/fr\/wp-json\/wp\/v2\/posts"}],"about":[{"href":"https:\/\/www.europesays.com\/fr\/wp-json\/wp\/v2\/types\/post"}],"author":[{"embeddable":true,"href":"https:\/\/www.europesays.com\/fr\/wp-json\/wp\/v2\/users\/2"}],"replies":[{"embeddable":true,"href":"https:\/\/www.europesays.com\/fr\/wp-json\/wp\/v2\/comments?post=584321"}],"version-history":[{"count":0,"href":"https:\/\/www.europesays.com\/fr\/wp-json\/wp\/v2\/posts\/584321\/revisions"}],"wp:featuredmedia":[{"embeddable":true,"href":"https:\/\/www.europesays.com\/fr\/wp-json\/wp\/v2\/media\/584322"}],"wp:attachment":[{"href":"https:\/\/www.europesays.com\/fr\/wp-json\/wp\/v2\/media?parent=584321"}],"wp:term":[{"taxonomy":"category","embeddable":true,"href":"https:\/\/www.europesays.com\/fr\/wp-json\/wp\/v2\/categories?post=584321"},{"taxonomy":"post_tag","embeddable":true,"href":"https:\/\/www.europesays.com\/fr\/wp-json\/wp\/v2\/tags?post=584321"}],"curies":[{"name":"wp","href":"https:\/\/api.w.org\/{rel}","templated":true}]}}