{"id":584325,"date":"2025-12-07T13:59:15","date_gmt":"2025-12-07T13:59:15","guid":{"rendered":"https:\/\/www.europesays.com\/fr\/584325\/"},"modified":"2025-12-07T13:59:15","modified_gmt":"2025-12-07T13:59:15","slug":"pincez-moi-pincez-moi-dans-les-premiers-pas-a-100-a-lheure-de-miss-france-2026","status":"publish","type":"post","link":"https:\/\/www.europesays.com\/fr\/584325\/","title":{"rendered":"\u00ab\u00a0Pincez-moi, pincez-moi !\u00a0\u00bb : dans les premiers pas \u00e0 100 \u00e0 l\u2019heure de Miss France 2026"},"content":{"rendered":"<ul class=\"jsx-862013697 ArticleChapo__List\">\n<li class=\"jsx-862013697 ArticleChapo__List_Item flex\">Hinaupoko Dev\u00e8ze a dormi \u00e0 peine 3 heures apr\u00e8s son sacre en tant que reine de beaut\u00e9 des Fran\u00e7ais ce samedi 6 d\u00e9cembre.<\/li>\n<li class=\"jsx-862013697 ArticleChapo__List_Item flex\">Apr\u00e8s l\u2019\u00e9motion partag\u00e9e bri\u00e8vement avec ses proches, la Tahitienne de 23 ans a pris la direction de Paris pour le d\u00e9but de son marathon m\u00e9diatique.<\/li>\n<li class=\"jsx-862013697 ArticleChapo__List_Item flex\">\u00ab\u00a0Je suis toujours sur mon nuage, je n\u2019arrive pas \u00e0 redescendre\u00a0\u00bb, sourit-elle devant la cam\u00e9ra de TF1 qui l\u2019accompagne.<\/li>\n<\/ul>\n<p data-module=\"article-paragraph\" class=\"jsx-3046738180 Paragraph Paragraph__End\">Ses larmes de joie avaient d\u00e9j\u00e0 s\u00e9ch\u00e9. <a href=\"https:\/\/www.tf1info.fr\/culture\/direct-programme-tv-tf1-election-miss-france-2026-en-direct-sur-tf1-et-en-streaming-sur-tf1-plus-qui-succedera-a-angelique-angarni-filopon-suivez-la-ceremonie-2410873.html\" target=\"_blank\" rel=\"noopener\">Quelques minutes apr\u00e8s son sacre au Z\u00e9nith d\u2019Amiens<\/a>, Miss France 2026 a retrouv\u00e9 ses esprits pour remplir l\u2019une de ses missions de reine de beaut\u00e9. R\u00e9pondre aux questions des journalistes. \u00a0\u00ab\u00a0Il va y avoir un chamboulement dans ma vie, dans le sens o\u00f9 le rythme va \u00eatre diff\u00e9rent\u00a0\u00bb, a d\u00e9clar\u00e9 Hinaupoko Dev\u00e8ze au JT de TF1 qui a suivi ses premiers pas, couronne sur la t\u00eate. La Tahitienne de 23 ans ne croyait pas si bien dire.<\/p>\n<blockquote class=\"jsx-2786790838 Quote__Text\"><p>Je n&rsquo;aurais jamais cru qu\u2019un jour j\u2019aurais un aussi beau dressing \u00e0 ma disposition<\/p><\/blockquote>\n<p>Hinaupoko Dev\u00e8ze, Miss France 2026<\/p>\n<p data-module=\"article-paragraph\" class=\"jsx-3046738180 Paragraph Paragraph__End\">Pas le temps de souffler que les selfies avec les anciennes Miss France s\u2019encha\u00eenent, suivis de sa premi\u00e8re s\u00e9ance photo officielle, puis <a href=\"https:\/\/www.tf1info.fr\/culture\/video-interview-miss-france-2026-hinaupoko-deveze-preferait-etre-la-surprise-ca-ne-me-plaisait-pas-du-tout-d-etre-favorite-2411279.html\" target=\"_blank\" rel=\"noopener\">de sa premi\u00e8re conf\u00e9rence de presse<\/a>. Apr\u00e8s une apparition \u00e0 la soir\u00e9e de gala entour\u00e9e de ses camarades de promotion, Hinaupoko Dev\u00e8ze n\u2019a pu dormir que trois petites heures. C\u2019est \u00e0 Paris que son nouveau quotidien a pris ses quartiers ce dimanche. \u00ab\u00a0Je suis toujours sur mon nuage, je n\u2019arrive pas \u00e0 redescendre. C\u2019est un petit peu compliqu\u00e9\u00a0\u00bb, sourit-elle.<\/p>\n<p><a href=\"https:\/\/www.tf1info.fr\/culture\/video-replay-qui-est-miss-france-2026-du-premier-defile-au-sacre-la-folle-soiree-de-hinaupoko-deveze-en-10-videos-2411278.html\" rel=\"noopener\" class=\"jsx-3308031228 Link flex\" target=\"_blank\"><img decoding=\"async\" src=\"https:\/\/www.europesays.com\/fr\/wp-content\/uploads\/2025\/12\/hinaupoko-deveze-miss-france-2026-tahiti-b1bb36-0@1x.jpeg\" alt=\"La Tahitienne Hinaupoko Dev\u00e8ze, 23 ans, a \u00e9t\u00e9 \u00e9lue Miss France 2026 le 6 d\u00e9cembre 2025 \u00e0 Amiens.\" loading=\"lazy\" importance=\"low\" fetchpriority=\"low\" class=\"\" aria-hidden=\"true\"\/><\/p>\n<p class=\"jsx-3657663356 ReadMoreArticle__Title\">Lire aussi<\/p>\n<p class=\"jsx-3657663356\">Miss France 2026 : du premier d\u00e9fil\u00e9 au sacre, la folle soir\u00e9e de Hinaupoko Dev\u00e8ze en 10 vid\u00e9os<\/p>\n<p><\/a><\/p>\n<p data-module=\"article-paragraph\" class=\"jsx-3046738180 Paragraph Paragraph__End\">\u00ab\u00a0Je suis en train de r\u00e9aliser un peu un r\u00eave. Je n\u2019aurais jamais cru qu\u2019un jour j\u2019aurais un aussi beau dressing \u00e0 ma disposition\u00a0\u00bb, ajoute celle qui s\u2019appr\u00eate \u00e0 mettre en bo\u00eete ses premi\u00e8res couvertures de magazines, v\u00eatue de sa toute nouvelle \u00e9charpe. Dire que le tourbillon m\u00e9diatique n&rsquo;en est qu&rsquo;\u00e0 ses pr\u00e9mices\u2026<\/p>\n<p>La r\u00e9daction de TF1info | Reportage : Elise COUSSEMACQ, Axel CHARLES-MESSANCE, Elisa VAUDELET<\/p>\n","protected":false},"excerpt":{"rendered":"Hinaupoko Dev\u00e8ze a dormi \u00e0 peine 3 heures apr\u00e8s son sacre en tant que reine de beaut\u00e9 des&hellip;\n","protected":false},"author":2,"featured_media":584326,"comment_status":"","ping_status":"","sticky":false,"template":"","format":"standard","meta":{"footnotes":""},"categories":[4],"tags":[1111,11,1921,1011,27,1922,69754,5008,2041,3034,12,25,199,133,2040],"class_list":{"0":"post-584325","1":"post","2":"type-post","3":"status-publish","4":"format-standard","5":"has-post-thumbnail","7":"category-france","8":"tag-actu","9":"tag-actualites","10":"tag-article-video","11":"tag-fr","12":"tag-france","13":"tag-info","14":"tag-la-tahitienne-hinaupoko-deveze-sacree-miss-france-2026","15":"tag-le-13h","16":"tag-medias-et-divertissement","17":"tag-miss-france","18":"tag-news","19":"tag-republique-francaise","20":"tag-tf1","21":"tag-video","22":"tag-video-culture"},"share_on_mastodon":{"url":"https:\/\/pubeurope.com\/@fr\/115678647330117574","error":""},"_links":{"self":[{"href":"https:\/\/www.europesays.com\/fr\/wp-json\/wp\/v2\/posts\/584325","targetHints":{"allow":["GET"]}}],"collection":[{"href":"https:\/\/www.europesays.com\/fr\/wp-json\/wp\/v2\/posts"}],"about":[{"href":"https:\/\/www.europesays.com\/fr\/wp-json\/wp\/v2\/types\/post"}],"author":[{"embeddable":true,"href":"https:\/\/www.europesays.com\/fr\/wp-json\/wp\/v2\/users\/2"}],"replies":[{"embeddable":true,"href":"https:\/\/www.europesays.com\/fr\/wp-json\/wp\/v2\/comments?post=584325"}],"version-history":[{"count":0,"href":"https:\/\/www.europesays.com\/fr\/wp-json\/wp\/v2\/posts\/584325\/revisions"}],"wp:featuredmedia":[{"embeddable":true,"href":"https:\/\/www.europesays.com\/fr\/wp-json\/wp\/v2\/media\/584326"}],"wp:attachment":[{"href":"https:\/\/www.europesays.com\/fr\/wp-json\/wp\/v2\/media?parent=584325"}],"wp:term":[{"taxonomy":"category","embeddable":true,"href":"https:\/\/www.europesays.com\/fr\/wp-json\/wp\/v2\/categories?post=584325"},{"taxonomy":"post_tag","embeddable":true,"href":"https:\/\/www.europesays.com\/fr\/wp-json\/wp\/v2\/tags?post=584325"}],"curies":[{"name":"wp","href":"https:\/\/api.w.org\/{rel}","templated":true}]}}