{"id":584337,"date":"2025-12-07T14:13:15","date_gmt":"2025-12-07T14:13:15","guid":{"rendered":"https:\/\/www.europesays.com\/fr\/584337\/"},"modified":"2025-12-07T14:13:15","modified_gmt":"2025-12-07T14:13:15","slug":"la-bande-annonce-fait-froid-dans-le-dos-un-cons","status":"publish","type":"post","link":"https:\/\/www.europesays.com\/fr\/584337\/","title":{"rendered":"la bande-annonce fait froid dans le dos, un cons &#8230;"},"content":{"rendered":"<p>EN BREF<\/p>\n<ul class=\"bloc_resume_post_list\">\n<li>Le 21 d\u00e9cembre 2025, lors de Miss France 2026 au Z\u00e9nith<br \/>\nd\u00a0\u00bbAmiens, TF1 a surpris avec une bande-annonce de<br \/>\nKoh-Lanta.<\/li>\n<li>La bande-annonce montre une ambiance sombre et mystique,<br \/>\navec Denis Brogniart annon\u00e7ant un changement majeur dans<br \/>\nl&rsquo;\u00e9mission.<\/li>\n<li>Un conseil qui d\u00e9bute l&rsquo;aventure et un geste symbolique<br \/>\nlaissent pr\u00e9sager un bouleversement des r\u00e8gles de<br \/>\nKoh-Lanta.<\/li>\n<\/ul>\n<p>En plein c\u0153ur de la soir\u00e9e <a href=\"https:\/\/www.telestar.fr\/people\/miss-france-2026-oh-il-y-a-une-mauvaise-jean-pierre-foucault-agace-au-milieu-des-miss-il-se-lache-1747806\" target=\"_blank\" rel=\"noopener\"><br \/>\nMiss France 2026,<\/a> alors que le Z\u00e9nith d\u2019Amiens retenait son<br \/>\nsouffle entre deux tableaux, TF1 a profit\u00e9 d\u2019un court instant pour<br \/>\nfrapper fort. \u00c0 21h56 pr\u00e9cis\u00e9ment, bien avant que Jean-Pierre<br \/>\nFoucault ne reprenne l\u2019antenne, la cha\u00eene a d\u00e9gain\u00e9 une<br \/>\nbande-annonce totalement inattendue : <strong>Koh-Lanta s\u2019appr\u00eate \u00e0<br \/>\nfaire son retour,<\/strong> et les premi\u00e8res images ont<br \/>\nlitt\u00e9ralement \u00e9lectris\u00e9 les t\u00e9l\u00e9spectateurs. Et pour cause, la<br \/>\nbande-annonce fait froid dans le dos !<\/p>\n<p>Le teaser, tr\u00e8s court mais redoutablement efficace, d\u00e9voile<br \/>\nd\u2019abord une pleine lune \u00e9clatante, presque inqui\u00e9tante, puis des<br \/>\nphares per\u00e7ant la nuit. Un l\u00e9zard surgit dans un plan furtif, avant<br \/>\nque n\u2019apparaisse une file de silhouettes progressant lentement,<br \/>\nflambeaux en main, sur une passerelle accroch\u00e9e \u00e0 une paroi<br \/>\nrocheuse. L\u2019ambiance \u00e9voque plus un film d\u2019aventure qu\u2019un jeu<br \/>\nd\u2019\u00e9preuves : sombre, solennel, presque mystique.<\/p>\n<p>La bande-annonce de la toute nouvelle saison de Koh-Lanta fait<br \/>\nparler sur les r\u00e9seaux sociaux<\/p>\n<p>Dans ce d\u00e9cor in\u00e9dit, une premi\u00e8re voix l\u00e2che quelques mots \u00e0<br \/>\nmi-chemin entre excitation et appr\u00e9hension : \u201cOn en a r\u00eav\u00e9, on<br \/>\ny est\u201d. Une autre rench\u00e9rit : <strong>\u201cC\u2019est assez<br \/>\nouf\u201d<\/strong>. Puis surgit le ma\u00eetre du jeu, <a href=\"https:\/\/www.telestar.fr\/people\/denis-brogniart-on-avait-pas-roule-ensemble-il-prend-de-la-hauteur-avec-son-fils-dimitri-1734643\" target=\"_blank\" rel=\"noopener\"><br \/>\nDenis Brogniart<\/a>, dont le ton annonce clairement une rupture<br \/>\navec les habitudes de l\u2019\u00e9mission. \u201cHabituellement dans<br \/>\nKoh-Lanta, le conseil, c\u2019est l\u00e0 o\u00f9 tout se termine. Eh bien ce<br \/>\nsoir, <strong>c\u2019est l\u00e0 que tout va commencer\u201d<\/strong>,<br \/>\nd\u00e9clare-t-il.<\/p>\n<blockquote class=\"twitter-tweet\"><p><a class=\"twitter-link\" rel=\"noindex, nofollow noopener\" href=\"https:\/\/twitter.com\/KohLantaTF1\/status\/1997409524551172291\" target=\"_blank\"><\/p><\/blockquote>\n<p>Une phrase qui a instantan\u00e9ment mis le feu aux r\u00e9seaux sociaux.<br \/>\nCar le sacro-saint conseil, celui o\u00f9 l\u2019on \u00e9limine un aventurier, a<br \/>\ntoujours constitu\u00e9 le point final d\u2019un \u00e9pisode. Or cette fois,<br \/>\nc\u2019est pr\u00e9cis\u00e9ment par ce moment d\u00e9cisif que l\u2019aventure d\u00e9marre. De<br \/>\nquoi imaginer un twist d\u2019une ampleur jamais vue. Les images<br \/>\nsuivantes renforcent le myst\u00e8re : on y voit un homme jeter une urne<br \/>\ndans le vide, un geste symbolique qui pourrait annoncer un<br \/>\nbouleversement complet des r\u00e8gles. Son contenu reste inconnu, mais<br \/>\ncette sc\u00e8ne laisse entendre que TF1 et les \u00e9quipes de production<br \/>\nveulent rebattre les cartes apr\u00e8s plus de vingt ans de format bien<br \/>\nhuil\u00e9.<\/p>\n<p>De \u00ab\u00a0belles surprises\u00a0\u00bb pr\u00e9vues<\/p>\n<p>Sur ses r\u00e9seaux sociaux, <a href=\"https:\/\/www.telestar.fr\/actu_tv\/koh-lanta-denis-brogniart-teste-t-il-les-epreuves-la-reponse-va-vous-etonner-1725118\" target=\"_blank\" rel=\"noopener\"><br \/>\nDenis Brogniart, qui teste parfois les \u00e9preuves<\/a>, a d\u2019ailleurs<br \/>\nconfirm\u00e9 que cette nouvelle saison ne ressemblerait pas aux<br \/>\npr\u00e9c\u00e9dentes. \u00ab\u00a0Impatient de vous retrouver les amis !<br \/>\n<strong>Koh-Lanta revient bient\u00f4t<\/strong> ! Avec de belles<br \/>\nsurprises\u00a0\u00bb, a-t-il \u00e9crit, attisant encore davantage la<br \/>\ncuriosit\u00e9 des fans.<\/p>\n<p>Depuis La Revanche des 4 Terres, remport\u00e9e par Ga\u00eblle en juin,<br \/>\nles fid\u00e8les attendaient des nouvelles du programme. Ce teaser lanc\u00e9<br \/>\nsans pr\u00e9venir a donc fait l\u2019effet d\u2019une d\u00e9flagration. Sur X, les<br \/>\nr\u00e9actions se sont multipli\u00e9es : \u201cLe meilleur moment de la<br \/>\nsoir\u00e9e\u201d, \u201cEnfin du renouvellement\u201d, \u201cHyp\u00e9e comme jamais\u201d, \u201cLe twist<br \/>\na l\u2019air incroyable\u201d.\u00a0<\/p>\n<p><script async src=\"https:\/\/platform.twitter.com\/widgets.js\" charset=\"utf-8\"><\/script><\/p>\n","protected":false},"excerpt":{"rendered":"EN BREF Le 21 d\u00e9cembre 2025, lors de Miss France 2026 au Z\u00e9nith d\u00a0\u00bbAmiens, TF1 a surpris avec&hellip;\n","protected":false},"author":2,"featured_media":584338,"comment_status":"","ping_status":"","sticky":false,"template":"","format":"standard","meta":{"footnotes":""},"categories":[1356],"tags":[548,58,59,1011,27,680,252,1364],"class_list":{"0":"post-584337","1":"post","2":"type-post","3":"status-publish","4":"format-standard","5":"has-post-thumbnail","7":"category-television","8":"tag-article-simple","9":"tag-divertissement","10":"tag-entertainment","11":"tag-fr","12":"tag-france","13":"tag-koh-lanta","14":"tag-television","15":"tag-tv"},"share_on_mastodon":{"url":"https:\/\/pubeurope.com\/@fr\/115678701511423041","error":""},"_links":{"self":[{"href":"https:\/\/www.europesays.com\/fr\/wp-json\/wp\/v2\/posts\/584337","targetHints":{"allow":["GET"]}}],"collection":[{"href":"https:\/\/www.europesays.com\/fr\/wp-json\/wp\/v2\/posts"}],"about":[{"href":"https:\/\/www.europesays.com\/fr\/wp-json\/wp\/v2\/types\/post"}],"author":[{"embeddable":true,"href":"https:\/\/www.europesays.com\/fr\/wp-json\/wp\/v2\/users\/2"}],"replies":[{"embeddable":true,"href":"https:\/\/www.europesays.com\/fr\/wp-json\/wp\/v2\/comments?post=584337"}],"version-history":[{"count":0,"href":"https:\/\/www.europesays.com\/fr\/wp-json\/wp\/v2\/posts\/584337\/revisions"}],"wp:featuredmedia":[{"embeddable":true,"href":"https:\/\/www.europesays.com\/fr\/wp-json\/wp\/v2\/media\/584338"}],"wp:attachment":[{"href":"https:\/\/www.europesays.com\/fr\/wp-json\/wp\/v2\/media?parent=584337"}],"wp:term":[{"taxonomy":"category","embeddable":true,"href":"https:\/\/www.europesays.com\/fr\/wp-json\/wp\/v2\/categories?post=584337"},{"taxonomy":"post_tag","embeddable":true,"href":"https:\/\/www.europesays.com\/fr\/wp-json\/wp\/v2\/tags?post=584337"}],"curies":[{"name":"wp","href":"https:\/\/api.w.org\/{rel}","templated":true}]}}