{"id":584339,"date":"2025-12-07T14:14:12","date_gmt":"2025-12-07T14:14:12","guid":{"rendered":"https:\/\/www.europesays.com\/fr\/584339\/"},"modified":"2025-12-07T14:14:12","modified_gmt":"2025-12-07T14:14:12","slug":"tp-sur-tp-le-nouvel-album-fleuve-et-bien-peu-melodique","status":"publish","type":"post","link":"https:\/\/www.europesays.com\/fr\/584339\/","title":{"rendered":"TP sur TP, le nouvel album fleuve &#8211; et bien peu m\u00e9lodique"},"content":{"rendered":"<p>\n    <strong>CRITIQUE <\/strong>&#8211; Le rapper marseillais sort son troisi\u00e8me disque de l\u2019ann\u00e9e.<\/p>\n<p class=\"fig-paragraph\">On peut dire que l\u2019ann\u00e9e 2025 a \u00e9t\u00e9 un cru d\u2019exception pour\u00a0<a href=\"http:\/\/www.lefigaro.fr\/musique\/ouverture-de-la-billetterie-jul-en-hold-up-organise-20251105\" data-fig-type=\"Article\" data-gtm-custom-categorie=\"navigation\" data-gtm-custom-action=\"crossclick\" data-gtm-custom-label=\"Contextuel\" data-gtm-event=\"customEventSPE\" data-fig-domain=\"LEFIGARO\" target=\"_blank\" rel=\"noopener\">Jul<\/a>. Le Marseillais s\u2019est illustr\u00e9 avec un\u00a0<a href=\"http:\/\/www.lefigaro.fr\/culture\/jul-phenomenal-au-stade-de-france-20250427\" data-fig-type=\"Article\" data-gtm-custom-categorie=\"navigation\" data-gtm-custom-action=\"crossclick\" data-gtm-custom-label=\"Contextuel\" data-gtm-event=\"customEventSPE\" data-fig-domain=\"LEFIGARO\" target=\"_blank\" rel=\"noopener\">concert sold-out au Stade de France<\/a>, qui a montr\u00e9 que son \u00e9cho r\u00e9sonnait bien au-del\u00e0 des fronti\u00e8res de la cit\u00e9 phoc\u00e9enne. Avec TP sur TP (soit temps plein sur temps plein, une expression des rues de Marseille pour illustrer la vigueur du narcotrafic), Jul signe son troisi\u00e8me album de l\u2019ann\u00e9e, et le 30e d\u2019une carri\u00e8re amorc\u00e9e en 2013.<\/p>\n<p class=\"fig-paragraph\">Plus gros vendeur du rap fran\u00e7ais, Jul est une \u00e9conomie \u00e0 lui tout seul. Rentable avec \u00e7a\u00a0: les 32 titres de ce TP sur TP ont \u00e9t\u00e9 enregistr\u00e9s en douze jours seulement, dans notre capitale. Pas mal pour une musique qui va s\u2019\u00e9couler \u00e0 des millions d\u2019exemplaires.<\/p>\n<p>                                            <a class=\"fig-a11y-skip\" href=\"#fig-a11y-skip-main-inarticle\" data-module=\"a11y-skip\" data-context=\"was @visible\"><br \/>\n    Passer la publicit\u00e9<br \/>\n<\/a>            <\/p>\n<p>                                            <strong>I Muvrini en guest<\/strong><\/p>\n<p class=\"fig-paragraph\">Au-del\u00e0 de ces chiffres impressionnants, Jul ne change pas une formule qui rapporte \u00e9norm\u00e9ment d\u2019argent. Pourtant, les textes du disque montrent un homme traqu\u00e9 et inquiet. \u00abJe suis dans le collimateur\u00bb, rappe-t-il ainsi. Les paroles sont \u00e9crites \u00e0 la va-vite, la production musicale se soucie avant tout d\u2019efficacit\u00e9, et les invit\u00e9s sont en service minimum.<\/p>\n<p class=\"fig-paragraph\">\u00c0 noter, la participation du groupe corse\u00a0<a href=\"https:\/\/www.lefigaro.fr\/tag\/i-muvrini\" target=\"_blank\" rel=\"nofollow noopener\" data-gtm-custom-categorie=\"navigation\" data-gtm-custom-action=\"crossclick\" data-gtm-custom-label=\"Contextuel\" data-gtm-event=\"customEventSPE\">I Muvrini<\/a>, qui apporte sa science des polyphonies \u00e0 un disque bien peu m\u00e9lodique qui s\u2019\u00e9coule sur pr\u00e8s de deux heures. On a le droit de trouver cela tr\u00e8s long.<\/p>\n","protected":false},"excerpt":{"rendered":"CRITIQUE &#8211; Le rapper marseillais sort son troisi\u00e8me disque de l\u2019ann\u00e9e. On peut dire que l\u2019ann\u00e9e 2025 a&hellip;\n","protected":false},"author":2,"featured_media":584340,"comment_status":"","ping_status":"","sticky":false,"template":"","format":"standard","meta":{"footnotes":""},"categories":[1355],"tags":[58,59,1011,27,1279,884,1361,873,8721,3616,14478],"class_list":{"0":"post-584339","1":"post","2":"type-post","3":"status-publish","4":"format-standard","5":"has-post-thumbnail","7":"category-musique","8":"tag-divertissement","9":"tag-entertainment","10":"tag-fr","11":"tag-france","12":"tag-jul","13":"tag-marseille","14":"tag-music","15":"tag-musique","16":"tag-narcotrafic","17":"tag-rap","18":"tag-stade-de-france"},"share_on_mastodon":{"url":"https:\/\/pubeurope.com\/@fr\/115678705395947483","error":""},"_links":{"self":[{"href":"https:\/\/www.europesays.com\/fr\/wp-json\/wp\/v2\/posts\/584339","targetHints":{"allow":["GET"]}}],"collection":[{"href":"https:\/\/www.europesays.com\/fr\/wp-json\/wp\/v2\/posts"}],"about":[{"href":"https:\/\/www.europesays.com\/fr\/wp-json\/wp\/v2\/types\/post"}],"author":[{"embeddable":true,"href":"https:\/\/www.europesays.com\/fr\/wp-json\/wp\/v2\/users\/2"}],"replies":[{"embeddable":true,"href":"https:\/\/www.europesays.com\/fr\/wp-json\/wp\/v2\/comments?post=584339"}],"version-history":[{"count":0,"href":"https:\/\/www.europesays.com\/fr\/wp-json\/wp\/v2\/posts\/584339\/revisions"}],"wp:featuredmedia":[{"embeddable":true,"href":"https:\/\/www.europesays.com\/fr\/wp-json\/wp\/v2\/media\/584340"}],"wp:attachment":[{"href":"https:\/\/www.europesays.com\/fr\/wp-json\/wp\/v2\/media?parent=584339"}],"wp:term":[{"taxonomy":"category","embeddable":true,"href":"https:\/\/www.europesays.com\/fr\/wp-json\/wp\/v2\/categories?post=584339"},{"taxonomy":"post_tag","embeddable":true,"href":"https:\/\/www.europesays.com\/fr\/wp-json\/wp\/v2\/tags?post=584339"}],"curies":[{"name":"wp","href":"https:\/\/api.w.org\/{rel}","templated":true}]}}