{"id":584341,"date":"2025-12-07T14:15:12","date_gmt":"2025-12-07T14:15:12","guid":{"rendered":"https:\/\/www.europesays.com\/fr\/584341\/"},"modified":"2025-12-07T14:15:12","modified_gmt":"2025-12-07T14:15:12","slug":"lesprit-critique-cinema-le-destin-dabdellatif-kechiche","status":"publish","type":"post","link":"https:\/\/www.europesays.com\/fr\/584341\/","title":{"rendered":"\u00ab\u00a0L\u2019esprit critique\u00a0\u00bb cin\u00e9ma\u00a0: le destin d\u2019Abdellatif Kechiche"},"content":{"rendered":"<p>Allons-nous parler aujourd\u2019hui de l\u2019ultime film d\u2019Abdellatif Kechiche, le cin\u00e9aste de 64\u00a0ans, diminu\u00e9 depuis mars dernier par un AVC qui laisse planer des doutes sur sa capacit\u00e9 \u00e0 diriger de nouveau un tournage\u00a0? Quoi qu\u2019il en soit, \u00ab\u00a0L\u2019esprit critique\u00a0\u00bb a jug\u00e9 qu\u2019il serait pertinent de parler plus en longueur du travail du r\u00e9alisateur, \u00e0 l\u2019occasion de la sortie sur les \u00e9crans de Mektoub, My Love\u00a0: canto due.<\/p>\n<p>Parce que plusieurs critiques <a href=\"https:\/\/www.lemonde.fr\/culture\/article\/2025\/12\/02\/mektoub-my-love-canto-due-le-bijou-azureen-d-abdellatif-kechiche_6655638_3246.html\" target=\"_blank\" rel=\"noopener\">hurlent<\/a> d\u00e9j\u00e0 au g\u00e9nie, et parce que c\u2019est pr\u00e9cis\u00e9ment autour de cette figure du r\u00e9alisateur d\u2019exception, voire du g\u00e9nie maudit, que se sont nou\u00e9es nombre de questions qui ont travers\u00e9 r\u00e9cemment le monde cin\u00e9ma, et dont Kechiche fait figure de paradigme\u00a0: male gaze, maltraitance des employ\u00e9\u00b7es au nom de l\u2019exigence cin\u00e9matographique, focalisation sur la figure de l\u2019auteur-r\u00e9alisateur tout-puissant\u2026<\/p>\n<p>Et, pour \u00eatre complet, en 2018, une plainte d\u00e9pos\u00e9e contre le cin\u00e9aste par une actrice pour agression sexuelle\u00a0dans le cadre d\u2019une soir\u00e9e priv\u00e9e, finalement class\u00e9e sans suite deux ans plus tard par le parquet de Paris pour \u00ab\u00a0infraction insuffisamment caract\u00e9ris\u00e9e\u00a0\u00bb. Sachant enfin que le nom de Kechiche est aussi revenu \u00e0 plusieurs reprises lors de la commission d\u2019enqu\u00eate men\u00e9e par Sandrine Rousseau sur les violences sexistes et sexuelles commises dans le monde de la culture.<\/p>\n<p>La sortie de Mektoub, My Love\u00a0: canto due, plus grand monde ne l\u2019attendait, puisqu\u2019elle est extraite de centaines d\u2019heures de rushs tourn\u00e9s entre 2016 et 2018 qui ont \u00e9puis\u00e9 plusieurs \u00e9quipes de production, \u00e0 travers une \u00e9pop\u00e9e <a href=\"https:\/\/www.liberation.fr\/culture\/cinema\/abdellatif-kechiche-et-la-trilogie-mektoub-my-love-dans-les-coulisses-dune-disparition-et-dun-retour-20250729_63DIVRSFWZDXZENGN4BX4E5IQI\/?redirected=1\" target=\"_blank\" rel=\"noopener\">tr\u00e8s bien racont\u00e9e<\/a> par le journal Lib\u00e9ration en amont du festival international du film de Locarno, o\u00f9 le film a \u00e9t\u00e9 projet\u00e9 pour la premi\u00e8re fois.<\/p>\n<p>Plus personne ne l\u2019attendait non plus parce que le projet de Mektoub, d\u00e9j\u00e0 complexe, avait sembl\u00e9 ne pas devoir se remettre de la pr\u00e9sentation \u00e0 Cannes en 2019 d\u2019un film interm\u00e9diaire, intitul\u00e9 Mektoub, My Love\u00a0: intermezzo, un interlude de pr\u00e8s de trois heures trente en forme de transe en bo\u00eete de nuit, d\u2019apr\u00e8s les rares personnes qui ont pu le voir.<\/p>\n<p>Le film n\u2019est jamais sorti sur les \u00e9crans, pour des questions de droits musicaux ruineux mais aussi d\u2019une brouille entre Kechiche et l\u2019actrice principale de Mektoub, Oph\u00e9lie Bau, au sujet d\u2019une sc\u00e8ne de cunnilingus non simul\u00e9 int\u00e9gr\u00e9e au montage contre le consentement de la com\u00e9dienne, m\u00eame si des versions contradictoires circulent et si Oph\u00e9lie Bau ne s\u2019est exprim\u00e9e sur le sujet qu\u2019en quittant la projection et en refusant de venir ensuite \u00e0 la conf\u00e9rence de presse.<\/p>\n<p>Mektoub concentre ainsi toute la l\u00e9gende, \u00e0 la fois dor\u00e9e et noire, d\u2019Abdellatif Kechiche, Palme d\u2019or \u00e0 Cannes en 2013 pour La Vie d\u2019Ad\u00e8le, capable de r\u00e9v\u00e9ler des actrices comme Sara Forestier dans L\u2019Esquive, Hafsia Herzi dans La Graine et le Mulet ou Ad\u00e8le Exarchopoulos dans La Vie d\u2019Ad\u00e8le, mais aussi de voir certaines refuser de travailler davantage avec lui, ainsi de L\u00e9a Seydoux ou d\u2019Oph\u00e9lie Bau, m\u00eame si cette derni\u00e8re assure en ce moment la promotion de Canto due.<\/p>\n<p>Existe-t-il une \u00ab\u00a0m\u00e9thode Kechiche\u00a0\u00bb et est-ce celle-ci qui pose probl\u00e8me\u00a0?<\/p>\n<p>Comment fabrique-t-on un film comme Mektoub, My Love\u00a0: canto due mont\u00e9 \u00e0 partir de pr\u00e8s de 1\u00a0000\u00a0heures de rushs (c\u2019\u00e9tait 750 pour La Vie d\u2019Ad\u00e8le)\u00a0? Un chiffre \u00e0 propos duquel le monteur Luc Seug\u00e9 dit\u00a0: \u00ab\u00a01 000\u00a0heures de rushs, cela \u00e9quivaut \u00e0 dire que pour simplement tout visionner une seule fois, en regardant cinq heures par jour, il faut huit mois.\u00a0\u00bb\u00a0<\/p>\n<p>Et faut-il distinguer un premier trio de films constitu\u00e9 par La Faute \u00e0 Voltaire,\u00a0L\u2019Esquive\u00a0et\u00a0La Graine et le Mulet avant une forme de bascule dans une voracit\u00e9 des corps et du sexe allant jusqu\u2019\u00e0 utiliser la grammaire du film pornographique de fa\u00e7on acritique depuis La Vie d\u2019Ad\u00e8le\u00a0?<\/p>\n<p>\u00ab\u00a0Je n\u2019ai plus envie d\u2019expliquer, ni m\u00eame de me justifier\u00a0\u00bb, \u00e9crit Kechiche dans le dossier de presse. Nous allons donc nous d\u00e9vouer pendant trois quarts d\u2019heure \u00e0 cette t\u00e2che \u00ab\u00a0d\u2019expliquer\u00a0\u00bb, pour voir si ce film peut \u00eatre justifi\u00e9.<\/p>\n<p>Mektoub, My Love\u00a0: canto due est sorti sur les \u00e9crans mercredi dernier.<\/p>\n<p>Avec\u00a0:<\/p>\n<ul>\n<li><b>Occitane Lacurie<\/b>, membre du comit\u00e9 de r\u00e9daction de la revue D\u00e9bordements\u00a0;<\/li>\n<li><b>Alice Leroy<\/b>, qui \u00e9crit dans les Cahiers du cin\u00e9ma et \u00e9crivait dans feu Panth\u00e8re premi\u00e8re\u00a0;<\/li>\n<li><b>Rapha\u00ebl Nieuwjaer<\/b>, qui \u00e9crit aussi pour les Cahiers du cin\u00e9ma ainsi que pour la revue \u00c9tudes.<\/li>\n<\/ul>\n<p>\u00ab\u00a0L\u2019esprit critique\u00a0\u00bb est un podcast enregistr\u00e9 par Corentin Dubois et r\u00e9alis\u00e9 par Karen Beun.<\/p>\n","protected":false},"excerpt":{"rendered":"Allons-nous parler aujourd\u2019hui de l\u2019ultime film d\u2019Abdellatif Kechiche, le cin\u00e9aste de 64\u00a0ans, diminu\u00e9 depuis mars dernier par un&hellip;\n","protected":false},"author":2,"featured_media":584342,"comment_status":"","ping_status":"","sticky":false,"template":"","format":"standard","meta":{"footnotes":""},"categories":[1354],"tags":[44438,650,58,59,1346,1011,27,1360],"class_list":{"0":"post-584341","1":"post","2":"type-post","3":"status-publish","4":"format-standard","5":"has-post-thumbnail","7":"category-films","8":"tag-abdellatif-kechiche","9":"tag-cinema","10":"tag-divertissement","11":"tag-entertainment","12":"tag-films","13":"tag-fr","14":"tag-france","15":"tag-movies"},"share_on_mastodon":{"url":"https:\/\/pubeurope.com\/@fr\/115678709318914206","error":""},"_links":{"self":[{"href":"https:\/\/www.europesays.com\/fr\/wp-json\/wp\/v2\/posts\/584341","targetHints":{"allow":["GET"]}}],"collection":[{"href":"https:\/\/www.europesays.com\/fr\/wp-json\/wp\/v2\/posts"}],"about":[{"href":"https:\/\/www.europesays.com\/fr\/wp-json\/wp\/v2\/types\/post"}],"author":[{"embeddable":true,"href":"https:\/\/www.europesays.com\/fr\/wp-json\/wp\/v2\/users\/2"}],"replies":[{"embeddable":true,"href":"https:\/\/www.europesays.com\/fr\/wp-json\/wp\/v2\/comments?post=584341"}],"version-history":[{"count":0,"href":"https:\/\/www.europesays.com\/fr\/wp-json\/wp\/v2\/posts\/584341\/revisions"}],"wp:featuredmedia":[{"embeddable":true,"href":"https:\/\/www.europesays.com\/fr\/wp-json\/wp\/v2\/media\/584342"}],"wp:attachment":[{"href":"https:\/\/www.europesays.com\/fr\/wp-json\/wp\/v2\/media?parent=584341"}],"wp:term":[{"taxonomy":"category","embeddable":true,"href":"https:\/\/www.europesays.com\/fr\/wp-json\/wp\/v2\/categories?post=584341"},{"taxonomy":"post_tag","embeddable":true,"href":"https:\/\/www.europesays.com\/fr\/wp-json\/wp\/v2\/tags?post=584341"}],"curies":[{"name":"wp","href":"https:\/\/api.w.org\/{rel}","templated":true}]}}