{"id":584347,"date":"2025-12-07T14:18:12","date_gmt":"2025-12-07T14:18:12","guid":{"rendered":"https:\/\/www.europesays.com\/fr\/584347\/"},"modified":"2025-12-07T14:18:12","modified_gmt":"2025-12-07T14:18:12","slug":"je-ne-guerirai-jamais-david-hallyday-dechirant-sur-le-mal-qui-lhabite","status":"publish","type":"post","link":"https:\/\/www.europesays.com\/fr\/584347\/","title":{"rendered":"\u00ab\u00a0Je ne gu\u00e9rirai jamais\u00a0\u00bb, David Hallyday d\u00e9chirant sur le mal qui l\u2019habite"},"content":{"rendered":"<p>      R\u00e9sum\u00e9<\/p>\n<p>David Hallyday revient sur les tensions familiales et le refus de voir son p\u00e8re avant sa mort, exprimant un pardon sans oublier la douleur persistante.<\/p>\n<p>        Sommaire<\/p>\n<p>C&rsquo;\u00e9tait il y a huit ans d\u00e9j\u00e0. <strong>Le 5 d\u00e9cembre 2017, Johnny Hallyday mourait \u00e0 l&rsquo;\u00e2ge de 74 ans<\/strong>, des suites d&rsquo;un long combat contre un cancer du poumon diagnostiqu\u00e9 plusieurs ann\u00e9es plus t\u00f4t. Une mort ultra-m\u00e9diatis\u00e9e, qui d\u00e9coulera sur <strong>une guerre en h\u00e9ritage de toute une famille<\/strong>, avec deux clans en totale contradiction : le clan de Laeticia, Jade et Joy d&rsquo;un c\u00f4t\u00e9, privil\u00e9gi\u00e9 par le rockeur, et celui de ses deux a\u00een\u00e9s, Laura et David, <a href=\"https:\/\/www.public.fr\/testament-de-johnny-hallyday-on-connait-enfin-la-somme-que-david-et-laura-demandent\" target=\"_blank\" rel=\"noopener\">retir\u00e9s de son dernier testament olographe<\/a> \u00e9crit en avril 2014.<\/p>\n<p><strong>Huit ans apr\u00e8s, David Hallyday pardonne<\/strong>&#8230; mais n&rsquo;oublie rien. Le chanteur, invit\u00e9 de RTL ce samedi \u00e0 l&rsquo;occasion de l&rsquo;anniversaire de la mort de son p\u00e8re, est revenu <a href=\"https:\/\/vsd.fr\/16210-johnny-la-nuit-de-sa-mort-ils-etaient-pres-de-lui\/\" target=\"_blank\" rel=\"noopener\">sur les derni\u00e8res heures qui ont pr\u00e9c\u00e9d\u00e9<\/a> sa disparition. Des heures douloureuses pour tous, qui ont fini de cristalliser des tensions familiales d\u00e9j\u00e0 tr\u00e8s fortes. En effet, <strong>sur ordre des m\u00e9decins de Johnny, David n&rsquo;a pas eu le droit de le visiter<\/strong> une derni\u00e8re fois avant sa mort. Un traumatisme pour celui qui, il l&rsquo;assure, voulait dire au revoir \u00e0 celui \u00e0 qui il avait tant de choses \u00e0 dire.<\/p>\n<p>Le clan Hallyday va mieux&#8230; mais n&rsquo;oublie rien<\/p>\n<p>\u00ab\u00a0<strong>Tu ne te gu\u00e9ris jamais de \u00e7a, il me semble<\/strong>. Ou alors, tu es quelqu&rsquo;un de sp\u00e9cial. Non, tu ne te gu\u00e9ris jamais de \u00e7a. \u00c7a reste une blessure. Tu avances en tant qu&rsquo;homme et tu d\u00e9passes les \u00e9preuves. <strong>Moi, je ne gu\u00e9rirai jamais de \u00e7a<\/strong>\u00a0\u00bb a d\u00e9clar\u00e9 le p\u00e8re d&rsquo;Emma et Ilona Smet. David Hallyday a aujourd&rsquo;hui pardonn\u00e9 \u00e0 <a href=\"https:\/\/www.public.fr\/laeticia-jade-et-joy-hallyday-publient-de-vibrants-hommages-a-johnny-8-ans-apres-sa-mort\" target=\"_blank\" rel=\"noopener\">sa belle-m\u00e8re et \u00e0 ses deux demi-s\u0153urs<\/a>, qui ont eu le droit de voir Johnny jusqu&rsquo;\u00e0 la derni\u00e8re seconde. Mais il assure ne rien oublier de ces moments de vie douloureux et \u00f4 combien traumatiques.<\/p>\n<p>\u00ab\u00a0Le temps apaise. <strong>Mais il y a des choses que le temps n&rsquo;arrange pas, on va dire<\/strong>. Mais on s&rsquo;y fait. Il faut pardonner. Pardonner ne veut pas dire oublier. Mais le pardon est une fa\u00e7on de s&rsquo;enlever un poids des \u00e9paules. Je pense que c&rsquo;est pour la propre gu\u00e9rison. <strong>Mais le pardon ne veut pas dire n\u00e9cessairement d&rsquo;oublier. On n&rsquo;oublie pas<\/strong>\u00a0\u00bb explique ainsi David Hallyday. <\/p>\n<p>David n&rsquo;\u00e9tait pas le bienvenu \u00e0 Marnes-la-Coquette<\/p>\n<p>En novembre 2018, dans Sept \u00e0 Huit, David Hallyday avait <a href=\"https:\/\/www.public.fr\/ce-qu-il-faut-retenir-de-l-intervention-de-david-hallyday-sur-tf1\" target=\"_blank\" rel=\"noopener\">donn\u00e9 une interview coup de poing<\/a> dans laquelle il r\u00e9glait ses comptes avec Laeticia et le clan Boudou. Il r\u00e9v\u00e9lait pour la premi\u00e8re fois avoir \u00e9t\u00e9 interdit, \u00e0 Marnes-la-Coquette, de rendre visite une ultime fois \u00e0 son p\u00e8re le jour de sa mort. <strong>\u00ab\u00a0Le staff m\u00e9dical \u00e9tait en charge de \u00e7a\u00a0\u00bb<\/strong> assurait le chanteur, qui estimait toutefois que celui-ci agissait sur ordre : <strong>\u00ab\u00a0Je pense qu&rsquo;ils avaient des consignes\u00a0\u00bb<\/strong>. Sans nommer sa belle-m\u00e8re sur ce sujet, il a toutefois ensuite reconnu que celle-ci n&rsquo;est jamais venu \u00e0 son chevet les heures pr\u00e9c\u00e9dant la mort du rockeur : <strong>\u00ab\u00a0Je ne l&rsquo;ai pas vue de la journ\u00e9e\u00a0\u00bb<\/strong>.<\/p>\n<p>\n          Hits &amp; People en continu\n        <\/p>\n<p>\n          Public Radio\n        <\/p>\n<p>      Mentionn\u00e9s dans cet article<\/p>\n<p>      Sur le m\u00eame sujet<\/p>\n","protected":false},"excerpt":{"rendered":"R\u00e9sum\u00e9 David Hallyday revient sur les tensions familiales et le refus de voir son p\u00e8re avant sa mort,&hellip;\n","protected":false},"author":2,"featured_media":584348,"comment_status":"","ping_status":"","sticky":false,"template":"","format":"standard","meta":{"footnotes":""},"categories":[8],"tags":[1300,58,59,1011,27,1304,7648,15910,18],"class_list":{"0":"post-584347","1":"post","2":"type-post","3":"status-publish","4":"format-standard","5":"has-post-thumbnail","7":"category-divertissement","8":"tag-david-hallyday","9":"tag-divertissement","10":"tag-entertainment","11":"tag-fr","12":"tag-france","13":"tag-johnny-hallyday","14":"tag-laeticia-hallyday","15":"tag-laura-smet","16":"tag-mort"},"share_on_mastodon":{"url":"https:\/\/pubeurope.com\/@fr\/115678721277789807","error":""},"_links":{"self":[{"href":"https:\/\/www.europesays.com\/fr\/wp-json\/wp\/v2\/posts\/584347","targetHints":{"allow":["GET"]}}],"collection":[{"href":"https:\/\/www.europesays.com\/fr\/wp-json\/wp\/v2\/posts"}],"about":[{"href":"https:\/\/www.europesays.com\/fr\/wp-json\/wp\/v2\/types\/post"}],"author":[{"embeddable":true,"href":"https:\/\/www.europesays.com\/fr\/wp-json\/wp\/v2\/users\/2"}],"replies":[{"embeddable":true,"href":"https:\/\/www.europesays.com\/fr\/wp-json\/wp\/v2\/comments?post=584347"}],"version-history":[{"count":0,"href":"https:\/\/www.europesays.com\/fr\/wp-json\/wp\/v2\/posts\/584347\/revisions"}],"wp:featuredmedia":[{"embeddable":true,"href":"https:\/\/www.europesays.com\/fr\/wp-json\/wp\/v2\/media\/584348"}],"wp:attachment":[{"href":"https:\/\/www.europesays.com\/fr\/wp-json\/wp\/v2\/media?parent=584347"}],"wp:term":[{"taxonomy":"category","embeddable":true,"href":"https:\/\/www.europesays.com\/fr\/wp-json\/wp\/v2\/categories?post=584347"},{"taxonomy":"post_tag","embeddable":true,"href":"https:\/\/www.europesays.com\/fr\/wp-json\/wp\/v2\/tags?post=584347"}],"curies":[{"name":"wp","href":"https:\/\/api.w.org\/{rel}","templated":true}]}}