{"id":584349,"date":"2025-12-07T14:19:12","date_gmt":"2025-12-07T14:19:12","guid":{"rendered":"https:\/\/www.europesays.com\/fr\/584349\/"},"modified":"2025-12-07T14:19:12","modified_gmt":"2025-12-07T14:19:12","slug":"lidl-va-fermer-en-france-ces-50-paniers-revelent-le-champion-des-prix-2025-qui-protege-votre-budget","status":"publish","type":"post","link":"https:\/\/www.europesays.com\/fr\/584349\/","title":{"rendered":"Lidl va fermer en France ? Ces 50 paniers r\u00e9v\u00e8lent le champion des prix 2025 qui prot\u00e8ge votre budget"},"content":{"rendered":"<p>Par <a class=\"author_recette\" id=\"author_name\" href=\"https:\/\/www.nextplz.fr\/auteur\/jason-mathurin\" target=\"_blank\" rel=\"noopener\">Jason<br \/>\nMathurin<\/a> &#8211;<br \/>\nPubli\u00e9 le 07 D\u00e9c 2025 \u00e0<br \/>\n14:11<\/p>\n<p>\u00ab Lidl fait faillite ? \u00bb La question a surgi partout en quelques<br \/>\njours, port\u00e9e par des vid\u00e9os alarmistes et des posts qui<br \/>\naffirmaient que <strong>Lidl va fermer tous ses magasins en<br \/>\nFrance<\/strong>. Pour des millions de foyers qui comptent sur<br \/>\nl\u2019enseigne pour all\u00e9ger le ticket de caisse, le simple sc\u00e9nario<br \/>\nd\u2019un rideau d\u00e9finitivement baiss\u00e9 a suffi \u00e0 cr\u00e9er un vrai<br \/>\nvertige.<\/p>\n<p>Une date a cristallis\u00e9 toutes les peurs : le 15 juillet 2025,<br \/>\npr\u00e9sent\u00e9e comme le jour o\u00f9 le hard discounter allemand allait<br \/>\nquitter l\u2019Hexagone. Les commentaires se sont emball\u00e9s, entre<br \/>\ncaptures d\u2019\u00e9cran anxiog\u00e8nes et messages d\u2019adieu \u00e0 ce \u00ab\u00a0mastodonte du<br \/>\nhard discount\u00a0\u00bb rapport\u00e9s par des internautes cit\u00e9s par Melty. La<br \/>\nr\u00e9alit\u00e9 est bien plus surprenante.<\/p>\n<p>Lidl va fermer tous ses magasins en France en 2025 : intox<br \/>\nvirale, fermetures cibl\u00e9es<\/p>\n<p>\u00c0 l\u2019origine, on trouve des sites peu fiables, souvent aliment\u00e9s<br \/>\npar l\u2019IA, qui annoncent une disparition totale de Lidl en France,<br \/>\nrenforc\u00e9e par des partages en cha\u00eene sur les r\u00e9seaux sociaux. En<br \/>\nquelques heures, la rumeur a d\u00e9clench\u00e9 un vrai vent de panique,<br \/>\nparlant de \u00ab\u00a0disparition soudaine\u00a0\u00bb et inondant les commentaires de<br \/>\nmessages inquiets. Le silence initial de l\u2019enseigne a entretenu le<br \/>\nflou, et laiss\u00e9 croire \u00e0 certains que Lidl s\u2019appr\u00eatait \u00e0 tirer<br \/>\nd\u00e9finitivement le rideau.<\/p>\n<p>Les faits racontent autre chose. <strong>Lidl ne plie pas<br \/>\nbagage<\/strong> et ne pr\u00e9voit ni de dispara\u00eetre du paysage fran\u00e7ais<br \/>\nni de basculer enti\u00e8rement en ligne. Le groupe reste solidement<br \/>\nimplant\u00e9 avec plus de 1 600 magasins, 26 plateformes logistiques et<br \/>\n46 000 collaborateurs, en France, au c\u0153ur d\u2019un r\u00e9seau qui s\u2019\u00e9tend \u00e0<br \/>\n31 pays et pr\u00e8s de 12 000 supermarch\u00e9s. Ce qui est en cours, c\u2019est<br \/>\nun recentrage : fermeture de points de vente jug\u00e9s peu performants<br \/>\nou mal situ\u00e9s, r\u00e9duction ou arr\u00eat d\u2019activit\u00e9s annexes comme Lidl<br \/>\nVoyages ou Lidl Vins, pendant que l\u2019alimentaire, colonne vert\u00e9brale<br \/>\nde l\u2019enseigne, continue d\u2019\u00eatre renforc\u00e9 et modernis\u00e9.<\/p>\n<p>Faillite, pertes et mont\u00e9e en gamme : comment Lidl d\u00e9fend<br \/>\nencore ses prix<\/p>\n<p>Si la rumeur de <strong>faillite<\/strong> fascine autant, c\u2019est<br \/>\naussi parce que Lidl traverse une zone de turbulences. Sa strat\u00e9gie<br \/>\nde mont\u00e9e en gamme, pens\u00e9e pour proposer des produits jug\u00e9s plus<br \/>\nqualitatifs \u00e0 des prix toujours attractifs, se heurte \u00e0 une r\u00e9alit\u00e9<br \/>\nsimple : en p\u00e9riode d\u2019inflation, beaucoup de clients recherchent<br \/>\navant tout les \u00e9tiquettes les plus basses. La concurrence du<br \/>\ndiscount reste tr\u00e8s agressive, et l\u2019enseigne doit d\u00e9sormais jongler<br \/>\nentre am\u00e9lioration de son image et attentes d\u2019une client\u00e8le fid\u00e8le<br \/>\nqui ne veut pas payer plus, alors que des pertes chiffr\u00e9es \u00e0<br \/>\nenviron 157 millions d\u2019euros en 2024 ont d\u00e9j\u00e0 conduit \u00e0 un plan<br \/>\nd\u2019\u00e9conomies et \u00e0 des tensions sociales.<\/p>\n<p>Malgr\u00e9 ce contexte, les relev\u00e9s de prix publi\u00e9s en 2025<br \/>\ndessinent un tableau clair : sur un panier type d\u2019une<br \/>\nquatre-vingtaine de produits m\u00ealant marques distributeur et grandes<br \/>\nmarques, Lidl reste une r\u00e9f\u00e9rence. Des comparatifs bas\u00e9s sur ce<br \/>\ngenre de panier placent l\u2019enseigne au premier rang, devant un grand<br \/>\nhypermarch\u00e9 tricolore tr\u00e8s connu et un autre discounter allemand<br \/>\nl\u00e9g\u00e8rement plus cher, tandis que les mastodontes historiques de la<br \/>\ngrande distribution se situent sensiblement au dessus.<br \/>\nConcr\u00e8tement, ces comparatifs de prix 2025 dessinent le paysage<br \/>\nsuivant :<\/p>\n<ul>\n<li>Lidl arrive en t\u00eate sur le panier de r\u00e9f\u00e9rence, sur la base des<br \/>\nprix relev\u00e9s.<\/li>\n<li>Un grand hypermarch\u00e9 classique suit de tr\u00e8s pr\u00e8s, \u00e0 seulement<br \/>\nquelques pourcents.<\/li>\n<li>D\u2019autres enseignes g\u00e9n\u00e9ralistes se retrouvent avec un caddie 10<br \/>\n% ou plus au dessus de celui de Lidl.<\/li>\n<\/ul>\n<p>Duel prix 2025 : le vainqueur surprise<br \/>\nque nos 50 paniers r\u00e9v\u00e8lent face \u00e0 Lidl<\/p>\n<p>Pour v\u00e9rifier ce que ces barom\u00e8tres signifient dans la vie<br \/>\nr\u00e9elle, nous avons scann\u00e9 une cinquantaine de paniers types dans<br \/>\nplusieurs villes, en reprenant le m\u00eame principe de comparaison<br \/>\nentre produits du quotidien. Les r\u00e9sultats confirment l\u2019essentiel :<br \/>\ndans la grande majorit\u00e9 des cas, le ticket de caisse le plus bas<br \/>\nsort encore de chez Lidl ou d\u2019un hypermarch\u00e9 concurrent tr\u00e8s<br \/>\ncombatif sur les marques nationales. Le hard discounter allemand<br \/>\ngarde donc un r\u00f4le central dans la lutte contre la vie ch\u00e8re, ce<br \/>\nqui explique l\u2019ampleur de la panique quand certains ont cru \u00e0 une<br \/>\nfermeture g\u00e9n\u00e9ralis\u00e9e.<\/p>\n<p>Une surprise se dessine pourtant dans ce <strong>duel prix<br \/>\n2025<\/strong>. Dans les zones o\u00f9 il est d\u00e9j\u00e0 implant\u00e9, un nouvel<br \/>\nacteur espagnol, <strong>Primaprix<\/strong>, bouscule le match sur<br \/>\nles produits de grandes marques, avec des tarifs tr\u00e8s agressifs<br \/>\ndans des magasins plus confortables qu\u2019un simple point de<br \/>\nd\u00e9stockage. Sur certains paniers centr\u00e9s sur ces r\u00e9f\u00e9rences, il<br \/>\nparvient \u00e0 rivaliser, voire \u00e0 devancer les enseignes historiques.<br \/>\nDe quoi offrir une porte de sortie aux consommateurs inquiets pour<br \/>\nleur pouvoir d\u2019achat, sans pour autant effacer le poids de Lidl,<br \/>\nqui continue d\u2019ouvrir, d\u00e9placer et moderniser des magasins tout en<br \/>\nfermant les adresses les moins rentables.<\/p>\n","protected":false},"excerpt":{"rendered":"Par Jason Mathurin &#8211; Publi\u00e9 le 07 D\u00e9c 2025 \u00e0 14:11 \u00ab Lidl fait faillite ? \u00bb La&hellip;\n","protected":false},"author":2,"featured_media":584350,"comment_status":"","ping_status":"","sticky":false,"template":"","format":"standard","meta":{"footnotes":""},"categories":[7],"tags":[1011,27,43,40,41,39,42,44,65861],"class_list":{"0":"post-584349","1":"post","2":"type-post","3":"status-publish","4":"format-standard","5":"has-post-thumbnail","7":"category-sciences-et-technologies","8":"tag-fr","9":"tag-france","10":"tag-science","11":"tag-science-and-technology","12":"tag-sciences","13":"tag-sciences-et-technologies","14":"tag-technologies","15":"tag-technology","16":"tag-trend"},"share_on_mastodon":{"url":"https:\/\/pubeurope.com\/@fr\/115678725938404856","error":""},"_links":{"self":[{"href":"https:\/\/www.europesays.com\/fr\/wp-json\/wp\/v2\/posts\/584349","targetHints":{"allow":["GET"]}}],"collection":[{"href":"https:\/\/www.europesays.com\/fr\/wp-json\/wp\/v2\/posts"}],"about":[{"href":"https:\/\/www.europesays.com\/fr\/wp-json\/wp\/v2\/types\/post"}],"author":[{"embeddable":true,"href":"https:\/\/www.europesays.com\/fr\/wp-json\/wp\/v2\/users\/2"}],"replies":[{"embeddable":true,"href":"https:\/\/www.europesays.com\/fr\/wp-json\/wp\/v2\/comments?post=584349"}],"version-history":[{"count":0,"href":"https:\/\/www.europesays.com\/fr\/wp-json\/wp\/v2\/posts\/584349\/revisions"}],"wp:featuredmedia":[{"embeddable":true,"href":"https:\/\/www.europesays.com\/fr\/wp-json\/wp\/v2\/media\/584350"}],"wp:attachment":[{"href":"https:\/\/www.europesays.com\/fr\/wp-json\/wp\/v2\/media?parent=584349"}],"wp:term":[{"taxonomy":"category","embeddable":true,"href":"https:\/\/www.europesays.com\/fr\/wp-json\/wp\/v2\/categories?post=584349"},{"taxonomy":"post_tag","embeddable":true,"href":"https:\/\/www.europesays.com\/fr\/wp-json\/wp\/v2\/tags?post=584349"}],"curies":[{"name":"wp","href":"https:\/\/api.w.org\/{rel}","templated":true}]}}