{"id":584358,"date":"2025-12-07T14:25:15","date_gmt":"2025-12-07T14:25:15","guid":{"rendered":"https:\/\/www.europesays.com\/fr\/584358\/"},"modified":"2025-12-07T14:25:15","modified_gmt":"2025-12-07T14:25:15","slug":"loire-un-homme-de-34-ans-dans-un-etat-grave-apres-un-accident-dans-cette-commune","status":"publish","type":"post","link":"https:\/\/www.europesays.com\/fr\/584358\/","title":{"rendered":"Loire. Un homme de 34 ans dans un \u00e9tat grave apr\u00e8s un accident dans cette commune"},"content":{"rendered":"<p>                    Par<br \/>\n        <strong><br \/>\n            <a href=\"https:\/\/actu.fr\/auteur\/mathias-souteyrat\" title=\"Consulter tous les articles de Mathias Souteyrat\" target=\"_blank\" rel=\"noopener\">Mathias Souteyrat<\/a><br \/>\n                    <\/strong><\/p>\n<p>        Publi\u00e9 le<\/p>\n<p>            2 d\u00e9c. 2025 \u00e0 9h04        <\/p>\n<p>Il \u00e9tait vers 1h30, mardi 2\u00a0d\u00e9cembre 2025, quand un accident de la circulation s\u2019est produit sur la route de la Varizelle M32, commune de <a href=\"https:\/\/actu.fr\/auvergne-rhone-alpes\/saint-chamond_42207\" target=\"_blank\" rel=\"noopener\">Saint-Chamond<\/a> (Loire), pr\u00e8s de <a href=\"https:\/\/actu.fr\/saint-etienne\/\" target=\"_blank\" rel=\"noopener\">Saint-Etienne<\/a>.<\/p>\n<p>Forte cin\u00e9tique<\/p>\n<p class=\" wall-content\">Les sapeurs-pompiers sont intervenus pour un accident routier \u00e0 forte cin\u00e9tique. La voiture a violemment percut\u00e9 un poteau b\u00e9ton avant de terminer sa course <strong>contre un mur de cl\u00f4ture.<\/strong><\/p>\n<p class=\" wall-content\">Le conducteur \u00e2g\u00e9 de 34\u00a0ans a \u00e9t\u00e9 m\u00e9dicalis\u00e9 par le SAMU de Saint-Etienne avant d\u2019\u00eatre \u00e9vacu\u00e9 sur le CHU en urgence absolue.<\/p>\n<p class=\" wall-content\">Personnalisez votre actualit\u00e9 en ajoutant vos villes et m\u00e9dias en favori avec <a href=\"https:\/\/moncompte.actu.fr\" title=\"D\u00e9couvez Mon Actu\" rel=\"nofollow noopener\" data-trk=\"{&quot;cta&quot;:{&quot;action&quot;:&quot;https:\\\/\\\/moncompte.actu.fr&quot;,&quot;category&quot;:&quot;mon compte&quot;,&quot;from&quot;:&quot;article footer&quot;,&quot;name&quot;:&quot;Mon actu&quot;,&quot;type&quot;:&quot;cta&quot;}}\" target=\"_blank\">Mon Actu<\/a>.<\/p>\n","protected":false},"excerpt":{"rendered":"Par Mathias Souteyrat Publi\u00e9 le 2 d\u00e9c. 2025 \u00e0 9h04 Il \u00e9tait vers 1h30, mardi 2\u00a0d\u00e9cembre 2025, quand&hellip;\n","protected":false},"author":2,"featured_media":584359,"comment_status":"","ping_status":"","sticky":false,"template":"","format":"standard","meta":{"footnotes":""},"categories":[9653],"tags":[119,1111,11,2430,1777,674,118,1011,27,12,1311,25,4001],"class_list":{"0":"post-584358","1":"post","2":"type-post","3":"status-publish","4":"format-standard","5":"has-post-thumbnail","7":"category-saint-etienne","8":"tag-accident","9":"tag-actu","10":"tag-actualites","11":"tag-auvergne-rhone-alpes","12":"tag-eu","13":"tag-europe","14":"tag-faits-divers","15":"tag-fr","16":"tag-france","17":"tag-news","18":"tag-pompiers","19":"tag-republique-francaise","20":"tag-saint-etienne"},"share_on_mastodon":{"url":"https:\/\/pubeurope.com\/@fr\/115678748681090081","error":""},"_links":{"self":[{"href":"https:\/\/www.europesays.com\/fr\/wp-json\/wp\/v2\/posts\/584358","targetHints":{"allow":["GET"]}}],"collection":[{"href":"https:\/\/www.europesays.com\/fr\/wp-json\/wp\/v2\/posts"}],"about":[{"href":"https:\/\/www.europesays.com\/fr\/wp-json\/wp\/v2\/types\/post"}],"author":[{"embeddable":true,"href":"https:\/\/www.europesays.com\/fr\/wp-json\/wp\/v2\/users\/2"}],"replies":[{"embeddable":true,"href":"https:\/\/www.europesays.com\/fr\/wp-json\/wp\/v2\/comments?post=584358"}],"version-history":[{"count":0,"href":"https:\/\/www.europesays.com\/fr\/wp-json\/wp\/v2\/posts\/584358\/revisions"}],"wp:featuredmedia":[{"embeddable":true,"href":"https:\/\/www.europesays.com\/fr\/wp-json\/wp\/v2\/media\/584359"}],"wp:attachment":[{"href":"https:\/\/www.europesays.com\/fr\/wp-json\/wp\/v2\/media?parent=584358"}],"wp:term":[{"taxonomy":"category","embeddable":true,"href":"https:\/\/www.europesays.com\/fr\/wp-json\/wp\/v2\/categories?post=584358"},{"taxonomy":"post_tag","embeddable":true,"href":"https:\/\/www.europesays.com\/fr\/wp-json\/wp\/v2\/tags?post=584358"}],"curies":[{"name":"wp","href":"https:\/\/api.w.org\/{rel}","templated":true}]}}