{"id":584360,"date":"2025-12-07T14:26:27","date_gmt":"2025-12-07T14:26:27","guid":{"rendered":"https:\/\/www.europesays.com\/fr\/584360\/"},"modified":"2025-12-07T14:26:27","modified_gmt":"2025-12-07T14:26:27","slug":"horneland-limoge-vent-de-panique-a-saint-etienne","status":"publish","type":"post","link":"https:\/\/www.europesays.com\/fr\/584360\/","title":{"rendered":"Horneland limog\u00e9, vent de panique \u00e0 Saint-Etienne"},"content":{"rendered":"<p><b>Battu par Dunkerque samedi soir, l\u2019ASSE pourrait terminer la 16e journ\u00e9e de <a href=\"https:\/\/www.foot01.com\/ligue2\" title=\"Ligue 2\" target=\"_blank\" rel=\"noopener\">Ligue 2<\/a> \u00e0 la troisi\u00e8me place. Un d\u00e9but de saison contrast\u00e9 qui fragilise Eirik Horneland apr\u00e8s le gros mercato r\u00e9alis\u00e9 l\u2019\u00e9t\u00e9 dernier.<\/b>L\u2019AS Saint-Etienne fait le yoyo. Depuis plusieurs semaines, l\u2019\u00e9quipe d\u2019Eirik Horneland est l\u2019une des plus irr\u00e9guli\u00e8res en Ligue 2. Capable de battre Troyes et Nancy \u00e0 la suite mais aussi de s\u2019incliner 4-0 \u00e0 Annecy, 3-2 au Mans et 1-0 \u00e0 Dunkerque, l\u2019ASSE fait du surplace. Pire, <a href=\"https:\/\/www.foot01.com\/ligue2\/l2-lasse-rate-encore-le-coche\" target=\"_self\" rel=\"noopener\">les Verts pourraient perdre leur deuxi\u00e8me place au profit du Red Star<\/a> \u00e0 la fin de la 16e journ\u00e9e. De quoi fragiliser assez logiquement Eirik Horneland. En place depuis un an, le technicien norv\u00e9gien ne parvient pas \u00e0 faire de Saint-Etienne une \u00e9quipe s\u00e9duisante dans le jeu, ni r\u00e9guli\u00e8re dans les r\u00e9sultats.<\/p>\n<p>\u00ab On n&rsquo;est pas du tout l\u00e0 o\u00f9 j&rsquo;esp\u00e9rais \u00eatre et l\u00e0 o\u00f9 on devrait \u00eatre en termes de performance. La chance que l&rsquo;on a, c&rsquo;est qu&rsquo;on est encore au contact des autres \u00e9quipes. Contre le SC Bastia, il faudra imp\u00e9rativement trois points pour rester au contact. Il faudra \u00eatre plus r\u00e9guliers en seconde partie de saison. Donc, pour l&rsquo;instant, non, pas satisfait\u00a0\u00bb a d\u2019ailleurs comment\u00e9 le successeur d\u2019Olivier Dall\u2019Oglio sur le banc de l\u2019ASSE \u00e0 l\u2019issue du match perdu contre Dunkerque samedi. Sur les r\u00e9seaux sociaux, les supporters st\u00e9phanois \u00e0 demander la t\u00eate du coach norv\u00e9gien se font de plus en plus nombreux et de plus en plus bruyants.<\/p>\n<p>Horneland &#8211; Dall&rsquo;Oglio, la comparaison fait mal<\/p>\n<p>\u00ab Le contenu propos\u00e9 et les r\u00e9sultats obtenus par L\u2019ASSE d\u2019Horneland depuis presque 2 mois et le match au Mans, c\u2019est tout bonnement catastrophique et indigne d\u2019un club avec ce budget et cet effectif. Les 11 buts face \u00e0 une R3 ne doivent rien effacer. Minable\u00a0\u00bb peste un supporter sur X. Un autre va dans le m\u00eame sens. \u00ab\u00a0Nous pouvons faire le bilan d&rsquo;Horneland apr\u00e8s 1 an et pouvons donc comparer son bilan avec celui de Dall\u2019Oglio : Dall\u2019Oglio 39 matchs 18V 7N 14D ; Horneland 37 matchs 15V 6N 15D. Autant de matchs de L1\/L2 mais pas le m\u00eame budget sur l\u2019ensemble\u00a0\u00bb regrette ce supporter de l\u2019ASSE. Un autre, encore plus vindicatif, exige le limogeage de Horneland.<\/p>\n<p>\u00ab Et on peut encore une fois applaudir la gestion de Horneland qui voit que son \u00e9quipe baisse de r\u00e9gime mais ne fait aucun changement au milieu D\u00e9gage le Norv\u00e9gien\u00a0\u00bb peut-on lire sur X, au milieu de nombreux messages similaires. Le vent souffle fort pour Eirik Horneland \u00e0 l\u2019ASSE et il faudra imp\u00e9rativement une victoire \u00e0 domicile contre Bastia avant la tr\u00eave hivernale pour calmer les critiques et ainsi passer No\u00ebl au chaud.<\/p>\n","protected":false},"excerpt":{"rendered":"Battu par Dunkerque samedi soir, l\u2019ASSE pourrait terminer la 16e journ\u00e9e de Ligue 2 \u00e0 la troisi\u00e8me place.&hellip;\n","protected":false},"author":2,"featured_media":584361,"comment_status":"","ping_status":"","sticky":false,"template":"","format":"standard","meta":{"footnotes":""},"categories":[9653],"tags":[1111,11,461,2430,1777,674,1011,27,446,12,25,4001],"class_list":{"0":"post-584360","1":"post","2":"type-post","3":"status-publish","4":"format-standard","5":"has-post-thumbnail","7":"category-saint-etienne","8":"tag-actu","9":"tag-actualites","10":"tag-asse","11":"tag-auvergne-rhone-alpes","12":"tag-eu","13":"tag-europe","14":"tag-fr","15":"tag-france","16":"tag-ligue-2","17":"tag-news","18":"tag-republique-francaise","19":"tag-saint-etienne"},"share_on_mastodon":{"url":"https:\/\/pubeurope.com\/@fr\/115678752485871071","error":""},"_links":{"self":[{"href":"https:\/\/www.europesays.com\/fr\/wp-json\/wp\/v2\/posts\/584360","targetHints":{"allow":["GET"]}}],"collection":[{"href":"https:\/\/www.europesays.com\/fr\/wp-json\/wp\/v2\/posts"}],"about":[{"href":"https:\/\/www.europesays.com\/fr\/wp-json\/wp\/v2\/types\/post"}],"author":[{"embeddable":true,"href":"https:\/\/www.europesays.com\/fr\/wp-json\/wp\/v2\/users\/2"}],"replies":[{"embeddable":true,"href":"https:\/\/www.europesays.com\/fr\/wp-json\/wp\/v2\/comments?post=584360"}],"version-history":[{"count":0,"href":"https:\/\/www.europesays.com\/fr\/wp-json\/wp\/v2\/posts\/584360\/revisions"}],"wp:featuredmedia":[{"embeddable":true,"href":"https:\/\/www.europesays.com\/fr\/wp-json\/wp\/v2\/media\/584361"}],"wp:attachment":[{"href":"https:\/\/www.europesays.com\/fr\/wp-json\/wp\/v2\/media?parent=584360"}],"wp:term":[{"taxonomy":"category","embeddable":true,"href":"https:\/\/www.europesays.com\/fr\/wp-json\/wp\/v2\/categories?post=584360"},{"taxonomy":"post_tag","embeddable":true,"href":"https:\/\/www.europesays.com\/fr\/wp-json\/wp\/v2\/tags?post=584360"}],"curies":[{"name":"wp","href":"https:\/\/api.w.org\/{rel}","templated":true}]}}