{"id":584362,"date":"2025-12-07T14:30:27","date_gmt":"2025-12-07T14:30:27","guid":{"rendered":"https:\/\/www.europesays.com\/fr\/584362\/"},"modified":"2025-12-07T14:30:27","modified_gmt":"2025-12-07T14:30:27","slug":"defile-de-chars-et-parade-feerique-pour-celebrer-saint-nicolas-a-nancy","status":"publish","type":"post","link":"https:\/\/www.europesays.com\/fr\/584362\/","title":{"rendered":"d\u00e9fil\u00e9 de chars et parade f\u00e9erique pour c\u00e9l\u00e9brer Saint-Nicolas \u00e0 Nancy"},"content":{"rendered":"<p>      lire plus tard<\/p>\n<p id=\"dialog__title\" class=\"dialog__title\">Pour sauvegarder cet article, connectez-vous ou cr\u00e9ez un compte franceinfo<\/p>\n<p class=\"dialog__description\">Sans paiement. Sans abonnement.<\/p>\n<p>        Fermer la fen\u00eatre d\u2019activation des notifications France Info<\/p>\n<p>      cr\u00e9er votre compte<\/p>\n<p>      se connecter<\/p>\n<p>        Fermer la fen\u00eatre de pr\u00e9sentation<\/p>\n<p>    Publi\u00e9 le 07\/12\/2025 14:48<\/p>\n<p>        Temps de lecture : 3min &#8211; vid\u00e9o : 4min<\/p>\n<p>    <img decoding=\"async\" class=\"francetv-player-wrapper__image\" alt=\"F\u00eates de fin d\u2019ann\u00e9e : d\u00e9fil\u00e9 de chars et parade f\u00e9erique pour c\u00e9l\u00e9brer Saint-Nicolas \u00e0 Nancy\"  width=\"432\" height=\"243\" src=\"https:\/\/www.europesays.com\/fr\/wp-content\/uploads\/2025\/12\/13h-0712-saint-nicolas-69358346dad05063096280.jpg\" fetchpriority=\"high\"\/><\/p>\n<p>              F\u00eates de fin d\u2019ann\u00e9e : d\u00e9fil\u00e9 de chars et parade f\u00e9erique pour c\u00e9l\u00e9brer Saint-Nicolas \u00e0 Nancy<br \/>\n                    (France 2)<\/p>\n<p>      4min<\/p>\n<p>\n  Il fait de la concurrence au P\u00e8re No\u00ebl en ce d\u00e9but d\u00e9cembre. C&rsquo;est Saint Nicolas, le saint patron des Lorrains, qui est c\u00e9l\u00e9br\u00e9 \u00e0 Nancy (Meurthe-et-Moselle). Samedi 6 d\u00e9cembre, le c\u0153ur de la ville \u00e9tait anim\u00e9 par le traditionnel d\u00e9fil\u00e9 de chars et des parades f\u00e9\u00e9riques, de quoi animer la ville toute la soir\u00e9e.\n<\/p>\n<p><strong>Ce texte correspond \u00e0 une partie de la retranscription de la vid\u00e9o ci-dessus. Cliquez sur la vid\u00e9o pour la regarder en int\u00e9gralit\u00e9.<\/strong><\/p>\n<p>Des dizaines de chars f\u00e9eriques devant des milliers de spectateurs \u00e9merveill\u00e9s \u00e0 Nancy (Meurthe-et-Moselle). Chaque ann\u00e9e, le d\u00e9fil\u00e9 de la Saint-Nicolas est une tradition attendue par les \u00e9coliers comme par les plus grands. Certains sont venus d\u00e8s l&rsquo;apr\u00e8s-midi et malgr\u00e9 la pluie. \u00ab\u00a0J&rsquo;ai pos\u00e9 un jour de travail pour ne pas louper ce d\u00e9fil\u00e9, pour redonner cette tradition que j&rsquo;ai connue depuis petite \u00e0 mes deux enfants\u00a0\u00bb, partage une spectatrice. Une tradition importante, car depuis 1477, <a href=\"https:\/\/france3-regions.franceinfo.fr\/grand-est\/meurthe-et-moselle\/nancy\/on-a-le-double-voir-le-triple-de-notre-frequentation-habituelle-saint-nicolas-est-le-vrai-pere-noel-pour-les-commercants-3261887.html\" target=\"_blank\" rel=\"noopener\">Saint-Nicolas<\/a> est le protecteur des Lorrains. Dans la ville, son visage est fi\u00e8rement affich\u00e9.<\/p>\n<p>Avant de l&rsquo;apercevoir pour de vrai, les spectateurs doivent encore patienter. \u00c0 l&rsquo;op\u00e9ra, on fait vivre sa l\u00e9gende autrement, en musique. Des tabliers ensanglant\u00e9s sont port\u00e9s par les artistes, un rappel au personnage du boucher et aux trois enfants tu\u00e9s par ce dernier, puis ressuscit\u00e9s sept ans plus tard par Saint-Nicolas. Une f\u00eate qu&rsquo;il ne faut pas manquer pour les musiciens. \u00ab\u00a0Cela fait quatre ans que je suis ici, et c&rsquo;est toujours un plaisir de jouer. C&rsquo;est super, il se passe plein de choses dans la ville ce week-end-l\u00e0. C&rsquo;est sympa d&rsquo;en faire partie\u00a0\u00bb, confie Salom\u00e9 Dotte, musicienne fanfare des enfants du boucher.<\/p>\n<p>Place Stanislas, les spectateurs commencent \u00e0 se rassembler, pr\u00eats \u00e0 en prendre plein les yeux. Saint-Nicolas oblige, sur le parcours, quatre tonnes de bonbons sont distribu\u00e9es. \u00ab\u00a0C&rsquo;est une tradition depuis quelques ann\u00e9es maintenant, on emm\u00e8ne nos enfants tous les ans, on se prend un logement et on fait le week-end de la Saint-Nicolas avec le d\u00e9fil\u00e9\u00a0\u00bb, partage une m\u00e8re de famille.<\/p>\n<p>Mais la gourmandise la plus attendue reste surtout le pain d&rsquo;\u00e9pices, cadeau traditionnel en ce jour de f\u00eate. Pendant deux heures, les chars populaires s&rsquo;encha\u00eenent et la ferveur gagne les rues de <a href=\"https:\/\/france3-regions.franceinfo.fr\/grand-est\/meurthe-et-moselle\/nancy\/direct-video-suivez-le-grand-defile-de-la-saint-nicolas-2025-a-nancy-3256918.html\" target=\"_blank\" rel=\"noopener\">Nancy. <\/a>Depuis sa fen\u00eatre, Marie Reiter ne rate rien du spectacle. \u00ab\u00a0On vient de Metz et apparemment celui de Nancy est vraiment tr\u00e8s joli. Donc on est venus ici sp\u00e9cialement\u00a0\u00bb, raconte-t-elle.<\/p>\n<p>Chaque enfant conna\u00eet la l\u00e9gende et ses personnages plus ou moins effrayants. Et balai \u00e0 la main, il ne passe pas inaper\u00e7u, pr\u00eat \u00e0 punir les vilains enfants : le P\u00e8re Fouettard. Quelques m\u00e8tres plus loin, le l\u00e9gendaire boucher est hu\u00e9 par les enfants qui ne semblent plus en avoir peur. Acclam\u00e9, Saint-Nicolas arrive enfin accompagn\u00e9 des trois enfants ressuscit\u00e9s. Comme un gardien, symboliquement, le maire de Nancy lui remet les cl\u00e9s de la ville. Devant 130 000 personnes, un feu d&rsquo;artifice cl\u00f4ture la soir\u00e9e. Un bouquet final magique pour lancer les f\u00eates de fin d&rsquo;ann\u00e9e.<\/p>\n","protected":false},"excerpt":{"rendered":"lire plus tard Pour sauvegarder cet article, connectez-vous ou cr\u00e9ez un compte franceinfo Sans paiement. Sans abonnement. Fermer&hellip;\n","protected":false},"author":2,"featured_media":584363,"comment_status":"","ping_status":"","sticky":false,"template":"","format":"standard","meta":{"footnotes":""},"categories":[9635],"tags":[1111,11,1777,674,1011,27,775,1702,12,25],"class_list":{"0":"post-584362","1":"post","2":"type-post","3":"status-publish","4":"format-standard","5":"has-post-thumbnail","7":"category-nancy","8":"tag-actu","9":"tag-actualites","10":"tag-eu","11":"tag-europe","12":"tag-fr","13":"tag-france","14":"tag-grand-est","15":"tag-nancy","16":"tag-news","17":"tag-republique-francaise"},"share_on_mastodon":{"url":"https:\/\/pubeurope.com\/@fr\/115678769079964309","error":""},"_links":{"self":[{"href":"https:\/\/www.europesays.com\/fr\/wp-json\/wp\/v2\/posts\/584362","targetHints":{"allow":["GET"]}}],"collection":[{"href":"https:\/\/www.europesays.com\/fr\/wp-json\/wp\/v2\/posts"}],"about":[{"href":"https:\/\/www.europesays.com\/fr\/wp-json\/wp\/v2\/types\/post"}],"author":[{"embeddable":true,"href":"https:\/\/www.europesays.com\/fr\/wp-json\/wp\/v2\/users\/2"}],"replies":[{"embeddable":true,"href":"https:\/\/www.europesays.com\/fr\/wp-json\/wp\/v2\/comments?post=584362"}],"version-history":[{"count":0,"href":"https:\/\/www.europesays.com\/fr\/wp-json\/wp\/v2\/posts\/584362\/revisions"}],"wp:featuredmedia":[{"embeddable":true,"href":"https:\/\/www.europesays.com\/fr\/wp-json\/wp\/v2\/media\/584363"}],"wp:attachment":[{"href":"https:\/\/www.europesays.com\/fr\/wp-json\/wp\/v2\/media?parent=584362"}],"wp:term":[{"taxonomy":"category","embeddable":true,"href":"https:\/\/www.europesays.com\/fr\/wp-json\/wp\/v2\/categories?post=584362"},{"taxonomy":"post_tag","embeddable":true,"href":"https:\/\/www.europesays.com\/fr\/wp-json\/wp\/v2\/tags?post=584362"}],"curies":[{"name":"wp","href":"https:\/\/api.w.org\/{rel}","templated":true}]}}