{"id":584368,"date":"2025-12-07T14:35:14","date_gmt":"2025-12-07T14:35:14","guid":{"rendered":"https:\/\/www.europesays.com\/fr\/584368\/"},"modified":"2025-12-07T14:35:14","modified_gmt":"2025-12-07T14:35:14","slug":"deux-accidents-a-1-km-dintervalle-sur-la61-entre-montpellier-toulouse-impliquant-cinq-vehicules-ont-entraine-la-coupure-de-lautoroute","status":"publish","type":"post","link":"https:\/\/www.europesays.com\/fr\/584368\/","title":{"rendered":"Deux accidents \u00e0 1\u00a0km d\u2019intervalle sur l\u2019A61 entre Montpellier-Toulouse impliquant cinq v\u00e9hicules ont entra\u00een\u00e9 la coupure de l\u2019autoroute"},"content":{"rendered":"<p>\n                                                                La circulation a \u00e9t\u00e9 interrompue durant plus d\u2019une heure ce dimanche 7\u00a0d\u00e9cembre 2025 sur l\u2019A61 entre Montpellier et Toulouse \u00e0 la suite de deux accidents. Six personnes ont \u00e9t\u00e9 impliqu\u00e9es dans le premier incident, avec quatre bless\u00e9s l\u00e9gers. Un second accident a suivi, impliquant trois v\u00e9hicules et occasionnant deux bless\u00e9s l\u00e9gers.\n                            <\/p>\n<p>Ce dimanche 7\u00a0d\u00e9cembre 2025, 9\u00a0h, la circulation est \u00e0 nouveau r\u00e9tablie\u00a0sur l\u2019A61, \u00e0 hauteur de la commune de Montgiscard, dans le sens Montpellier-Toulouse.<\/p>\n<p>Quatre bless\u00e9s l\u00e9gers, deux voitures impliqu\u00e9es dans le premier accident<\/p>\n<p>Comme le rapporte <a href=\"https:\/\/www.ladepeche.fr\/2025\/12\/07\/accident-grave-sur-la61-six-impliques-et-la-circulation-coupee-sur-lautoroute-13096231.php\" target=\"_self\" rel=\"noopener\">La D\u00e9p\u00eache du Midi<\/a>, citant le Service d\u00e9partemental d\u2019incendie et de secours de la Haute-Garonne, deux voitures sont impliqu\u00e9es dans un accident. Au total, six personnes r\u00e9parties entre les deux v\u00e9hicules se trouvaient \u00e0 l\u2019int\u00e9rieur.<\/p>\n<p>Plus de vingt pompiers mobilis\u00e9s<\/p>\n<p>Quatre d\u2019entre elles n\u2019ont \u00e9t\u00e9 fort heureusement que bless\u00e9es l\u00e9g\u00e8rement. Le trafic a \u00e9t\u00e9 interrompu et d\u00e9vi\u00e9 par la sortie 20 (Villefranche) pour les automobilistes se rendant sur Toulouse. Sur l\u2019A66, la sortie 1 (Nailloux) \u00e9tait aussi obligatoire pour la ville rose. Depuis 9\u00a0h ce dimanche, la circulation a repris sur cette portion de l\u2019A61.<\/p>\n<p>Une vingtaine de sapeurs-pompiers ont \u00e9t\u00e9 engag\u00e9s sur place.<\/p>\n<p>Trois v\u00e9hicules, deux bless\u00e9s l\u00e9gers dans la seconde collision<\/p>\n<p>\u00c0 1\u00a0km de cet accident, un deuxi\u00e8me sinistre s\u2019est produit quelques instants plus tard. Ce sont trois v\u00e9hicules qui sont entr\u00e9s en collision \u00e0 forte cin\u00e9tique. L\u00e0 aussi, heureusement, sur les trois personnes impliqu\u00e9es, deux ont \u00e9t\u00e9 l\u00e9g\u00e8rement bless\u00e9s, la troisi\u00e8me est sortie indemne.<\/p>\n","protected":false},"excerpt":{"rendered":"La circulation a \u00e9t\u00e9 interrompue durant plus d\u2019une heure ce dimanche 7\u00a0d\u00e9cembre 2025 sur l\u2019A61 entre Montpellier et&hellip;\n","protected":false},"author":2,"featured_media":584369,"comment_status":"","ping_status":"","sticky":false,"template":"","format":"standard","meta":{"footnotes":""},"categories":[9599],"tags":[1111,11,1777,674,118,1011,27,2208,12,2680,25],"class_list":{"0":"post-584368","1":"post","2":"type-post","3":"status-publish","4":"format-standard","5":"has-post-thumbnail","7":"category-montpellier","8":"tag-actu","9":"tag-actualites","10":"tag-eu","11":"tag-europe","12":"tag-faits-divers","13":"tag-fr","14":"tag-france","15":"tag-montpellier","16":"tag-news","17":"tag-occitanie","18":"tag-republique-francaise"},"share_on_mastodon":{"url":"https:\/\/pubeurope.com\/@fr\/115678788061040986","error":""},"_links":{"self":[{"href":"https:\/\/www.europesays.com\/fr\/wp-json\/wp\/v2\/posts\/584368","targetHints":{"allow":["GET"]}}],"collection":[{"href":"https:\/\/www.europesays.com\/fr\/wp-json\/wp\/v2\/posts"}],"about":[{"href":"https:\/\/www.europesays.com\/fr\/wp-json\/wp\/v2\/types\/post"}],"author":[{"embeddable":true,"href":"https:\/\/www.europesays.com\/fr\/wp-json\/wp\/v2\/users\/2"}],"replies":[{"embeddable":true,"href":"https:\/\/www.europesays.com\/fr\/wp-json\/wp\/v2\/comments?post=584368"}],"version-history":[{"count":0,"href":"https:\/\/www.europesays.com\/fr\/wp-json\/wp\/v2\/posts\/584368\/revisions"}],"wp:featuredmedia":[{"embeddable":true,"href":"https:\/\/www.europesays.com\/fr\/wp-json\/wp\/v2\/media\/584369"}],"wp:attachment":[{"href":"https:\/\/www.europesays.com\/fr\/wp-json\/wp\/v2\/media?parent=584368"}],"wp:term":[{"taxonomy":"category","embeddable":true,"href":"https:\/\/www.europesays.com\/fr\/wp-json\/wp\/v2\/categories?post=584368"},{"taxonomy":"post_tag","embeddable":true,"href":"https:\/\/www.europesays.com\/fr\/wp-json\/wp\/v2\/tags?post=584368"}],"curies":[{"name":"wp","href":"https:\/\/api.w.org\/{rel}","templated":true}]}}