{"id":584370,"date":"2025-12-07T14:36:11","date_gmt":"2025-12-07T14:36:11","guid":{"rendered":"https:\/\/www.europesays.com\/fr\/584370\/"},"modified":"2025-12-07T14:36:11","modified_gmt":"2025-12-07T14:36:11","slug":"pluie-soleil-a-quoi-faut-il-sattendre-cote-meteo-en-seine-maritime-cette-semaine","status":"publish","type":"post","link":"https:\/\/www.europesays.com\/fr\/584370\/","title":{"rendered":"Pluie, soleil ? A quoi faut-il s&rsquo;attendre c\u00f4t\u00e9 m\u00e9t\u00e9o en Seine-Maritime cette semaine\u00a0?"},"content":{"rendered":"<p>                    Par<br \/>\n        <strong><br \/>\n            <a href=\"https:\/\/actu.fr\/auteur\/vanessa-leroy\" title=\"Consulter tous les articles de Vanessa Leroy\" target=\"_blank\" rel=\"noopener\">Vanessa Leroy<\/a><br \/>\n                    <\/strong><\/p>\n<p>        Publi\u00e9 le<\/p>\n<p>            7 d\u00e9c. 2025 \u00e0 15h02        <\/p>\n<p>Pluie, vent, temp\u00e9ratures tr\u00e8s douces pour la saison, voici les conditions m\u00e9t\u00e9orologiques observ\u00e9es depuis le d\u00e9but de ce mois de d\u00e9cembre 2025 en <a href=\"https:\/\/actu.fr\/76actu\/\" target=\"_blank\" rel=\"noopener\">Seine-Maritime<\/a>. Cette situation va-t-elle durer ? On fait le point avec les <strong>pr\u00e9visions de M\u00e9t\u00e9o France<\/strong>\u00a0pour la semaine <strong>du lundi 8 au dimanche 14 d\u00e9cembre<\/strong>.<\/p>\n<p>L\u00e9g\u00e8re baisse des temp\u00e9ratures en fin de semaine<\/p>\n<p class=\" wall-content\">Cette nouvelle semaine va commencer comme s\u2019est termin\u00e9e la pr\u00e9c\u00e9dente avec <strong>des nuages et de la pluie<\/strong>. C\u00f4t\u00e9 temp\u00e9ratures, la douceur dominera toujours avec <strong>jusqu\u2019\u00e0 16\u00b0C attendus<\/strong> au meilleur de la journ\u00e9e lundi.<\/p>\n<p class=\" wall-content\">Des \u00e9claircies devraient pointer le bout de leur nez mardi dans l\u2019apr\u00e8s-midi mais <strong>la douceur persistera jusqu\u2019\u00e0 mercredi<\/strong>.<\/p>\n<p class=\" wall-content\">C\u2019est <strong>\u00e0 partir de jeudi que les temp\u00e9ratures baisseront<\/strong> l\u00e9g\u00e8rement. Comptez alors entre 6 et 8\u00b0C le matin et de 7 \u00e0 10\u00b0C l\u2019apr\u00e8s-midi. Des donn\u00e9es qui remonteront d\u00e8s le lendemain autour de 12\u00b0C, et ce jusqu\u2019\u00e0 la fin du week-end. <strong>Une fin de semaine en demi-teinte<\/strong> avec des \u00e9claircies esp\u00e9r\u00e9es samedi et de la pluie attendue dimanche.<\/p>\n<p>Et la semaine suivante ?<\/p>\n<p class=\" wall-content\">Pour la semaine <strong>du lundi 15 au dimanche 21 d\u00e9cembre 2025<\/strong>, les pr\u00e9visions de M\u00e9t\u00e9o France sont relativement similaires \u00e0 cette semaine. Les passages pluvieux devraient se succ\u00e9der, dans une atmosph\u00e8re plut\u00f4t douce pour la saison. Une tendance qui devrait perdurer jusqu\u2019\u00e0 la fin de l\u2019ann\u00e9e.<\/p>\n<p>Vid\u00e9os : en ce moment sur ActuSuivez l\u2019actualit\u00e9 de <a href=\"https:\/\/www.whatsapp.com\/channel\/0029VaKfnf99hXF2ddApFB1D\" target=\"_blank\" rel=\"noopener\">Rouen<\/a> et du <a href=\"https:\/\/www.whatsapp.com\/channel\/0029VaFqJYE8aKvLBwVrEe0o\" target=\"_blank\" rel=\"noopener\">Havre<\/a> sur nos cha\u00eenes WhatsApp et <a href=\"https:\/\/www.tiktok.com\/@76actu.fr?lang=fr\" target=\"_blank\" rel=\"noopener\">sur notre compte TikTok<\/a><\/p>\n<p class=\" wall-content\">Personnalisez votre actualit\u00e9 en ajoutant vos villes et m\u00e9dias en favori avec <a href=\"https:\/\/moncompte.actu.fr\" title=\"D\u00e9couvez Mon Actu\" rel=\"nofollow noopener\" data-trk=\"{&quot;cta&quot;:{&quot;action&quot;:&quot;https:\\\/\\\/moncompte.actu.fr&quot;,&quot;category&quot;:&quot;mon compte&quot;,&quot;from&quot;:&quot;article footer&quot;,&quot;name&quot;:&quot;Mon actu&quot;,&quot;type&quot;:&quot;cta&quot;}}\" target=\"_blank\">Mon Actu<\/a>.<\/p>\n<p>                    <script async src=\"\/\/www.tiktok.com\/embed.js\"><\/script><\/p>\n","protected":false},"excerpt":{"rendered":"Par Vanessa Leroy Publi\u00e9 le 7 d\u00e9c. 2025 \u00e0 15h02 Pluie, vent, temp\u00e9ratures tr\u00e8s douces pour la saison,&hellip;\n","protected":false},"author":2,"featured_media":584371,"comment_status":"","ping_status":"","sticky":false,"template":"","format":"standard","meta":{"footnotes":""},"categories":[9587],"tags":[1111,11,1129,1777,674,1011,27,2487,12,5161,4459,25,9590],"class_list":{"0":"post-584370","1":"post","2":"type-post","3":"status-publish","4":"format-standard","5":"has-post-thumbnail","7":"category-rouen","8":"tag-actu","9":"tag-actualites","10":"tag-climat","11":"tag-eu","12":"tag-europe","13":"tag-fr","14":"tag-france","15":"tag-meteo","16":"tag-news","17":"tag-normandie","18":"tag-pluie","19":"tag-republique-francaise","20":"tag-rouen"},"share_on_mastodon":{"url":"https:\/\/pubeurope.com\/@fr\/115678791803205242","error":""},"_links":{"self":[{"href":"https:\/\/www.europesays.com\/fr\/wp-json\/wp\/v2\/posts\/584370","targetHints":{"allow":["GET"]}}],"collection":[{"href":"https:\/\/www.europesays.com\/fr\/wp-json\/wp\/v2\/posts"}],"about":[{"href":"https:\/\/www.europesays.com\/fr\/wp-json\/wp\/v2\/types\/post"}],"author":[{"embeddable":true,"href":"https:\/\/www.europesays.com\/fr\/wp-json\/wp\/v2\/users\/2"}],"replies":[{"embeddable":true,"href":"https:\/\/www.europesays.com\/fr\/wp-json\/wp\/v2\/comments?post=584370"}],"version-history":[{"count":0,"href":"https:\/\/www.europesays.com\/fr\/wp-json\/wp\/v2\/posts\/584370\/revisions"}],"wp:featuredmedia":[{"embeddable":true,"href":"https:\/\/www.europesays.com\/fr\/wp-json\/wp\/v2\/media\/584371"}],"wp:attachment":[{"href":"https:\/\/www.europesays.com\/fr\/wp-json\/wp\/v2\/media?parent=584370"}],"wp:term":[{"taxonomy":"category","embeddable":true,"href":"https:\/\/www.europesays.com\/fr\/wp-json\/wp\/v2\/categories?post=584370"},{"taxonomy":"post_tag","embeddable":true,"href":"https:\/\/www.europesays.com\/fr\/wp-json\/wp\/v2\/tags?post=584370"}],"curies":[{"name":"wp","href":"https:\/\/api.w.org\/{rel}","templated":true}]}}