{"id":584373,"date":"2025-12-07T14:41:26","date_gmt":"2025-12-07T14:41:26","guid":{"rendered":"https:\/\/www.europesays.com\/fr\/584373\/"},"modified":"2025-12-07T14:41:26","modified_gmt":"2025-12-07T14:41:26","slug":"isere-un-corps-sans-vie-retrouve-au-beau-milieu-dun-parc-a-grenoble-2","status":"publish","type":"post","link":"https:\/\/www.europesays.com\/fr\/584373\/","title":{"rendered":"Is\u00e8re. Un corps sans vie retrouv\u00e9 au beau milieu d&rsquo;un parc \u00e0 Grenoble"},"content":{"rendered":"<p>Une malheureuse et macabre d\u00e9couverte \u00e0 l&rsquo;aube. Ce dimanche matin, deux promeneurs sont tomb\u00e9s nez \u00e0 nez sur un corps inanim\u00e9, gisant au beau milieu du parc de La Bruy\u00e8re, \u00e0 Grenoble, rapporte <a href=\"https:\/\/www.ledauphine.com\/faits-divers-justice\/2025\/12\/07\/le-cadavre-d-un-homme-retrouve-dans-un-parc-ce-dimanche-matin\" target=\"_blank\" rel=\"noopener\">Le Dauphin\u00e9<\/a><a href=\"https:\/\/www.ledauphine.com\/faits-divers-justice\/2025\/12\/07\/le-cadavre-d-un-homme-retrouve-dans-un-parc-ce-dimanche-matin\" target=\"_blank\" rel=\"noopener\"> Lib\u00e9r\u00e9<\/a>.<\/p>\n<p>Le cadavre, recouvert de feuilles mortes, se situait \u00e0 quelques m\u00e8tres seulement d&rsquo;une aire de jeux pour enfants. D&rsquo;apr\u00e8s les informations du quotidien r\u00e9gional, des traces de coups et de sang figurait sur le corps du jeune homme.<\/p>\n<p>Ce contenu est bloqu\u00e9 car vous n&rsquo;avez pas accept\u00e9 les cookies et autres traceurs.<\/p>\n<p>En cliquant sur \u00ab J\u2019accepte \u00bb, les cookies et autres traceurs seront d\u00e9pos\u00e9s et vous pourrez visualiser les contenus  (<a href=\"\" class=\"consentModule_policy\" target=\"_blank\" title=\"Consulter la politique de protection des donn\u00e9es du fournisseur\">plus d&rsquo;informations<\/a>).<\/p>\n<p>En cliquant sur \u00ab J\u2019accepte tous les cookies \u00bb, vous autorisez des d\u00e9p\u00f4ts de cookies et autres traceurs pour le stockage de vos donn\u00e9es sur nos sites et applications \u00e0 des fins de personnalisation et de ciblage publicitaire.<\/p>\n<p class=\"consentModule_secondaryText\">Vous gardez la possibilit\u00e9 de retirer votre consentement \u00e0 tout moment en consultant notre <a href=\"https:\/\/www.dna.fr\/protection-des-donnees\" target=\"_blank\" title=\"Consulter notre politique de protection des donn\u00e9es\" rel=\"noopener\">politique de protection des donn\u00e9es<\/a>. <br \/>&#13;<br \/>\n            <a href=\"https:\/\/www.dna.fr\/faits-divers-justice\/2025\/12\/07\/javascript:Didomi.notice.show()\" class=\"consentModule_cmp\" target=\"_blank\" rel=\"noopener\">G\u00e9rer mes choix<\/a>&#13;\n        <\/p>\n<p>&#13;<br \/>\n                        J&rsquo;accepte&#13;<br \/>\n            J&rsquo;accepte tous les cookies&#13;\n        <\/p>\n","protected":false},"excerpt":{"rendered":"Une malheureuse et macabre d\u00e9couverte \u00e0 l&rsquo;aube. Ce dimanche matin, deux promeneurs sont tomb\u00e9s nez \u00e0 nez sur&hellip;\n","protected":false},"author":2,"featured_media":584263,"comment_status":"","ping_status":"","sticky":false,"template":"","format":"standard","meta":{"footnotes":""},"categories":[9566],"tags":[1111,11,2430,271,272,1777,674,274,107,1011,27,329,2731,12,25],"class_list":{"0":"post-584373","1":"post","2":"type-post","3":"status-publish","4":"format-standard","5":"has-post-thumbnail","7":"category-grenoble","8":"tag-actu","9":"tag-actualites","10":"tag-auvergne-rhone-alpes","11":"tag-crime","12":"tag-delit-et-contravention","13":"tag-eu","14":"tag-europe","15":"tag-faits-divers-justice","16":"tag-fil-info","17":"tag-fr","18":"tag-france","19":"tag-france-monde","20":"tag-grenoble","21":"tag-news","22":"tag-republique-francaise"},"share_on_mastodon":{"url":"https:\/\/pubeurope.com\/@fr\/115678811424282176","error":""},"_links":{"self":[{"href":"https:\/\/www.europesays.com\/fr\/wp-json\/wp\/v2\/posts\/584373","targetHints":{"allow":["GET"]}}],"collection":[{"href":"https:\/\/www.europesays.com\/fr\/wp-json\/wp\/v2\/posts"}],"about":[{"href":"https:\/\/www.europesays.com\/fr\/wp-json\/wp\/v2\/types\/post"}],"author":[{"embeddable":true,"href":"https:\/\/www.europesays.com\/fr\/wp-json\/wp\/v2\/users\/2"}],"replies":[{"embeddable":true,"href":"https:\/\/www.europesays.com\/fr\/wp-json\/wp\/v2\/comments?post=584373"}],"version-history":[{"count":0,"href":"https:\/\/www.europesays.com\/fr\/wp-json\/wp\/v2\/posts\/584373\/revisions"}],"wp:featuredmedia":[{"embeddable":true,"href":"https:\/\/www.europesays.com\/fr\/wp-json\/wp\/v2\/media\/584263"}],"wp:attachment":[{"href":"https:\/\/www.europesays.com\/fr\/wp-json\/wp\/v2\/media?parent=584373"}],"wp:term":[{"taxonomy":"category","embeddable":true,"href":"https:\/\/www.europesays.com\/fr\/wp-json\/wp\/v2\/categories?post=584373"},{"taxonomy":"post_tag","embeddable":true,"href":"https:\/\/www.europesays.com\/fr\/wp-json\/wp\/v2\/tags?post=584373"}],"curies":[{"name":"wp","href":"https:\/\/api.w.org\/{rel}","templated":true}]}}