{"id":58439,"date":"2025-04-28T04:59:21","date_gmt":"2025-04-28T04:59:21","guid":{"rendered":"https:\/\/www.europesays.com\/fr\/58439\/"},"modified":"2025-04-28T04:59:21","modified_gmt":"2025-04-28T04:59:21","slug":"plusieurs-centaines-de-personnes-rassemblees-contre-lislamophobie-apres-le-meurtre-dans-une-mosquee-du-gard","status":"publish","type":"post","link":"https:\/\/www.europesays.com\/fr\/58439\/","title":{"rendered":"Plusieurs centaines de personnes rassembl\u00e9es contre l\u2019islamophobie apr\u00e8s le meurtre dans une mosqu\u00e9e du Gard"},"content":{"rendered":"<p>Un rassemblement contre l\u2019<a href=\"https:\/\/www.20minutes.fr\/dossier\/islamophobie\" target=\"_blank\" class=\"color-ultramarine c-link\" rel=\"noopener\">islamophobie<\/a> a r\u00e9uni plusieurs centaines de personnes ce dimanche \u00e0 <a href=\"https:\/\/www.20minutes.fr\/paris\/\" target=\"_blank\" class=\"color-ultramarine c-link\" rel=\"noopener\">Paris <\/a>apr\u00e8s le <a href=\"https:\/\/www.20minutes.fr\/dossier\/meurtre\" target=\"_blank\" class=\"color-ultramarine c-link\" rel=\"noopener\">meurtre <\/a>d\u2019un fid\u00e8le vendredi dans une mosqu\u00e9e du <a href=\"https:\/\/www.20minutes.fr\/societe\/gard\/\" target=\"_blank\" class=\"color-ultramarine c-link\" rel=\"noopener\">Gard<\/a>, a constat\u00e9 l\u2019AFP. Parmi les personnalit\u00e9s pr\u00e9sentes, <a href=\"https:\/\/www.20minutes.fr\/politique\/jean-luc-melenchon\/\" target=\"_blank\" class=\"color-ultramarine c-link\" rel=\"noopener\">Jean-Luc M\u00e9lenchon<\/a>, qui a accus\u00e9 <a href=\"https:\/\/www.20minutes.fr\/dossier\/bruno_retailleau\" target=\"_blank\" class=\"color-ultramarine c-link\" rel=\"noopener\">Bruno Retailleau<\/a> de cultiver un \u00ab\u00a0climat islamophobe\u00a0\u00bb apr\u00e8s le drame. Une minute de silence a \u00e9t\u00e9 respect\u00e9e en m\u00e9moire d\u2019Aboubakar Ciss\u00e9, le jeune Malien \u00e2g\u00e9 d\u2019une vingtaine d\u2019ann\u00e9es <a href=\"https:\/\/www.20minutes.fr\/faits_divers\/4150563-20250427-meurtre-mosquee-gard-sait-suspect-toujours-fuite\" target=\"_blank\" class=\"color-ultramarine c-link\" rel=\"noopener\">tu\u00e9 vendredi de plusieurs coups de couteau<\/a> dans la <a href=\"https:\/\/www.20minutes.fr\/dossier\/mosquee\" target=\"_blank\" class=\"color-ultramarine c-link\" rel=\"noopener\">mosqu\u00e9e <\/a>de la petite commune gardoise de La Grand-Combe.<\/p>\n<p>\u00ab\u00a0Nous sommes venus en soutien \u00e0 Aboubakar. Derri\u00e8re sa mort, c\u2019est l\u2019<a href=\"https:\/\/www.20minutes.fr\/dossier\/islamophobie\" target=\"_blank\" class=\"color-ultramarine c-link\" rel=\"noopener\">islamophobie<\/a> qui se banalise en France\u00a0\u00bb, a d\u00e9clar\u00e9 \u00e0 l\u2019AFP Mariame, une trentenaire parisienne venue place de la R\u00e9publique. \u00ab\u00a0L\u2019islamophobie est normalis\u00e9e. Au bout d\u2019une heure de t\u00e9l\u00e9, on entend parler de <a href=\"https:\/\/www.20minutes.fr\/dossier\/musulman\" target=\"_blank\" class=\"color-ultramarine c-link\" rel=\"noopener\">musulmans<\/a>. C\u2019est de plus en plus tendu. On suffoque, c\u2019est banalis\u00e9 d\u2019\u00eatre raciste\u00a0\u00bb, a-t-elle compl\u00e9t\u00e9. \u00ab\u00a0On a l\u2019impression que les vies n\u2019ont pas la m\u00eame valeur, ce meurtre en est la preuve\u00a0\u00bb, a ajout\u00e9 Kamel, qui accompagne la jeune femme.<\/p>\n<p>\u00ab\u00a0Un acte de barbarie\u00a0\u00bb<\/p>\n<p>Apr\u00e8s s\u2019\u00eatre exprim\u00e9 au micro des organisateurs, Yoro Ciss\u00e9, pr\u00e9sent\u00e9 comme le fr\u00e8re de la victime d\u2019Al\u00e8s, a d\u00e9clar\u00e9 \u00e0 l\u2019AFP\u00a0: \u00ab\u00a0\u00c7a m\u2019a vraiment choqu\u00e9, fait mal au c\u0153ur, mais voir tout ce soutien me soulage.\u00a0\u00bb \u00ab\u00a0C\u2019est avant tout un acte de barbarie. Je n\u2019aime pas ce mot racisme\u00a0\u00bb, a-t-il poursuivi, affirmant ne pas avoir vu son fr\u00e8re depuis un an. \u00ab\u00a0Mon fr\u00e8re \u00e9tait tr\u00e8s attach\u00e9 \u00e0 la mosqu\u00e9e. C\u2019\u00e9tait quelqu\u2019un de bien qui aime tout le monde et de tr\u00e8s respect\u00e9\u00a0\u00bb, a-t-il compl\u00e9t\u00e9.<\/p>\n<p>Plusieurs personnalit\u00e9s politiques, comme le leader de LFI Jean-Luc M\u00e9lenchon ou la patronne des Verts <a href=\"https:\/\/www.20minutes.fr\/politique\/marine-tondelier\/\" target=\"_blank\" class=\"color-ultramarine c-link\" rel=\"noopener\">Marine Tondelier<\/a>, ont particip\u00e9 \u00e0 cette manifestation, dont <a href=\"https:\/\/www.20minutes.fr\/societe\/4150559-20250427-paris-apres-meurtre-fidele-mosquee-gard-appel-rassemblement-contre-islamophobie\" target=\"_blank\" class=\"color-ultramarine c-link\" rel=\"noopener\">l\u2019appel a \u00e9t\u00e9 relay\u00e9<\/a> notamment par des partis de gauche sur les r\u00e9seaux sociaux. \u00ab\u00a0Une ambiance, un climat islamophobe a \u00e9t\u00e9 entretenu, cultiv\u00e9, et des mois durant, et chacun jusqu\u2019aux plus officiels, s\u2019est senti autoris\u00e9 \u00e0 faire des d\u00e9clarations dont, sans doute, ils ne mesuraient pas toute la port\u00e9e et toute la violence pour ceux qui avaient \u00e0 la subir\u00a0\u00bb, a d\u00e9clar\u00e9 Jean-Luc M\u00e9lenchon \u00e0 la presse, visant le ministre Bruno Retailleau.<\/p>\n<\/p>\n<p>\u00ab\u00a0Quand le ministre de l\u2019Int\u00e9rieur, dans une r\u00e9union [le 27\u00a0mars, lors d\u2019un meeting contre l\u2019<a href=\"https:\/\/www.20minutes.fr\/monde\/islamisme\/\" target=\"_blank\" class=\"color-ultramarine c-link\" rel=\"noopener\">islamisme<\/a>], dit \u00ab\u00a0\u00e0 bas le voile\u00a0\u00bb, imagine-t-on que quelqu\u2019un ait cri\u00e9 \u00e0 bas les crucifix\u00a0?\u00a0\u00bb, s\u2019est-il interrog\u00e9. \u00ab\u00a0Lorsqu\u2019on entretient une telle ambiance, on ne doit pas s\u2019attendre \u00e0 autre chose que les esprits les plus d\u00e9rang\u00e9s y trouvent une justification pour leurs actes\u00a0\u00bb, a-t-il compl\u00e9t\u00e9. Interrog\u00e9 au m\u00eame moment sur BFMTV, Bruno Retailleau a exclu de participer \u00e0 ce rassemblement place de la R\u00e9publique, jugeant que les insoumis \u00ab\u00a0instrumentalisent ce crime\u00a0\u00bb.<\/p>\n","protected":false},"excerpt":{"rendered":"Un rassemblement contre l\u2019islamophobie a r\u00e9uni plusieurs centaines de personnes ce dimanche \u00e0 Paris apr\u00e8s le meurtre d\u2019un&hellip;\n","protected":false},"author":2,"featured_media":58440,"comment_status":"","ping_status":"","sticky":false,"template":"","format":"standard","meta":{"footnotes":""},"categories":[1888],"tags":[47,11,2678,1013,1777,674,1011,27,2679,662,6269,3081,2681,4729,777,7088,14577,12,2680,626,3919,25,104],"class_list":{"0":"post-58439","1":"post","2":"type-post","3":"status-publish","4":"format-standard","5":"has-post-thumbnail","7":"category-paris","8":"tag-actualite","9":"tag-actualites","10":"tag-ales","11":"tag-bruno-retailleau","12":"tag-eu","13":"tag-europe","14":"tag-fr","15":"tag-france","16":"tag-gard","17":"tag-ile-de-france","18":"tag-islamophobie","19":"tag-jean-luc-melenchon","20":"tag-languedoc-roussillon","21":"tag-marine-tondelier","22":"tag-meurtre","23":"tag-ministre-de-linterieur","24":"tag-mosquee","25":"tag-news","26":"tag-occitanie","27":"tag-paris","28":"tag-rassemblement","29":"tag-republique-francaise","30":"tag-societe"},"share_on_mastodon":{"url":"https:\/\/pubeurope.com\/@fr\/114413827739417735","error":""},"_links":{"self":[{"href":"https:\/\/www.europesays.com\/fr\/wp-json\/wp\/v2\/posts\/58439","targetHints":{"allow":["GET"]}}],"collection":[{"href":"https:\/\/www.europesays.com\/fr\/wp-json\/wp\/v2\/posts"}],"about":[{"href":"https:\/\/www.europesays.com\/fr\/wp-json\/wp\/v2\/types\/post"}],"author":[{"embeddable":true,"href":"https:\/\/www.europesays.com\/fr\/wp-json\/wp\/v2\/users\/2"}],"replies":[{"embeddable":true,"href":"https:\/\/www.europesays.com\/fr\/wp-json\/wp\/v2\/comments?post=58439"}],"version-history":[{"count":0,"href":"https:\/\/www.europesays.com\/fr\/wp-json\/wp\/v2\/posts\/58439\/revisions"}],"wp:featuredmedia":[{"embeddable":true,"href":"https:\/\/www.europesays.com\/fr\/wp-json\/wp\/v2\/media\/58440"}],"wp:attachment":[{"href":"https:\/\/www.europesays.com\/fr\/wp-json\/wp\/v2\/media?parent=58439"}],"wp:term":[{"taxonomy":"category","embeddable":true,"href":"https:\/\/www.europesays.com\/fr\/wp-json\/wp\/v2\/categories?post=58439"},{"taxonomy":"post_tag","embeddable":true,"href":"https:\/\/www.europesays.com\/fr\/wp-json\/wp\/v2\/tags?post=58439"}],"curies":[{"name":"wp","href":"https:\/\/api.w.org\/{rel}","templated":true}]}}