{"id":584390,"date":"2025-12-07T14:53:10","date_gmt":"2025-12-07T14:53:10","guid":{"rendered":"https:\/\/www.europesays.com\/fr\/584390\/"},"modified":"2025-12-07T14:53:10","modified_gmt":"2025-12-07T14:53:10","slug":"a-toulouse-le-long-combat-contre-un-projet-de-voies-rapides-en-bord-de-garonne","status":"publish","type":"post","link":"https:\/\/www.europesays.com\/fr\/584390\/","title":{"rendered":"\u00e0 Toulouse, le long combat contre un projet de voies rapides en bord de Garonne"},"content":{"rendered":"<p>                    Par<br \/>\n        <strong><br \/>\n            <a href=\"https:\/\/actu.fr\/auteur\/redaction-toulouse\" title=\"Consulter tous les articles de R\u00e9daction de Toulouse\" target=\"_blank\" rel=\"noopener\">R\u00e9daction de Toulouse<\/a><br \/>\n                    <\/strong><\/p>\n<p>        Publi\u00e9 le<\/p>\n<p>            7 d\u00e9c. 2025 \u00e0 14h04        <\/p>\n<p>En juillet 1974, le journal municipal Capitole Information annonce dans ses colonnes un projet de voies rapides \u00e0 caract\u00e8re autoroutier, -\u00e0 l\u2019instar de Paris et de Lyon-, devant relier <strong>Empalot au port de l\u2019Embouchure \u00e0 Toulouse<\/strong>\u2026\u00a0 en longeant les quais de la Daurade et Saint-Pierre.<br \/>\u00ab\u00a0C\u2019\u00e9tait une pure folie !\u00a0\u00bb, raconte <strong>Bertrand Verdier<\/strong>, alors jeune ing\u00e9nieur en informatique m\u00e9dicale, farouchement attach\u00e9 \u00e0 la pr\u00e9servation des<a href=\"https:\/\/actu.fr\/toulouse\/\" target=\"_blank\" rel=\"noopener\"> berges de la Garonne<\/a>. Retour sur ce combat, qui a dur\u00e9 pr\u00e8s de 10 ans.\u00a0<\/p>\n<p>Un projet symbole de \u00a0\u00bb La France d\u00e9figur\u00e9e \u00ab\u00a0<\/p>\n<p class=\" wall-content\">\u00ab\u00a0Ma famille habitait quai de Tounis depuis 1830. Chaque jour, je passais sur les berges pour rejoindre<strong> Pierre-de-Fermat<\/strong> o\u00f9 j\u2019\u00e9tais scolaris\u00e9. Comme tous les enfants de ma g\u00e9n\u00e9ration, je me baignais entre le pont Neuf et celui Saint-Michel. Il \u00e9tait donc vital, pour moi, de garder ce cadre de vie historique unique.\u00a0\u00bb<\/p>\n<p class=\" wall-content\">Trois mois plus tard, il fonde avec un ami <strong>Julien Savary<\/strong> (rejoint plus tard par Jean-Claude Coustel et Jean-Jacques Fourni\u00e9) le Comit\u00e9 de d\u00e9fense des berges de la Garonne. Inlassablement, chaque semaine, les deux acolytes font de la <strong>rue Saint-Rome<\/strong>, alors la <strong>seule art\u00e8re pi\u00e9tonne<\/strong> de la Ville rose, \u00ab\u00a0leur QG\u00a0\u00bb, expliquant aux passants la nature du dessein du maire Pierre Baudis.<\/p>\n<p>Quatre voies s\u00e9par\u00e9es avec des \u00e9changeurs \u00e0 Saint-Pierre<\/p>\n<p class=\" wall-content\">\u00ab\u00a0La configuration pr\u00e9voyait la cr\u00e9ation de quatre voies s\u00e9par\u00e9es par un terre-plein central, avec plusieurs \u00e9changeurs \u00e0 Saint-Pierre, \u00e0 la Daurade et au Port-Garaud, photos de la maquette du projet \u00e0 l\u2019appui. Sous couvert de <strong>fluidifier le trafic routier<\/strong>, le but \u00e9tait de d\u00e9velopper la circulation en centre\u2010ville pour faciliter l\u2019acc\u00e8s au petit commerce, appui \u00e9lectoral traditionnel du maire, qui souffrait face \u00e0 la <strong>concurrence naissante<\/strong> des grandes surfaces \u00e0 la p\u00e9riph\u00e9rie de Toulouse.\u00a0\u00bb<\/p>\n<p class=\" wall-content\">L\u2019association convainc des universitaires, des d\u00e9fenseurs du patrimoine comme l\u2019association des Toulousains de Toulouse et s\u2019invite m\u00eame \u00e0 La France d\u00e9figur\u00e9e, le c\u00e9l\u00e8bre magazine t\u00e9l\u00e9vis\u00e9 de TF1 de Michel P\u00e9ricard et Louis Bl\u00e9riot relatif \u00e0 la protection de l\u2019environnement.<\/p>\n<p>Votre r\u00e9gion, votre actu !<\/p>\n<p>Recevez chaque jour les infos qui comptent pour vous.<\/p>\n<p>\t<a href=\"https:\/\/actu.fr\/newsletter\" class=\"ac-btn ac-btn--corner ac-btn--medium ac-btn--blue800\" target=\"_blank\" rel=\"noopener\">S&rsquo;incrire<\/a><br \/>\nLa \u00ab\u00a0f\u00eate des berges\u00a0\u00bb<\/p>\n<p class=\" wall-content\">En 1975, elle lance la premi\u00e8re \u00e9dition de la<strong> \u00ab\u00a0F\u00eate des berges\u00a0\u00bb<\/strong> au port de la Daurade. \u00ab\u00a0C\u2019\u00e9tait une mani\u00e8re de montrer que l\u2019on pouvait cr\u00e9er un lieu r\u00e9cr\u00e9atif et ludique pour tout le monde. Nous avons organis\u00e9 un premier cross puis, par la suite, un concours d\u2019engins flottants, ou encore des tournois de p\u00e9tanque et de basket.\u00a0\u00bb\u00a0<\/p>\n<p>Lutte contre le projet de parking de la Daurade<\/p>\n<p class=\" wall-content\">Au fil des ann\u00e9es, le projet s\u2019enlise et est abandonn\u00e9 par <strong>Dominique Baudis<\/strong> lors de son accession au Capitole. Toutefois, le nouvel \u00e9dile pr\u00e9voit d\u2019y am\u00e9nager un parking d\u2019une centaine de places, comme ce sera le cas \u00e0 Esquirol, Jean-Jaur\u00e8s, Saint-Etienne et Saint-Michel g\u00e9r\u00e9s aujourd\u2019hui par la soci\u00e9t\u00e9 priv\u00e9e Indigo.<\/p>\n<p class=\" wall-content\">\u00ab\u00a0Celui de la Daurade est le seul qui n\u2019a pas abouti, car nous nous sommes battus une fois de plus. Mais la concession n\u2019a<strong> jamais \u00e9t\u00e9 officiellement modifi\u00e9e<\/strong>. Je ne pense pas que l\u2019id\u00e9e refasse surface mais nous restons vigilants.\u00a0\u00bb<\/p>\n<p class=\" wall-content\"><b>Mathieu ARNAL<\/b><\/p>\n<p class=\" wall-content\">Personnalisez votre actualit\u00e9 en ajoutant vos villes et m\u00e9dias en favori avec <a href=\"https:\/\/moncompte.actu.fr\" title=\"D\u00e9couvez Mon Actu\" rel=\"nofollow noopener\" data-trk=\"{&quot;cta&quot;:{&quot;action&quot;:&quot;https:\\\/\\\/moncompte.actu.fr&quot;,&quot;category&quot;:&quot;mon compte&quot;,&quot;from&quot;:&quot;article footer&quot;,&quot;name&quot;:&quot;Mon actu&quot;,&quot;type&quot;:&quot;cta&quot;}}\" target=\"_blank\">Mon Actu<\/a>.<\/p>\n","protected":false},"excerpt":{"rendered":"Par R\u00e9daction de Toulouse Publi\u00e9 le 7 d\u00e9c. 2025 \u00e0 14h04 En juillet 1974, le journal municipal Capitole&hellip;\n","protected":false},"author":2,"featured_media":584391,"comment_status":"","ping_status":"","sticky":false,"template":"","format":"standard","meta":{"footnotes":""},"categories":[2816],"tags":[1111,11,1777,674,1011,27,5601,937,58904,12,2680,25,2312],"class_list":{"0":"post-584390","1":"post","2":"type-post","3":"status-publish","4":"format-standard","5":"has-post-thumbnail","7":"category-toulouse","8":"tag-actu","9":"tag-actualites","10":"tag-eu","11":"tag-europe","12":"tag-fr","13":"tag-france","14":"tag-garonne","15":"tag-histoire","16":"tag-histoire-patrimoine","17":"tag-news","18":"tag-occitanie","19":"tag-republique-francaise","20":"tag-toulouse"},"share_on_mastodon":{"url":"https:\/\/pubeurope.com\/@fr\/115678858651432445","error":""},"_links":{"self":[{"href":"https:\/\/www.europesays.com\/fr\/wp-json\/wp\/v2\/posts\/584390","targetHints":{"allow":["GET"]}}],"collection":[{"href":"https:\/\/www.europesays.com\/fr\/wp-json\/wp\/v2\/posts"}],"about":[{"href":"https:\/\/www.europesays.com\/fr\/wp-json\/wp\/v2\/types\/post"}],"author":[{"embeddable":true,"href":"https:\/\/www.europesays.com\/fr\/wp-json\/wp\/v2\/users\/2"}],"replies":[{"embeddable":true,"href":"https:\/\/www.europesays.com\/fr\/wp-json\/wp\/v2\/comments?post=584390"}],"version-history":[{"count":0,"href":"https:\/\/www.europesays.com\/fr\/wp-json\/wp\/v2\/posts\/584390\/revisions"}],"wp:featuredmedia":[{"embeddable":true,"href":"https:\/\/www.europesays.com\/fr\/wp-json\/wp\/v2\/media\/584391"}],"wp:attachment":[{"href":"https:\/\/www.europesays.com\/fr\/wp-json\/wp\/v2\/media?parent=584390"}],"wp:term":[{"taxonomy":"category","embeddable":true,"href":"https:\/\/www.europesays.com\/fr\/wp-json\/wp\/v2\/categories?post=584390"},{"taxonomy":"post_tag","embeddable":true,"href":"https:\/\/www.europesays.com\/fr\/wp-json\/wp\/v2\/tags?post=584390"}],"curies":[{"name":"wp","href":"https:\/\/api.w.org\/{rel}","templated":true}]}}