{"id":584392,"date":"2025-12-07T14:54:12","date_gmt":"2025-12-07T14:54:12","guid":{"rendered":"https:\/\/www.europesays.com\/fr\/584392\/"},"modified":"2025-12-07T14:54:12","modified_gmt":"2025-12-07T14:54:12","slug":"toulouse-un-marche-ehique-et-vegan-a-attire-beaucoup-de-monde","status":"publish","type":"post","link":"https:\/\/www.europesays.com\/fr\/584392\/","title":{"rendered":"Toulouse\u00a0: un march\u00e9 \u00e9hique et v\u00e9gan a attir\u00e9 beaucoup de monde"},"content":{"rendered":"<p>\n                                                                    l&rsquo;essentiel<br \/>\n                                                                Un march\u00e9 de No\u00ebl festif et v\u00e9gan a rassembl\u00e9 des centaines de visiteurs pour c\u00e9l\u00e9brer l\u2019\u00e9thique animale, ce samedi 6\u00a0d\u00e9cembre place Saint-Pierre \u00e0 Toulouse.\n                            <\/p>\n<p>Place Saint-Pierre, l\u2019association Mouvement pour la cause animale avait organis\u00e9 ce samedi 6\u00a0d\u00e9cembre,<br \/>avec le soutien de L214, l\u2019association de d\u00e9fense des animaux, un march\u00e9 de No\u00ebl \u00e9thique et<br \/>v\u00e9gan.<\/p>\n<p>Ce march\u00e9 associatif \u00e9ph\u00e9m\u00e8re a attir\u00e9 un large public curieux de d\u00e9couvrir les stands<br \/>et les d\u00e9gustations propos\u00e9es. \u00ab\u00a0Ce village est un lieu d\u2019\u00e9change, de d\u00e9couverte et de plaisir\u00a0\u00bb<br \/>explique Benjamin Talou, r\u00e9f\u00e9rent L214 Toulouse\u00a0et porte-parole de l\u2019association.<br \/>Pr\u00e8s de 70 exposants ont s\u00e9duit les visiteurs qui \u00e9taient venus nombreux faire leurs emplettes<br \/>de No\u00ebl.<\/p>\n<p>Des stands de restauration et d\u2019\u00e9picerie100\u00a0% v\u00e9g\u00e9tale, avec de la\u00a0street- food \u00e0<br \/>consommer sur place, tartinables, p\u00e2tisseries, chocolats, cookies comme\u00a0\u00c0 P\u00e2tons<br \/>Rompus, Caf\u00e9 Br\u00fbl\u00e9\u00a0ou\u00a0La Pizza Vg. Tout en version v\u00e9g\u00e9tale\u00a0!<\/p>\n<p>\u00ab\u00a0C\u2019est d\u00e9licieux, je ne m\u2019attendais pas \u00e0 autant de saveurs diff\u00e9rentes\u00a0\u00bb confie Julien venu par curiosit\u00e9 avec ses<br \/>enfants. Des stands d\u2019artisanat local, des cr\u00e9ateurs et cr\u00e9atrices de la r\u00e9gion\u00a0: Maison<br \/>Mira (c\u00e9ramique), Solanac\u00e9es (savons), ou encore\u00a0Tiphaine Debron (illustratrice).<\/p>\n<p>Des collectifs de d\u00e9fense des animaux pr\u00e9sentaient leur stand d\u2019information, aux c\u00f4t\u00e9s de<br \/>Mouvement pour la cause animale et de L214, pour pr\u00e9senter leurs actions en faveur des<br \/>animaux et proposer au public des solutions concr\u00e8tes pour les d\u00e9fendre.<\/p>\n<p>On pouvait rencontrer l\u2019AVF, Sea Shepherd ou encore\u00a0Anim\u00d4 31. Pour Isabelle Cazenave,<br \/>coorganisatrice\u00a0:<\/p>\n<p>\u00ab\u00a0Ce march\u00e9 de No\u00ebl est l\u2019occasion de faire d\u00e9couvrir aux Toulousains et<br \/>Toulousaines l\u2019alimentation v\u00e9g\u00e9tale, puisque laisser les animaux en dehors de nos assiettes<br \/>est le meilleur moyen d\u2019\u00e9viter leur souffrance et de r\u00e9duire son impact sur l\u2019environnement\u00a0!\u00a0\u00bb<br \/>L\u2019occasion pour les Toulousains et les Toulousaines de d\u00e9couvrir un mode de vie respectueux<br \/>des animaux et de la plan\u00e8te.<\/p>\n","protected":false},"excerpt":{"rendered":"l&rsquo;essentiel Un march\u00e9 de No\u00ebl festif et v\u00e9gan a rassembl\u00e9 des centaines de visiteurs pour c\u00e9l\u00e9brer l\u2019\u00e9thique animale,&hellip;\n","protected":false},"author":2,"featured_media":584393,"comment_status":"","ping_status":"","sticky":false,"template":"","format":"standard","meta":{"footnotes":""},"categories":[2816],"tags":[1111,11,872,1777,674,1011,27,69124,2722,12,69711,2680,25,2312],"class_list":{"0":"post-584392","1":"post","2":"type-post","3":"status-publish","4":"format-standard","5":"has-post-thumbnail","7":"category-toulouse","8":"tag-actu","9":"tag-actualites","10":"tag-culture-et-loisirs","11":"tag-eu","12":"tag-europe","13":"tag-fr","14":"tag-france","15":"tag-fu00eates-et-festivals","16":"tag-haute-garonne","17":"tag-news","18":"tag-nou00ebl-et-nouvel-an","19":"tag-occitanie","20":"tag-republique-francaise","21":"tag-toulouse"},"share_on_mastodon":{"url":"https:\/\/pubeurope.com\/@fr\/115678862598244917","error":""},"_links":{"self":[{"href":"https:\/\/www.europesays.com\/fr\/wp-json\/wp\/v2\/posts\/584392","targetHints":{"allow":["GET"]}}],"collection":[{"href":"https:\/\/www.europesays.com\/fr\/wp-json\/wp\/v2\/posts"}],"about":[{"href":"https:\/\/www.europesays.com\/fr\/wp-json\/wp\/v2\/types\/post"}],"author":[{"embeddable":true,"href":"https:\/\/www.europesays.com\/fr\/wp-json\/wp\/v2\/users\/2"}],"replies":[{"embeddable":true,"href":"https:\/\/www.europesays.com\/fr\/wp-json\/wp\/v2\/comments?post=584392"}],"version-history":[{"count":0,"href":"https:\/\/www.europesays.com\/fr\/wp-json\/wp\/v2\/posts\/584392\/revisions"}],"wp:featuredmedia":[{"embeddable":true,"href":"https:\/\/www.europesays.com\/fr\/wp-json\/wp\/v2\/media\/584393"}],"wp:attachment":[{"href":"https:\/\/www.europesays.com\/fr\/wp-json\/wp\/v2\/media?parent=584392"}],"wp:term":[{"taxonomy":"category","embeddable":true,"href":"https:\/\/www.europesays.com\/fr\/wp-json\/wp\/v2\/categories?post=584392"},{"taxonomy":"post_tag","embeddable":true,"href":"https:\/\/www.europesays.com\/fr\/wp-json\/wp\/v2\/tags?post=584392"}],"curies":[{"name":"wp","href":"https:\/\/api.w.org\/{rel}","templated":true}]}}