{"id":584396,"date":"2025-12-07T14:57:25","date_gmt":"2025-12-07T14:57:25","guid":{"rendered":"https:\/\/www.europesays.com\/fr\/584396\/"},"modified":"2025-12-07T14:57:25","modified_gmt":"2025-12-07T14:57:25","slug":"ledition-2026-aura-lieu-du-23-au-26-juillet-sur-les-plages-du-prado-a-marseille","status":"publish","type":"post","link":"https:\/\/www.europesays.com\/fr\/584396\/","title":{"rendered":"l\u2019\u00e9dition 2026 aura lieu du 23 au 26 juillet sur les plages du Prado \u00e0 Marseille"},"content":{"rendered":"<p>Ce jeudi 4\u00a0d\u00e9cembre 2025, <a href=\"https:\/\/www.laprovence.com\/article\/region\/1250586701382314\/cest-comme-monter-une-ville-dans-les-coulisses-du-delta-festival-a-marseille\" target=\"_blank\" rel=\"noopener\">le Delta Festival<\/a> a annonc\u00e9 que son \u00e9dition 2026 aura lieu du 23 au 26\u00a0juillet sur les plages du Prado. En novembre, le festival de musique marseillais avait sond\u00e9 sa communaut\u00e9 pour choisir ses prochaines dates entre la fin juin et d\u00e9but septembre. \u00c0 l\u2019origine positionn\u00e9 au d\u00e9but de l\u2019\u00e9t\u00e9, il avait d\u00fb d\u00e9placer ses trois derni\u00e8res \u00e9ditions \u00e0 la fin ao\u00fbt, voire \u00e0 d\u00e9but septembre, pour des raisons li\u00e9es aux JO Paris\u00a02024 et \u00e0 la marina olympique toute proche. Jouant de malchance, ces trois ann\u00e9es de festival ont \u00e9t\u00e9 marqu\u00e9es par une m\u00e9t\u00e9o d\u00e9favorable. Si en\u00a02023 le dernier jour a \u00e9t\u00e9 annul\u00e9 en raison de la pluie, <a href=\"https:\/\/www.laprovence.com\/article\/culture-loisirs\/17495370002123\/matthieu-predal-cofondateur-du-delta-festival-l-ambition-est-de-reinstaurer-un-dialogue-entre-la-jeunesse-et-la-societe-civile\" target=\"_blank\" rel=\"noopener\">l\u2019\u00e9dition 2024 a particuli\u00e8rement souffert des al\u00e9as m\u00e9t\u00e9orologiques entre la pluie, le vent et les inondations<\/a>.<\/p>\n<p>Revenir au c\u0153ur de l\u2019\u00e9t\u00e9 est donc une aubaine pour les organisateurs. \u00ab\u00a0C\u2019est dans l\u2019ADN du Delta Festival que de se positionner dans l\u2019\u00e9t\u00e9\u00a0\u00bb, confirme Olivier Ledot, cofondateur de l\u2019\u00e9v\u00e9nement.<\/p>\n<p>\u00ab\u00a0Issue des discussions avec les organisateurs, cette p\u00e9riode d\u2019exploitation permet d\u2019\u00e9loigner le festival de la rentr\u00e9e scolaire et compte un jour de moins que les \u00e9ditions pr\u00e9c\u00e9dentes, pr\u00e9cise de son c\u00f4t\u00e9 la Ville. Ce choix s\u2019inscrit dans une volont\u00e9 de ma\u00eetriser de mieux en mieux les impacts de l\u2019\u00e9v\u00e9nement sur son territoire, en conjuguant respect des riverains et droit \u00e0 la f\u00eate. Ces dates permettent en outre de construire un calendrier \u00e9v\u00e9nementiel et culturel coh\u00e9rent sur l\u2019ensemble de la saison estivale\u00a0\u00bb.<\/p>\n<p>Pour cette 12e \u00e9dition, qui se d\u00e9roulera donc sur quatre jours et non cinq comme c\u2019\u00e9tait le cas pr\u00e9c\u00e9demment, le th\u00e8me choisi sera celui du carnaval de Rio. Dress code\u00a0en vigueur\u00a0: le d\u00e9guisement. Un grand carnaval en bord de mer qui serait cependant concomitant avec l\u2019activit\u00e9 de la Cabane des Amis, situ\u00e9e elle aussi sur les plages du Prado. L\u2019an dernier, elle avait ferm\u00e9 fin ao\u00fbt pour laisser place au Delta. Les organisateurs du festival disent r\u00e9fl\u00e9chir \u00ab\u00a0\u00e0 trouver des solutions techniques\u00a0\u00bb pour ne pas nuire \u00e0 ce qui est l\u2019un des spots les plus pris\u00e9s de l\u2019\u00e9t\u00e9 \u00e0 Marseille. La Ville dit elle aussi \u00ab\u00a0\u00eatre en discussion\u00a0\u00bb avec l\u2019\u00e9quipe de la <a href=\"https:\/\/www.laprovence.com\/article\/sortie-loisirs\/47912343106684\/la-cabane-des-amis-lance-sa-saison-estivale-a-marseille\" target=\"_blank\" rel=\"noopener\">Cabane des Amis<\/a>.<\/p>\n","protected":false},"excerpt":{"rendered":"Ce jeudi 4\u00a0d\u00e9cembre 2025, le Delta Festival a annonc\u00e9 que son \u00e9dition 2026 aura lieu du 23 au&hellip;\n","protected":false},"author":2,"featured_media":584397,"comment_status":"","ping_status":"","sticky":false,"template":"","format":"standard","meta":{"footnotes":""},"categories":[2814],"tags":[17,5734,1111,11,1998,1102,251,25891,1777,674,849,1011,27,2868,69769,7018,884,12,882,25],"class_list":{"0":"post-584396","1":"post","2":"type-post","3":"status-publish","4":"format-standard","5":"has-post-thumbnail","7":"category-marseille","8":"tag-17","9":"tag-5734","10":"tag-actu","11":"tag-actualites","12":"tag-aura","13":"tag-breakingnews","14":"tag-culture","15":"tag-delta","16":"tag-eu","17":"tag-europe","18":"tag-festival","19":"tag-fr","20":"tag-france","21":"tag-juillet","22":"tag-ledition","23":"tag-lieu","24":"tag-marseille","25":"tag-news","26":"tag-provence-alpes-cote-dazur","27":"tag-republique-francaise"},"share_on_mastodon":{"url":"https:\/\/pubeurope.com\/@fr\/115678874795493140","error":""},"_links":{"self":[{"href":"https:\/\/www.europesays.com\/fr\/wp-json\/wp\/v2\/posts\/584396","targetHints":{"allow":["GET"]}}],"collection":[{"href":"https:\/\/www.europesays.com\/fr\/wp-json\/wp\/v2\/posts"}],"about":[{"href":"https:\/\/www.europesays.com\/fr\/wp-json\/wp\/v2\/types\/post"}],"author":[{"embeddable":true,"href":"https:\/\/www.europesays.com\/fr\/wp-json\/wp\/v2\/users\/2"}],"replies":[{"embeddable":true,"href":"https:\/\/www.europesays.com\/fr\/wp-json\/wp\/v2\/comments?post=584396"}],"version-history":[{"count":0,"href":"https:\/\/www.europesays.com\/fr\/wp-json\/wp\/v2\/posts\/584396\/revisions"}],"wp:featuredmedia":[{"embeddable":true,"href":"https:\/\/www.europesays.com\/fr\/wp-json\/wp\/v2\/media\/584397"}],"wp:attachment":[{"href":"https:\/\/www.europesays.com\/fr\/wp-json\/wp\/v2\/media?parent=584396"}],"wp:term":[{"taxonomy":"category","embeddable":true,"href":"https:\/\/www.europesays.com\/fr\/wp-json\/wp\/v2\/categories?post=584396"},{"taxonomy":"post_tag","embeddable":true,"href":"https:\/\/www.europesays.com\/fr\/wp-json\/wp\/v2\/tags?post=584396"}],"curies":[{"name":"wp","href":"https:\/\/api.w.org\/{rel}","templated":true}]}}