{"id":584398,"date":"2025-12-07T14:58:15","date_gmt":"2025-12-07T14:58:15","guid":{"rendered":"https:\/\/www.europesays.com\/fr\/584398\/"},"modified":"2025-12-07T14:58:15","modified_gmt":"2025-12-07T14:58:15","slug":"quand-une-tigresse-de-sumatra-semait-la-panique-a-marseille-en-1909","status":"publish","type":"post","link":"https:\/\/www.europesays.com\/fr\/584398\/","title":{"rendered":"quand une tigresse de Sumatra semait la panique \u00e0 Marseille en 1909 !"},"content":{"rendered":"<p>Une Histoire Vraie qui Ressemble \u00e0 une Gal\u00e9jade : Michel M\u00e9t\u00e9nier nous raconte aujourd&rsquo;hui une incroyable histoire marseillaise qui s&rsquo;est d\u00e9roul\u00e9e en septembre 1909 lors de la foire Saint-Lazare, \u00e0 la Plaine. Ce n&rsquo;est pas une blague, mais une histoire vraie et rocambolesque que notre historien a d\u00e9terr\u00e9 pour la Famille Maritima. Retour sur cette traque incroyable qui a tenu la ville en haleine pendant trois jours.<\/p>\n<p class=\"ng-star-inserted\">C&rsquo;est une page m\u00e9connue de l&rsquo;histoire marseillaise que Michel M\u00e9t\u00e9nier a ouverte ce mercredi. En septembre 1909, la Plaine accueillait la c\u00e9l\u00e8bre <strong class=\"ng-star-inserted\">Foire Saint-Lazare<\/strong>. man\u00e8ges, friandises et&#8230; m\u00e9nagerie. Le Cirque Alexandre \u00e9tait de la partie avec ses fauves.<\/p>\n<p class=\"ng-star-inserted\">Dans la nuit du 13 au 14 septembre, le drame se noue. \u00ab\u00a0Au phare Sainte-Marie : un des gardiens, Ginoux, entend du bruit. Il sort et donne un coup de pied \u00e0 une forme qui se jette sur lui et le griffe l\u00e9g\u00e8rement \u00e0 l&rsquo;oreille. Il pense d&rsquo;abord \u00e0 un gros chien, l&rsquo;oreille saigne, on la soigne&#8230; et on s&rsquo;aper\u00e7oit qu&rsquo;il manque une tigresse !\u00a0\u00bb, raconte Michel M\u00e9t\u00e9nier avec sa gouaille habituelle.<\/p>\n<p class=\"ng-star-inserted\">\u00a0<\/p>\n<p>Chasse \u00e0 l&rsquo;homme&#8230; ou \u00e0 la b\u00eate ?<\/p>\n<p class=\"ng-star-inserted\">La nouvelle se r\u00e9pand comme une tra\u00een\u00e9e de poudre. Le Pr\u00e9fet est alert\u00e9, un\u00a0<strong class=\"ng-star-inserted\">comit\u00e9 de chasse<\/strong>\u00a0est mont\u00e9 en urgence. On ferme les quais, on installe des projecteurs, on l\u00e2che des app\u00e2ts empoisonn\u00e9s (des steaks \u00e0 la strychnine !).<\/p>\n<p class=\"ng-star-inserted\">Pendant trois jours, Marseille vit au rythme de cette traque surr\u00e9aliste. La tigresse est invisible, mais les rumeurs vont bon train.\u00a0\u00ab\u00a0On croit l&rsquo;apercevoir, \u00e7a p\u00e9tarade \u00e0 tout va\u00a0\u00bb, s&rsquo;amuse l&rsquo;historien. Le bilan provisoire est cocasse : deux chiens de chasse tu\u00e9s par les appats empoisonn\u00e9s, mais de tigresse, point.<\/p>\n<p class=\"ng-star-inserted\">\u00a0<\/p>\n<p>Une fin tragique dans le Vieux-Port<\/p>\n<p class=\"ng-star-inserted\">Le d\u00e9nouement survient le jeudi 16 septembre au matin. Au milieu des rochers du Vieux-Port, la fugitive est rep\u00e9r\u00e9e. Cette fois, pas de quartier. La partie de chasse se transforme en partie de p\u00eache&#8230; morbide.<\/p>\n<p class=\"ng-star-inserted\">\u00ab\u00a0Elle est morte, elle flotte sur l&rsquo;eau\u00a0\u00bb, explique Michel M\u00e9t\u00e9nier. La pauvre b\u00eate est rep\u00each\u00e9e sous les yeux des badauds. Son destin post-mortem ? Elle sera expos\u00e9e, devenant une attraction macabre, plus de 1000 personnes viennent la voir.<\/p>\n<p class=\"ng-star-inserted\">\u00a0<\/p>\n<p>Le saviez-vous ? Elle existe toujours !<\/p>\n<p class=\"ng-star-inserted\">L&rsquo;histoire aurait pu s&rsquo;arr\u00eater l\u00e0, mais Michel M\u00e9t\u00e9nier a plus d&rsquo;un tour dans son sac. Cette tigresse marseillaise n&rsquo;a pas disparu.<\/p>\n<p class=\"ng-star-inserted\">\u00ab\u00a0Le tigresse de Marseille a \u00e9t\u00e9 empaill\u00e9e et expos\u00e9e au <a href=\"https:\/\/musees.marseille.fr\/museum-dhistoire-naturelle-de-marseille-mhnm-0\" target=\"_blank\" rel=\"noopener\">Mus\u00e9um d&rsquo;Histoire Naturelle<\/a> au Palais Longchamp !\u00a0\u00bb, r\u00e9v\u00e8le-t-il. Elle est le t\u00e9moin silencieux de cette folle semaine de 1909. Elle a m\u00eame inspir\u00e9 une chanson de <a href=\"https:\/\/fr.wikipedia.org\/wiki\/Numa_Bl%C3%A8s\" target=\"_blank\" rel=\"noopener\"><strong class=\"ng-star-inserted\">Numa Bl\u00e8s<\/strong><\/a>, chansonnier marseillais c\u00e9l\u00e8bre.<\/p>\n<p class=\"ng-star-inserted\">\u00a0<\/p>\n<p class=\"ng-star-inserted\">\n<p class=\"ng-star-inserted\">\u00a0<\/p>\n<p class=\"ng-star-inserted\">Plus d&rsquo;\u00e9pisodes des\u00a0<a href=\"https:\/\/maritima.fr\/recherche?search=m%C3%A9t%C3%A9nier\" target=\"_blank\" rel=\"noopener\">Petites Histoires de Michel M\u00e9t\u00e9nier<\/a><\/p>\n","protected":false},"excerpt":{"rendered":"Une Histoire Vraie qui Ressemble \u00e0 une Gal\u00e9jade : Michel M\u00e9t\u00e9nier nous raconte aujourd&rsquo;hui une incroyable histoire marseillaise&hellip;\n","protected":false},"author":2,"featured_media":584399,"comment_status":"","ping_status":"","sticky":false,"template":"","format":"standard","meta":{"footnotes":""},"categories":[2814],"tags":[1111,11,1777,674,1011,27,937,59563,884,69770,12,882,25,59564],"class_list":{"0":"post-584398","1":"post","2":"type-post","3":"status-publish","4":"format-standard","5":"has-post-thumbnail","7":"category-marseille","8":"tag-actu","9":"tag-actualites","10":"tag-eu","11":"tag-europe","12":"tag-fr","13":"tag-france","14":"tag-histoire","15":"tag-la-famille-maritima","16":"tag-marseille","17":"tag-musee-dhistoire-de-marseille","18":"tag-news","19":"tag-provence-alpes-cote-dazur","20":"tag-republique-francaise","21":"tag-tie-du-sud"},"share_on_mastodon":{"url":"https:\/\/pubeurope.com\/@fr\/115678878530425110","error":""},"_links":{"self":[{"href":"https:\/\/www.europesays.com\/fr\/wp-json\/wp\/v2\/posts\/584398","targetHints":{"allow":["GET"]}}],"collection":[{"href":"https:\/\/www.europesays.com\/fr\/wp-json\/wp\/v2\/posts"}],"about":[{"href":"https:\/\/www.europesays.com\/fr\/wp-json\/wp\/v2\/types\/post"}],"author":[{"embeddable":true,"href":"https:\/\/www.europesays.com\/fr\/wp-json\/wp\/v2\/users\/2"}],"replies":[{"embeddable":true,"href":"https:\/\/www.europesays.com\/fr\/wp-json\/wp\/v2\/comments?post=584398"}],"version-history":[{"count":0,"href":"https:\/\/www.europesays.com\/fr\/wp-json\/wp\/v2\/posts\/584398\/revisions"}],"wp:featuredmedia":[{"embeddable":true,"href":"https:\/\/www.europesays.com\/fr\/wp-json\/wp\/v2\/media\/584399"}],"wp:attachment":[{"href":"https:\/\/www.europesays.com\/fr\/wp-json\/wp\/v2\/media?parent=584398"}],"wp:term":[{"taxonomy":"category","embeddable":true,"href":"https:\/\/www.europesays.com\/fr\/wp-json\/wp\/v2\/categories?post=584398"},{"taxonomy":"post_tag","embeddable":true,"href":"https:\/\/www.europesays.com\/fr\/wp-json\/wp\/v2\/tags?post=584398"}],"curies":[{"name":"wp","href":"https:\/\/api.w.org\/{rel}","templated":true}]}}