{"id":584406,"date":"2025-12-07T15:03:15","date_gmt":"2025-12-07T15:03:15","guid":{"rendered":"https:\/\/www.europesays.com\/fr\/584406\/"},"modified":"2025-12-07T15:03:15","modified_gmt":"2025-12-07T15:03:15","slug":"a-linsep-ce-service-repute-detecte-les-blessures-des-meilleurs-athletes","status":"publish","type":"post","link":"https:\/\/www.europesays.com\/fr\/584406\/","title":{"rendered":"\u00e0 l&rsquo;Insep, ce service r\u00e9put\u00e9 d\u00e9tecte les blessures des meilleurs athl\u00e8tes"},"content":{"rendered":"<p>                    Par<br \/>\n        <strong><br \/>\n            <a href=\"https:\/\/actu.fr\/auteur\/antoine-grotteria02\" title=\"Consulter tous les articles de Antoine Grotteria\" target=\"_blank\" rel=\"noopener\">Antoine Grotteria<\/a><br \/>\n                    <\/strong><\/p>\n<p>        Publi\u00e9 le<\/p>\n<p>            7 d\u00e9c. 2025 \u00e0 14h02        <\/p>\n<p>Derri\u00e8re la vitre, des soignants diss\u00e8quent la l\u00e9sion d\u2019un patient allong\u00e9 sur un brancard. L\u2019IRM dure une vingtaine de minutes. Un simple examen de routine comme <strong>le service imagerie<\/strong> du p\u00f4le m\u00e9dical de <a href=\"https:\/\/actu.fr\/ile-de-france\/paris_75056\/des-athletes-de-haut-niveau-frappes-par-une-intoxication-alimentaire-a-l-insep_57120067.html\" target=\"_blank\" rel=\"noopener\">l\u2019Institut national du sport, de l\u2019expertise et de la performance<\/a> (Insep), qui f\u00eate ses 80 ans en 2025, en r\u00e9alise des milliers chaque ann\u00e9e. La fa\u00e7ade sans fard du b\u00e2timent, envelopp\u00e9 de briques rouges, traduit parfaitement la t\u00e2che qui incombe \u00e0 cette unit\u00e9 nich\u00e9e dans le <strong>centre de r\u00e9f\u00e9rence du sport fran\u00e7ais<\/strong>, au c\u0153ur du <a href=\"https:\/\/actu.fr\/tag\/bois-de-vincennes\" target=\"_blank\" rel=\"noopener\">bois de Vincennes, <\/a>poumon vert du 12e arrondissement de <a href=\"https:\/\/actu.fr\/paris\/\" target=\"_blank\" rel=\"noopener\">Paris<\/a>. La discr\u00e9tion n\u2019exclut pas l\u2019importance du diagnostic. Pour l\u2019athl\u00e8te, aucune \u00e9conomie des ressources ne s\u2019av\u00e8re requise. Qu\u2019il soit bless\u00e9 ou en phase de r\u00e9\u00e9ducation, son itin\u00e9raire le conduit r\u00e9guli\u00e8rement au p\u00f4le imagerie, o\u00f9 il se soumet \u00e0 un scanner, \u00e0 un IRM, \u00e0 une radio, ou \u00e0 une \u00e9chographie, qui peut bouleverser sa carri\u00e8re. Loin des lumi\u00e8res scintillantes des comp\u00e9titions internationales, les cinq radiologues et les quatre manipulateurs radio embrassent une fonction <strong>primordiale<\/strong>. D\u00e9couverte.<\/p>\n<p>Un service qui s\u2019est consid\u00e9rablement renforc\u00e9<\/p>\n<p class=\" wall-content\">\u00ab\u2009Un sportif de haut niveau pousse son corps \u00e0 la limite. C\u2019est notre r\u00f4le d\u2019\u00e9viter les s\u00e9quelles \u00e0 long terme\u2009\u00bb, explique \u00e0 actu Paris le docteur <strong>J\u00e9r\u00f4me Renoux<\/strong>, chef du service d\u2019imagerie de l\u2019Insep. Avec une voix douce et un langage vulgaris\u00e9, ce radiologue sp\u00e9cialis\u00e9 en osth\u00e9o-articulaire d\u00e9taille avec p\u00e9dagogie le travail des praticiens.<\/p>\n<p class=\" wall-content\">Du diagnostic \u00e0 la pr\u00e9sentation de la blessure, le radiologue doit articuler l\u2019imp\u00e9rieux besoin d\u2019expertise au choix des mots, parfois douloureux \u00e0 entendre. \u00ab\u2009Quand vous annoncez \u00e0 un athl\u00e8te qu\u2019il est bless\u00e9 avant des championnats du monde, ce n\u2019est pas facile. Mais c\u2019est notre travail. On est oblig\u00e9s d\u2019agir avec <strong>pr\u00e9vention<\/strong>\u2009\u00bb, reconna\u00eet le docteur J\u00e9r\u00f4me Renoux.<\/p>\n<p class=\" wall-content\">En dix ans de chefferie, le radiologue, qui travaille \u00e9galement au <a href=\"https:\/\/actu.fr\/tag\/paris-saint-germain-psg\" target=\"_blank\" rel=\"noopener\">Paris Saint-Germain<\/a>, a chapeaut\u00e9 la mutation du service.<\/p>\n<blockquote class=\"ac-article-quote wall-content\">\n<p>\u00ab\u00a0Mes pr\u00e9d\u00e9cesseurs ont fait un travail remarquable, mais il fallait moderniser les outils pour \u00eatre plus efficace\u00a0\u00bb<\/p>\n<p>    <strong>J\u00e9r\u00f4me Renoux<\/strong><br \/>\n        Docteur et chef du service imagerie de l&rsquo;Insep    <\/p><\/blockquote>\n<p class=\" wall-content\">Pour r\u00e9pondre aux besoins des <strong>800 sportifs de haut niveau<\/strong> r\u00e9f\u00e9renc\u00e9s \u00e0 l\u2019Insep, le d\u00e9partement s\u2019est dot\u00e9 d\u2019une radiographie, d\u2019une \u00e9chographie, d\u2019un scanner et d\u2019un IRM dernier cri.<\/p>\n<p class=\" wall-content\">Les soignants ont aussi appris \u00e0 utiliser <a href=\"https:\/\/actu.fr\/tag\/intelligence-artificielle\" target=\"_blank\" rel=\"noopener\">l\u2019intelligence artificielle<\/a> (IA). Mais pas pour toutes les op\u00e9rations. \u00ab\u2009On va l\u2019utiliser lors des IRM pour am\u00e9liorer la pr\u00e9cision des images. Autrement, l\u2019IA n\u2019est pas au point sur les clich\u00e9s, sauf pour d\u00e9tecter les fractures\u2009\u00bb, note le docteur J\u00e9r\u00f4me Renoux.<\/p>\n<p>Votre r\u00e9gion, votre actu !<\/p>\n<p>Recevez chaque jour les infos qui comptent pour vous.<\/p>\n<p>\t<a href=\"https:\/\/actu.fr\/newsletter\" class=\"ac-btn ac-btn--corner ac-btn--medium ac-btn--blue800\" target=\"_blank\" rel=\"noopener\">S&rsquo;incrire<\/a><\/p>\n<p>    <img   decoding=\"async\" loading=\"lazy\" src=\"https:\/\/www.europesays.com\/fr\/wp-content\/uploads\/2025\/12\/paris-insep-pole-imagerie-sport-10-960x640.jpg\" alt=\"Un scanner \u00e0 l'Insep. Il accueille les sportifs de haut niveau, r\u00e9cemment bless\u00e9s. \" width=\"960\" height=\"640\"\/><br \/>\n    Un scanner \u00e0 l\u2019Insep. Il accueille les sportifs de haut niveau, r\u00e9cemment bless\u00e9s ou encore de r\u00e9\u00e9ducation. (\u00a9AG\/ actu Paris)\u00ab\u2009Leur posture est parfois probl\u00e9matique\u2009\u00bb<\/p>\n<p class=\" wall-content\">Le service a \u00e9galement fait l\u2019acquisition d\u2019un syst\u00e8me de radiographie <strong>EOS<\/strong>. Cet instrument on\u00e9reux et rare permet de rep\u00e9rer les failles du syst\u00e8me osseux du sportif. Il conf\u00e8re un moindre risque pour le sujet, au regard des faibles doses d\u2019irradiation. \u00ab\u2009Avec EOS, on peut par exemple identifier une scoliose\u2009\u00bb, note Thomas Barbosa, manipulateur radio \u00e0 l\u2019Insep depuis cinq ans, aupr\u00e8s d\u2019actu Paris.<\/p>\n<p class=\" wall-content\">Parmi les athl\u00e8tes particuli\u00e8rement sujets \u00e0 ce type de dissym\u00e9trie, les gymnastes.<\/p>\n<blockquote class=\"ac-article-quote wall-content\">\n<p>\u00ab\u00a0Ce sont g\u00e9n\u00e9ralement des jeunes entre 10 et 20 ans qui ont des corps en \u00e9volution. Leur posture est parfois probl\u00e9matique. Gr\u00e2ce \u00e0 cela, on va pouvoir remonter l&rsquo;information aux m\u00e9decins et aux pr\u00e9parateurs physiques pour qu&rsquo;ils puissent adapter leurs entra\u00eenements\u00a0\u00bb<\/p>\n<p>    <strong>Thomas Barbosa<\/strong><br \/>\n        Manipulateur radio    <\/p><\/blockquote>\n<p class=\" wall-content\">Si le service imagerie repr\u00e9sente la premi\u00e8re entr\u00e9e pour les sportifs, la technologie reste insuffisante \u00e0 nommer les maux. Le <strong>jugement<\/strong> des m\u00e9decins s\u2019av\u00e8re pr\u00e9pond\u00e9rant. \u00ab\u2009L\u2019imagerie, c\u2019est juste un outil. Rien ne se fait sans les m\u00e9decins. C\u2019est pour cela qu\u2019on se voit deux fois par semaine pour faire un point et discuter des traitements\u2009\u00bb, glisse le docteur J\u00e9r\u00f4me Renoux.<\/p>\n<p>    <img   decoding=\"async\" loading=\"lazy\" src=\"https:\/\/www.europesays.com\/fr\/wp-content\/uploads\/2025\/12\/paris-insep-pole-imagerie-sport-22-960x640.jpg\" alt=\"Le docteur J\u00e9r\u00f4me Renoux dirige le service imagerie de l'Insep depuis une dizaine d'ann\u00e9es. \" width=\"960\" height=\"640\"\/><br \/>\n    Le docteur J\u00e9r\u00f4me Renoux dirige le service imagerie de l\u2019Insep depuis une dizaine d\u2019ann\u00e9es. (\u00a9AG\/ actu Paris)Les athl\u00e8tes plus conscients des blessures qu\u2019auparavant<\/p>\n<p class=\" wall-content\">Au centre du jeu, le sportif d\u00e9gage sa propre subjectivit\u00e9. Le traitement ne peut s\u2019administrer sans son consentement. D\u2019autant plus, qu\u2019au fil des ann\u00e9es, les athl\u00e8tes ont d\u00e9velopp\u00e9 une <strong>pens\u00e9e critique<\/strong> autour de la blessure. \u00ab\u2009Les sportifs sont tr\u00e8s concern\u00e9s. Nombre d\u2019entre eux se sont appropri\u00e9 les principes de la m\u00e9decine\u2009\u00bb, remarque le docteur J\u00e9r\u00f4me Renoux.<\/p>\n<p class=\" wall-content\">Selon le m\u00e9decin, cette vigilance est corr\u00e9l\u00e9e \u00e0 leur vuln\u00e9rabilit\u00e9.<\/p>\n<blockquote class=\"ac-article-quote wall-content\">\n<p>\u00ab\u00a0Il n&rsquo;y a pas forc\u00e9ment plus de blessures qu&rsquo;avant. Mais la pr\u00e9vention et la d\u00e9tection des blessures sont bien meilleures, notamment gr\u00e2ce \u00e0 la science. Un sportif va \u00eatre plus sensible aux signaux indiquant un risque de l\u00e9sion\u00a0\u00bb<\/p>\n<p>    <strong>Docteur J\u00e9r\u00f4me Renoux<\/strong>\n            <\/p><\/blockquote>\n<p class=\" wall-content\">Le savoir se partage davantage. Un fait qui refl\u00e8te les \u00e9volutions de la soci\u00e9t\u00e9 et de la psychologie du sportif. \u00ab\u2009Certains sportifs n\u2019h\u00e9sitent pas \u00e0 se confier \u00e0 nous. Leurs doutes, leurs espoirs, leurs d\u00e9sespoirs\u2026 C\u2019est tout cela qui se joue\u2009\u00bb, affirme le docteur J\u00e9r\u00f4me Renoux.<\/p>\n<p class=\" wall-content\">Ainsi fonctionne le service imagerie. Lieu d\u2019angoisses et de soulagement, il concentre les \u00e9tats d\u2019\u00e2me des athl\u00e8tes. \u00ab\u2009On est <strong>comme une grande famille<\/strong>. On se plie en quatre pour eux\u2009\u00bb, synth\u00e9tise Souad Kadi, responsable administrative du service imagerie de l\u2019Insep.<\/p>\n<p class=\" wall-content\">Personnalisez votre actualit\u00e9 en ajoutant vos villes et m\u00e9dias en favori avec <a href=\"https:\/\/moncompte.actu.fr\" title=\"D\u00e9couvez Mon Actu\" rel=\"nofollow noopener\" data-trk=\"{&quot;cta&quot;:{&quot;action&quot;:&quot;https:\\\/\\\/moncompte.actu.fr&quot;,&quot;category&quot;:&quot;mon compte&quot;,&quot;from&quot;:&quot;article footer&quot;,&quot;name&quot;:&quot;Mon actu&quot;,&quot;type&quot;:&quot;cta&quot;}}\" target=\"_blank\">Mon Actu<\/a>.<\/p>\n","protected":false},"excerpt":{"rendered":"Par Antoine Grotteria Publi\u00e9 le 7 d\u00e9c. 2025 \u00e0 14h02 Derri\u00e8re la vitre, des soignants diss\u00e8quent la l\u00e9sion&hellip;\n","protected":false},"author":2,"featured_media":584407,"comment_status":"","ping_status":"","sticky":false,"template":"","format":"standard","meta":{"footnotes":""},"categories":[1888],"tags":[1111,1928,11,1927,1777,674,1011,27,2673,12,1926,626,1925,25,71,517,60],"class_list":{"0":"post-584406","1":"post","2":"type-post","3":"status-publish","4":"format-standard","5":"has-post-thumbnail","7":"category-paris","8":"tag-actu","9":"tag-actu-paris","10":"tag-actualites","11":"tag-actualites-paris","12":"tag-eu","13":"tag-europe","14":"tag-fr","15":"tag-france","16":"tag-medecins","17":"tag-news","18":"tag-news-paris","19":"tag-paris","20":"tag-paris-news","21":"tag-republique-francaise","22":"tag-sante","23":"tag-sport","24":"tag-sports"},"share_on_mastodon":{"url":"https:\/\/pubeurope.com\/@fr\/115678899510038724","error":""},"_links":{"self":[{"href":"https:\/\/www.europesays.com\/fr\/wp-json\/wp\/v2\/posts\/584406","targetHints":{"allow":["GET"]}}],"collection":[{"href":"https:\/\/www.europesays.com\/fr\/wp-json\/wp\/v2\/posts"}],"about":[{"href":"https:\/\/www.europesays.com\/fr\/wp-json\/wp\/v2\/types\/post"}],"author":[{"embeddable":true,"href":"https:\/\/www.europesays.com\/fr\/wp-json\/wp\/v2\/users\/2"}],"replies":[{"embeddable":true,"href":"https:\/\/www.europesays.com\/fr\/wp-json\/wp\/v2\/comments?post=584406"}],"version-history":[{"count":0,"href":"https:\/\/www.europesays.com\/fr\/wp-json\/wp\/v2\/posts\/584406\/revisions"}],"wp:featuredmedia":[{"embeddable":true,"href":"https:\/\/www.europesays.com\/fr\/wp-json\/wp\/v2\/media\/584407"}],"wp:attachment":[{"href":"https:\/\/www.europesays.com\/fr\/wp-json\/wp\/v2\/media?parent=584406"}],"wp:term":[{"taxonomy":"category","embeddable":true,"href":"https:\/\/www.europesays.com\/fr\/wp-json\/wp\/v2\/categories?post=584406"},{"taxonomy":"post_tag","embeddable":true,"href":"https:\/\/www.europesays.com\/fr\/wp-json\/wp\/v2\/tags?post=584406"}],"curies":[{"name":"wp","href":"https:\/\/api.w.org\/{rel}","templated":true}]}}