{"id":584414,"date":"2025-12-07T15:07:34","date_gmt":"2025-12-07T15:07:34","guid":{"rendered":"https:\/\/www.europesays.com\/fr\/584414\/"},"modified":"2025-12-07T15:07:34","modified_gmt":"2025-12-07T15:07:34","slug":"la-nouvelle-strategie-de-securite-americaine-approuvee-par-la-russie","status":"publish","type":"post","link":"https:\/\/www.europesays.com\/fr\/584414\/","title":{"rendered":"la nouvelle strat\u00e9gie de s\u00e9curit\u00e9 am\u00e9ricaine approuv\u00e9e par la Russie"},"content":{"rendered":"<p>La Russie a indiqu\u00e9, ce dimanche 7 d\u00e9cembre, que la nouvelle strat\u00e9gie de s\u00e9curit\u00e9 am\u00e9ricaine, est \u00ab\u00a0globalement conforme\u00a0\u00bb \u00e0 sa vision.<\/p>\n<p>La Russie a accueilli favorablement dimanche <a href=\"https:\/\/www.bfmtv.com\/international\/amerique-nord\/etats-unis\/les-etats-unis-mettent-en-garde-contre-un-risque-d-effacement-civilisationnel-de-l-europe_AD-202512050440.html\" title=\"Les \u00c9tats-Unis mettent en garde contre un risque &quot;d&#039;effacement civilisationnel&quot; de l&#039;Europe\" class=\"internal_link\" target=\"_blank\" rel=\"noopener\">la nouvelle strat\u00e9gie<\/a> de s\u00e9curit\u00e9 nationale des \u00c9tats-Unis, affirmant que ses ajustements, qui rel\u00e8vent d&rsquo;une vision r\u00e9solument nationaliste de la pr\u00e9sidence Trump, \u00e9taient \u00ab\u00a0globalement conformes\u00a0\u00bb \u00e0 la vision de Moscou.<\/p>\n<p>\u00ab\u00a0Les ajustements que nous observons, je dirais, sont globalement conformes \u00e0 notre vision\u00a0\u00bb, a d\u00e9clar\u00e9 le porte-parole du Kremlin Dmitri Peskov dans une interview accord\u00e9e \u00e0 la t\u00e9l\u00e9vision publique, au sujet du document publi\u00e9 vendredi.<\/p>\n<p>M. Peskov a esp\u00e9r\u00e9 que cette nouvelle strat\u00e9gie \u00ab\u00a0puisse constituer une modeste garantie \u00e0 notre capacit\u00e9 de continuer de mani\u00e8re constructive notre travail conjoint pour trouver un r\u00e8glement pacifique en Ukraine\u00a0\u00bb.<\/p>\n<p><img decoding=\"async\" src=\"https:\/\/www.europesays.com\/fr\/wp-content\/uploads\/2025\/11\/principale-548_1.jpg\"  alt=\"Trump : un document de 33 pages qui enterre l'Europe  \u2013 05\/12\" title=\"Trump : un document de 33 pages qui enterre l'Europe  \u2013 05\/12\"\/>Trump : un document de 33 pages qui enterre l&rsquo;Europe \u2013 05\/12&Prime;Un r\u00e9ajustement de notre pr\u00e9sence militaire mondiale\u00a0\u00bb<\/p>\n<p>Le texte diffus\u00e9 par le gouvernement am\u00e9ricain red\u00e9finit sa \u00ab\u00a0strat\u00e9gie de s\u00e9curit\u00e9 nationale\u00a0\u00bb en accord avec la position de Donald Trump en faveur de \u00ab\u00a0l&rsquo;Am\u00e9rique d&rsquo;abord\u00a0\u00bb. Il s&rsquo;en prend vivement aux Europ\u00e9ens, soutenant que le Vieux continent est confront\u00e9 \u00e0 un \u00ab\u00a0effacement civilisationnel\u00a0\u00bb d\u00fb \u00e0 l&rsquo;immigration.<\/p>\n<p>Le document promet \u00e9galement qu&rsquo;il n&rsquo;y aura pas d&rsquo;\u00e9largissement de l&rsquo;Otan, an\u00e9antissant une fois de plus les espoirs de l&rsquo;Ukraine qui subit l&rsquo;invasion russe.<\/p>\n<p>Il y aura \u00ab\u00a0un r\u00e9ajustement de notre pr\u00e9sence militaire mondiale pour r\u00e9pondre aux menaces urgentes sur notre continent et un \u00e9loignement des th\u00e9\u00e2tres dont l&rsquo;importance relative pour la s\u00e9curit\u00e9 nationale am\u00e9ricaine a diminu\u00e9 ces derni\u00e8res ann\u00e9es ou d\u00e9cennies\u00a0\u00bb, y lit-on.<\/p>\n<blockquote class=\"embed embed_quote\"><p>\u00ab\u00a0L&rsquo;\u00e9poque o\u00f9 les Etats-Unis soutenaient l&rsquo;ordre mondial tout entier, tel Atlas, est r\u00e9volue\u00a0\u00bb, souligne-t-il.<\/p><\/blockquote>\n<p>L&rsquo;annonce de la nouvelle strat\u00e9gie de s\u00e9curit\u00e9 nationale am\u00e9ricaine est intervenue \u00e0 un moment o\u00f9 des responsables ukrainiens \u00e9taient en pourparlers en Floride avec des \u00e9missaires de Donald Trump sur le plan \u00e9labor\u00e9 par Washington pour mettre fin \u00e0 pr\u00e8s de quatre ans de guerre en Ukraine. Trois jours de discussions n&rsquo;ont produit aucun progr\u00e8s apparent.<\/p>\n<p>Partager <\/p>\n","protected":false},"excerpt":{"rendered":"La Russie a indiqu\u00e9, ce dimanche 7 d\u00e9cembre, que la nouvelle strat\u00e9gie de s\u00e9curit\u00e9 am\u00e9ricaine, est \u00ab\u00a0globalement conforme\u00a0\u00bb&hellip;\n","protected":false},"author":2,"featured_media":584415,"comment_status":"","ping_status":"","sticky":false,"template":"","format":"standard","meta":{"footnotes":""},"categories":[1591],"tags":[11,1887,12,1885,1886,132],"class_list":{"0":"post-584414","1":"post","2":"type-post","3":"status-publish","4":"format-standard","5":"has-post-thumbnail","7":"category-russie","8":"tag-actualites","9":"tag-federation-de-russie","10":"tag-news","11":"tag-russia","12":"tag-russian-federation","13":"tag-russie"},"share_on_mastodon":{"url":"https:\/\/pubeurope.com\/@fr\/115678914601891312","error":""},"_links":{"self":[{"href":"https:\/\/www.europesays.com\/fr\/wp-json\/wp\/v2\/posts\/584414","targetHints":{"allow":["GET"]}}],"collection":[{"href":"https:\/\/www.europesays.com\/fr\/wp-json\/wp\/v2\/posts"}],"about":[{"href":"https:\/\/www.europesays.com\/fr\/wp-json\/wp\/v2\/types\/post"}],"author":[{"embeddable":true,"href":"https:\/\/www.europesays.com\/fr\/wp-json\/wp\/v2\/users\/2"}],"replies":[{"embeddable":true,"href":"https:\/\/www.europesays.com\/fr\/wp-json\/wp\/v2\/comments?post=584414"}],"version-history":[{"count":0,"href":"https:\/\/www.europesays.com\/fr\/wp-json\/wp\/v2\/posts\/584414\/revisions"}],"wp:featuredmedia":[{"embeddable":true,"href":"https:\/\/www.europesays.com\/fr\/wp-json\/wp\/v2\/media\/584415"}],"wp:attachment":[{"href":"https:\/\/www.europesays.com\/fr\/wp-json\/wp\/v2\/media?parent=584414"}],"wp:term":[{"taxonomy":"category","embeddable":true,"href":"https:\/\/www.europesays.com\/fr\/wp-json\/wp\/v2\/categories?post=584414"},{"taxonomy":"post_tag","embeddable":true,"href":"https:\/\/www.europesays.com\/fr\/wp-json\/wp\/v2\/tags?post=584414"}],"curies":[{"name":"wp","href":"https:\/\/api.w.org\/{rel}","templated":true}]}}