{"id":584416,"date":"2025-12-07T15:08:13","date_gmt":"2025-12-07T15:08:13","guid":{"rendered":"https:\/\/www.europesays.com\/fr\/584416\/"},"modified":"2025-12-07T15:08:13","modified_gmt":"2025-12-07T15:08:13","slug":"guerre-en-ukraine-des-cookies-pour-rechauffer-nos-soldats-en-lituanie-la-saint-nicolas-se-tourne-vers-le-front","status":"publish","type":"post","link":"https:\/\/www.europesays.com\/fr\/584416\/","title":{"rendered":"Guerre en Ukraine : \u00ab Des cookies pour r\u00e9chauffer nos soldats \u00bb\u2026 En Lituanie, la Saint-Nicolas se tourne vers le front"},"content":{"rendered":"<p class=\"mb-4 text-lg md:leading-8 break-words\"><strong>Solidarit\u00e9 sucr\u00e9e &#8211; Au Centre ukrainien de Vilnius, en Lituanie, des enfants r\u00e9fugi\u00e9s d\u00e9corent des centaines de cookies pour les envoyer aux soldats au front, alors que la Saint-Nicolas est devenue un symbole patriotique en Ukraine<\/strong><\/p>\n<p class=\"mb-4 text-lg md:leading-8 break-words\"><strong>De notre envoy\u00e9e sp\u00e9ciale \u00e0 Vilnius (Lituanie),<\/strong><\/p>\n<p class=\"mb-4 text-lg md:leading-8 break-words\">De l\u2019excitation des enfants f\u00e9briles, poches \u00e0 douille en main, ne reste qu\u2019une myriade de cookies bariol\u00e9s qui s\u2019\u00e9tendent (presque) \u00e0 l\u2019infini. Ce samedi, <a href=\"https:\/\/www.ukrainoscentras.lt\/lt\/?at_medium=RSS%20feed&amp;at_campaign=ynews&amp;utm_source=yahoo&amp;utm_medium=rss&amp;utm_campaign=news_feed&amp;utm_content=in_article_link\" rel=\"nofollow noopener\" target=\"_blank\" data-ylk=\"slk:au Centre ukrainien de Vilnius;elm:context_link;itc:0;sec:content-canvas\" class=\"link \">au Centre ukrainien de Vilnius<\/a>, en <a href=\"https:\/\/www.20minutes.fr\/dossier\/lituanie?at_medium=RSS%20feed&amp;at_campaign=ynews&amp;utm_source=yahoo&amp;utm_medium=rss&amp;utm_campaign=news_feed&amp;utm_content=in_article_link\" rel=\"nofollow noopener\" target=\"_blank\" data-ylk=\"slk:Lituanie;elm:context_link;itc:0;sec:content-canvas\" class=\"link \">Lituanie<\/a>, des dizaines de petits doigts potel\u00e9s se sont attel\u00e9s \u00e0 la d\u00e9coration de cookies en pain d\u2019\u00e9pice, \u00e0 l\u2019occasion de la Saint-Nicolas. Heureux hasard du calendrier 2025, il tombe le m\u00eame jour que la Journ\u00e9e des Forces arm\u00e9es de <a href=\"https:\/\/www.20minutes.fr\/monde\/ukraine\/?at_medium=RSS%20feed&amp;at_campaign=ynews&amp;utm_source=yahoo&amp;utm_medium=rss&amp;utm_campaign=news_feed&amp;utm_content=in_article_link\" rel=\"nofollow noopener\" target=\"_blank\" data-ylk=\"slk:l\u2019Ukraine;elm:context_link;itc:0;sec:content-canvas\" class=\"link \">l\u2019Ukraine<\/a>.<\/p>\n<p class=\"mb-4 text-lg md:leading-8 break-words\">Les biscuits seront achemin\u00e9s par l\u2019association Blue\/Yellow jusqu\u2019\u00e0 la ligne de front dans la r\u00e9gion de Zaporijjia. L\u00e0, <a href=\"https:\/\/www.20minutes.fr\/monde\/ukraine\/4186843-20251127-mettre-avant-poesie-heroique-militaire-convaincu-poetes-ukrainiens-ecrire-horreur?at_medium=RSS%20feed&amp;at_campaign=ynews&amp;utm_source=yahoo&amp;utm_medium=rss&amp;utm_campaign=news_feed&amp;utm_content=in_article_link\" rel=\"nofollow noopener\" target=\"_blank\" data-ylk=\"slk:les hommes et les femmes qui combattent l\u2019invasion russe;elm:context_link;itc:0;sec:content-canvas\" class=\"link \">les hommes et les femmes qui combattent l\u2019invasion russe<\/a> pourront les d\u00e9guster. Nataliia Vasyalieva, responsable de l\u2019engagement au Centre, est \u00e0 l\u2019initiative de cette journ\u00e9e th\u00e9matique. \u00ab\u00a0C\u2019est devenu une tradition au fil des ans\u00a0\u00bb au sein de la diaspora ukrainienne de Vilnius, explique-t-elle en attrapant un cookie recouvert d\u2019arabesques roses pour le mettre en carton.<\/p>\n<p class=\"mb-4 text-lg md:leading-8 break-words\">De l\u2019autre c\u00f4t\u00e9 de la table jonch\u00e9e de biscuits, Maria, jeune r\u00e9fugi\u00e9e ukrainienne de 16 ans s\u2019exclame\u00a0: \u00ab\u00a0J\u2019esp\u00e8re que ces cookies r\u00e9chaufferont le c\u0153ur de nos soldats et leur apporteront un peu de bonheur alors que l\u2019hiver arrive.\u00a0\u00bb Sa famille a quitt\u00e9 la r\u00e9gion de Kiev il y a deux ans, apr\u00e8s qu\u2019un missile a frapp\u00e9 l\u2019h\u00f4pital o\u00f9 elle est n\u00e9e, \u00e0 quelques enc\u00e2blures de chez elle. \u00ab\u00a0\u00c7a me fait du bien d\u2019aider les soldats du front, ce sont eux qui prot\u00e8gent notre pays\u00a0\u00bb, ajoute avec un sourire triste cette adolescen(&#8230;)<\/p>\n<p class=\"mb-4 text-lg md:leading-8 break-words\"><a href=\"https:\/\/www.20minutes.fr\/monde\/ukraine\/4189763-20251207-guerre-ukraine-cookies-rechauffer-soldats-lituanie-saint-nicolas-tourne-vers-front?at_medium=RSS%20feed&amp;at_campaign=ynews&amp;utm_source=yahoo&amp;utm_medium=rss&amp;utm_campaign=news_feed&amp;utm_content=read_more_link&quot;\" rel=\"nofollow noopener\" target=\"_blank\" data-ylk=\"slk:Lire la suite sur 20minutes;elm:context_link;itc:0;sec:content-canvas\" class=\"link \">Lire la suite sur 20minutes<\/a><\/p>\n<p>\u00c0 lire aussi :<br \/><a href=\"https:\/\/www.20minutes.fr\/monde\/ukraine\/4190058-20251206-guerre-ukraine-frappes-massives-drones-missiles-russes-visent-sites-energetiques?at_medium=RSS%20feed&amp;at_campaign=ynews&amp;utm_source=yahoo&amp;utm_medium=rss&amp;utm_campaign=news_feed&amp;utm_content=related_content_link\" rel=\"nofollow noopener\" target=\"_blank\" data-ylk=\"slk:Guerre en Ukraine\u00a0: Des frappes massives de drones et de missiles russes visent des sites \u00e9nerg\u00e9tiques;elm:context_link;itc:0;sec:content-canvas\" class=\"link \">Guerre en Ukraine\u00a0: Des frappes massives de drones et de missiles russes visent des sites \u00e9nerg\u00e9tiques<\/a><br \/><a href=\"https:\/\/www.20minutes.fr\/monde\/ukraine\/4190074-20251206-guerre-ukraine-macron-va-rencontrer-zelensky-lundi-etat-centrale-tchernobyl-inquietant?at_medium=RSS%20feed&amp;at_campaign=ynews&amp;utm_source=yahoo&amp;utm_medium=rss&amp;utm_campaign=news_feed&amp;utm_content=related_content_link\" rel=\"nofollow noopener\" target=\"_blank\" data-ylk=\"slk:Guerre en Ukraine\u00a0: Macron va rencontrer Zelensky lundi, l\u2019\u00e9tat de la centrale de Tchernobyl inqui\u00e9tant;elm:context_link;itc:0;sec:content-canvas\" class=\"link \">Guerre en Ukraine\u00a0: Macron va rencontrer Zelensky lundi, l\u2019\u00e9tat de la centrale de Tchernobyl inqui\u00e9tant<\/a><\/p>\n","protected":false},"excerpt":{"rendered":"Solidarit\u00e9 sucr\u00e9e &#8211; Au Centre ukrainien de Vilnius, en Lituanie, des enfants r\u00e9fugi\u00e9s d\u00e9corent des centaines de cookies&hellip;\n","protected":false},"author":2,"featured_media":584417,"comment_status":"","ping_status":"","sticky":false,"template":"","format":"standard","meta":{"footnotes":""},"categories":[1590],"tags":[11,69773,69771,1777,674,2050,12,14334,220,69772],"class_list":{"0":"post-584416","1":"post","2":"type-post","3":"status-publish","4":"format-standard","5":"has-post-thumbnail","7":"category-ukraine","8":"tag-actualites","9":"tag-au-centre","10":"tag-enfants-refugies","11":"tag-eu","12":"tag-europe","13":"tag-lituanie","14":"tag-news","15":"tag-saint-nicolas","16":"tag-ukraine","17":"tag-vilnius"},"share_on_mastodon":{"url":"https:\/\/pubeurope.com\/@fr\/115678917678098389","error":""},"_links":{"self":[{"href":"https:\/\/www.europesays.com\/fr\/wp-json\/wp\/v2\/posts\/584416","targetHints":{"allow":["GET"]}}],"collection":[{"href":"https:\/\/www.europesays.com\/fr\/wp-json\/wp\/v2\/posts"}],"about":[{"href":"https:\/\/www.europesays.com\/fr\/wp-json\/wp\/v2\/types\/post"}],"author":[{"embeddable":true,"href":"https:\/\/www.europesays.com\/fr\/wp-json\/wp\/v2\/users\/2"}],"replies":[{"embeddable":true,"href":"https:\/\/www.europesays.com\/fr\/wp-json\/wp\/v2\/comments?post=584416"}],"version-history":[{"count":0,"href":"https:\/\/www.europesays.com\/fr\/wp-json\/wp\/v2\/posts\/584416\/revisions"}],"wp:featuredmedia":[{"embeddable":true,"href":"https:\/\/www.europesays.com\/fr\/wp-json\/wp\/v2\/media\/584417"}],"wp:attachment":[{"href":"https:\/\/www.europesays.com\/fr\/wp-json\/wp\/v2\/media?parent=584416"}],"wp:term":[{"taxonomy":"category","embeddable":true,"href":"https:\/\/www.europesays.com\/fr\/wp-json\/wp\/v2\/categories?post=584416"},{"taxonomy":"post_tag","embeddable":true,"href":"https:\/\/www.europesays.com\/fr\/wp-json\/wp\/v2\/tags?post=584416"}],"curies":[{"name":"wp","href":"https:\/\/api.w.org\/{rel}","templated":true}]}}