{"id":584418,"date":"2025-12-07T15:09:14","date_gmt":"2025-12-07T15:09:14","guid":{"rendered":"https:\/\/www.europesays.com\/fr\/584418\/"},"modified":"2025-12-07T15:09:14","modified_gmt":"2025-12-07T15:09:14","slug":"cooperation-le-conseiller-culturel-de-lambassade-des-usa-a-port-gentil-lunion-ga","status":"publish","type":"post","link":"https:\/\/www.europesays.com\/fr\/584418\/","title":{"rendered":"Coop\u00e9ration : le conseiller culturel de l&rsquo;ambassade des USA \u00e0 Port-Gentil | Lunion.ga"},"content":{"rendered":"<p>Vivian Ekey, conseiller culturel \u00e0 l&rsquo;ambassade des USA au Gabon, qu&rsquo;accompagnait Joseph Mayombo, assistant aux Affaires culturelles dans cette ambassade, a s\u00e9journ\u00e9 pendant deux jours dans la capitale \u00e9conomique.<\/p>\n<p>Apr\u00e8s les civilit\u00e9s \u00e0 la gouverneure de l&rsquo;Ogoou\u00e9-Maritime, Fran\u00e7oise Assengone Obame, elle est all\u00e9e \u00e0 la rencontre des partenariats locaux des programmes mis en oeuvre au Gabon par la chancellerie am\u00e9ricaine. \u00c0 Port-Gentil, ce sont essentiellement des structures \u00e9ducatives o\u00f9 il a pr\u00e9sent\u00e9 les diff\u00e9rentes opportunit\u00e9s que peuvent saisir les \u00e9l\u00e8ves et les enseignants pour des programmes d&rsquo;\u00e9tude ou de renforcement des capacit\u00e9s et d&rsquo;\u00e9changes d&rsquo;exp\u00e9riences aux \u00c9tats-Unis.<\/p>\n<p>Les deux responsables ont \u00e9galement mis \u00e0 profit leur s\u00e9jour portgentillais pour rencontrer des associations et des ONG \u00e0 l&rsquo;American Corner, espace am\u00e9ricain d&rsquo;action culturelle, sis \u00e0 la Maison de la Jeunesse. Aux organisations de la soci\u00e9t\u00e9 civile, il a \u00e9t\u00e9 expliqu\u00e9 les proc\u00e9dures \u00e0 suivre pour r\u00e9pondre aux appels \u00e0 projets lanc\u00e9s r\u00e9guli\u00e8rement par l&rsquo;ambassade. Il a \u00e9t\u00e9 \u00e9galement annonc\u00e9 que l&rsquo;American Corner, objet d&rsquo;un partenariat avec la mairie de Port-Gentil depuis 2009, est gratuitement mis \u00e0 leur disposition pour y organiser des activit\u00e9s non payantes. Une proposition bien accueillie par des organisations souvent oblig\u00e9es de louer des espaces pour organiser des activit\u00e9s.<\/p>\n","protected":false},"excerpt":{"rendered":"Vivian Ekey, conseiller culturel \u00e0 l&rsquo;ambassade des USA au Gabon, qu&rsquo;accompagnait Joseph Mayombo, assistant aux Affaires culturelles dans&hellip;\n","protected":false},"author":2,"featured_media":584419,"comment_status":"","ping_status":"","sticky":false,"template":"","format":"standard","meta":{"footnotes":""},"categories":[1589],"tags":[11,73,1866,12,1864,1865,1863,308],"class_list":{"0":"post-584418","1":"post","2":"type-post","3":"status-publish","4":"format-standard","5":"has-post-thumbnail","7":"category-etats-unis","8":"tag-actualites","9":"tag-etats-unis","10":"tag-etats-unis-damerique","11":"tag-news","12":"tag-united-states","13":"tag-united-states-of-america","14":"tag-us","15":"tag-usa"},"share_on_mastodon":{"url":"https:\/\/pubeurope.com\/@fr\/115678921844073051","error":""},"_links":{"self":[{"href":"https:\/\/www.europesays.com\/fr\/wp-json\/wp\/v2\/posts\/584418","targetHints":{"allow":["GET"]}}],"collection":[{"href":"https:\/\/www.europesays.com\/fr\/wp-json\/wp\/v2\/posts"}],"about":[{"href":"https:\/\/www.europesays.com\/fr\/wp-json\/wp\/v2\/types\/post"}],"author":[{"embeddable":true,"href":"https:\/\/www.europesays.com\/fr\/wp-json\/wp\/v2\/users\/2"}],"replies":[{"embeddable":true,"href":"https:\/\/www.europesays.com\/fr\/wp-json\/wp\/v2\/comments?post=584418"}],"version-history":[{"count":0,"href":"https:\/\/www.europesays.com\/fr\/wp-json\/wp\/v2\/posts\/584418\/revisions"}],"wp:featuredmedia":[{"embeddable":true,"href":"https:\/\/www.europesays.com\/fr\/wp-json\/wp\/v2\/media\/584419"}],"wp:attachment":[{"href":"https:\/\/www.europesays.com\/fr\/wp-json\/wp\/v2\/media?parent=584418"}],"wp:term":[{"taxonomy":"category","embeddable":true,"href":"https:\/\/www.europesays.com\/fr\/wp-json\/wp\/v2\/categories?post=584418"},{"taxonomy":"post_tag","embeddable":true,"href":"https:\/\/www.europesays.com\/fr\/wp-json\/wp\/v2\/tags?post=584418"}],"curies":[{"name":"wp","href":"https:\/\/api.w.org\/{rel}","templated":true}]}}