{"id":584420,"date":"2025-12-07T15:10:12","date_gmt":"2025-12-07T15:10:12","guid":{"rendered":"https:\/\/www.europesays.com\/fr\/584420\/"},"modified":"2025-12-07T15:10:12","modified_gmt":"2025-12-07T15:10:12","slug":"une-bagarre-dans-un-parking-dheathrow-fait-plusieurs-blesses-lacces-a-laeroport-perturbe","status":"publish","type":"post","link":"https:\/\/www.europesays.com\/fr\/584420\/","title":{"rendered":"Une bagarre dans un parking d\u2019Heathrow fait plusieurs bless\u00e9s, l\u2019acc\u00e8s \u00e0 l\u2019a\u00e9roport perturb\u00e9"},"content":{"rendered":"<p>C\u2019\u00e9tait un dimanche matin anim\u00e9 \u00e0 Heathrow. Une bagarre a \u00e9clat\u00e9 dans un parking du terminal 3 de l\u2019<a href=\"https:\/\/www.20minutes.fr\/dossier\/aeroport\" class=\"c-link c-link--is-underlined\" target=\"_blank\" rel=\"noopener\">a\u00e9roport<\/a> londonien (<a href=\"https:\/\/www.20minutes.fr\/monde\/royaume-uni\/\" class=\"c-link c-link--is-underlined\" target=\"_blank\" rel=\"noopener\">Royaume-Uni<\/a>), le plus fr\u00e9quent\u00e9 d\u2019Europe, faisant une vingtaine de bless\u00e9s et entra\u00eenant de nombreuses perturbations. \u00ab\u00a0Des agents de la brigade arm\u00e9e sont intervenus et ont arr\u00eat\u00e9 un homme soup\u00e7onn\u00e9 d\u2019agression. Il est en garde \u00e0 vue et l\u2019<a href=\"https:\/\/www.20minutes.fr\/dossier\/enquete\" class=\"c-link c-link--is-underlined\" target=\"_blank\" rel=\"noopener\">enqu\u00eate<\/a> se poursuit pour retrouver d\u2019autres suspects\u00a0\u00bb, a expliqu\u00e9 la police, disant ne pas consid\u00e9rer ce qui s\u2019est pass\u00e9 comme \u00e9tant de nature terroriste.<\/p>\n<p>Une vingtaine de personnes prises en charge<\/p>\n<p>La police londonienne a \u00e9t\u00e9 alert\u00e9e vers 8 heures locales (9 heures en France), pour un incident impliquant \u00ab\u00a0un groupe de personnes qui se connaissaient, avec une dispute qui a d\u00e9g\u00e9n\u00e9r\u00e9 et caus\u00e9 des blessures \u00e0 plusieurs personnes\u00a0\u00bb, selon le commandant Peter Stevens, cit\u00e9 dans un communiqu\u00e9. Au total, 21 personnes ont \u00e9t\u00e9 prises en charge sur place par le service des ambulances de <a href=\"https:\/\/www.20minutes.fr\/dossier\/londres\" class=\"c-link c-link--is-underlined\" target=\"_blank\" rel=\"noopener\">Londres<\/a>, et cinq ont \u00e9t\u00e9 emmen\u00e9es \u00e0 l\u2019h\u00f4pital, a-t-il indiqu\u00e9 sur X. Leurs blessures ne mettent pas leur vie en danger, a indiqu\u00e9 la police.<\/p>\n<\/p>\n<p>\u00ab\u00a0Un certain nombre de personnes ont \u00e9t\u00e9 asperg\u00e9es avec ce qui semble \u00eatre une sorte de spray au poivre par un groupe d\u2019hommes qui ont ensuite quitt\u00e9 les lieux\u00a0\u00bb, selon la police londonienne. Le terminal 3 est rest\u00e9 ouvert tout au long de l\u2019incident, mais l\u2019acc\u00e8s \u00e0 l\u2019a\u00e9roport via notamment les transports en commun reste perturb\u00e9, a constat\u00e9 une journaliste de l\u2019AFP. Les autorit\u00e9s de l\u2019a\u00e9roport ont appel\u00e9 les passagers se rendant \u00e0 Heathrow \u00e0 pr\u00e9voir une marge de temps suppl\u00e9mentaire.<\/p>\n","protected":false},"excerpt":{"rendered":"C\u2019\u00e9tait un dimanche matin anim\u00e9 \u00e0 Heathrow. Une bagarre a \u00e9clat\u00e9 dans un parking du terminal 3 de&hellip;\n","protected":false},"author":2,"featured_media":584421,"comment_status":"","ping_status":"","sticky":false,"template":"","format":"standard","meta":{"footnotes":""},"categories":[1588],"tags":[47,11,663,10737,1777,674,4534,74,12,473,1853,1851,1850,1852],"class_list":{"0":"post-584420","1":"post","2":"type-post","3":"status-publish","4":"format-standard","5":"has-post-thumbnail","7":"category-royaume-uni","8":"tag-actualite","9":"tag-actualites","10":"tag-aeroport","11":"tag-bagarre","12":"tag-eu","13":"tag-europe","14":"tag-londres","15":"tag-monde","16":"tag-news","17":"tag-royaume-uni","18":"tag-royaume-uni-de-grande-bretagne-et-dirlande-du-nord","19":"tag-uk","20":"tag-united-kingdom","21":"tag-united-kingdom-of-great-britain-and-northern-ireland"},"share_on_mastodon":{"url":"https:\/\/pubeurope.com\/@fr\/115678925633151664","error":""},"_links":{"self":[{"href":"https:\/\/www.europesays.com\/fr\/wp-json\/wp\/v2\/posts\/584420","targetHints":{"allow":["GET"]}}],"collection":[{"href":"https:\/\/www.europesays.com\/fr\/wp-json\/wp\/v2\/posts"}],"about":[{"href":"https:\/\/www.europesays.com\/fr\/wp-json\/wp\/v2\/types\/post"}],"author":[{"embeddable":true,"href":"https:\/\/www.europesays.com\/fr\/wp-json\/wp\/v2\/users\/2"}],"replies":[{"embeddable":true,"href":"https:\/\/www.europesays.com\/fr\/wp-json\/wp\/v2\/comments?post=584420"}],"version-history":[{"count":0,"href":"https:\/\/www.europesays.com\/fr\/wp-json\/wp\/v2\/posts\/584420\/revisions"}],"wp:featuredmedia":[{"embeddable":true,"href":"https:\/\/www.europesays.com\/fr\/wp-json\/wp\/v2\/media\/584421"}],"wp:attachment":[{"href":"https:\/\/www.europesays.com\/fr\/wp-json\/wp\/v2\/media?parent=584420"}],"wp:term":[{"taxonomy":"category","embeddable":true,"href":"https:\/\/www.europesays.com\/fr\/wp-json\/wp\/v2\/categories?post=584420"},{"taxonomy":"post_tag","embeddable":true,"href":"https:\/\/www.europesays.com\/fr\/wp-json\/wp\/v2\/tags?post=584420"}],"curies":[{"name":"wp","href":"https:\/\/api.w.org\/{rel}","templated":true}]}}