{"id":584424,"date":"2025-12-07T15:12:15","date_gmt":"2025-12-07T15:12:15","guid":{"rendered":"https:\/\/www.europesays.com\/fr\/584424\/"},"modified":"2025-12-07T15:12:15","modified_gmt":"2025-12-07T15:12:15","slug":"elon-musk-propage-une-fake-news-sur-la-guadeloupe-en-pleine-croisade-contre-leurope","status":"publish","type":"post","link":"https:\/\/www.europesays.com\/fr\/584424\/","title":{"rendered":"Elon Musk propage une fake news sur la Guadeloupe, en pleine croisade contre l\u2019Europe"},"content":{"rendered":"<p>        <img decoding=\"async\" loading=\"lazy\" src=\"https:\/\/www.europesays.com\/fr\/wp-content\/uploads\/2025\/12\/5d2bf1e_1735294624653-gettyimages-2183889833.jpg\"  width=\"728\" height=\"410\" alt=\"En croisade contre l\u2019Europe, Musk propage une fake news sur la Guadeloupe. Photo d\u2019illustration.\"\/>  <\/p>\n<p>Bloomberg \/ Bloomberg via Getty Images<\/p>\n<p>En croisade contre l\u2019Europe, Musk propage une fake news sur la Guadeloupe. Photo d\u2019illustration.<\/p>\n<p>      <strong>EN BREF<\/strong> <strong>\u2022 <\/strong>Elon Musk a relay\u00e9 une fake news sur un pr\u00e9tendu attentat meurtrier en Guadeloupe.<br \/><strong>\u2022 <\/strong>Il s\u2019agit en r\u00e9alit\u00e9 un accident de voiture, qui a fait 19\u00a0bless\u00e9s, caus\u00e9 par un conducteur test\u00e9 positif \u00e0 l\u2019alcool et au cannabis.<br \/><strong>\u2022 <\/strong>Le message de Musk intervient alors que l\u2019Union europ\u00e9enne a inflig\u00e9 une amende \u00e0 X, son r\u00e9seau social, pour non-conformit\u00e9 aux r\u00e8gles num\u00e9riques.                         <\/p>\n<p class=\"asset asset-text\">Un message qui joue sur la peur. Le milliardaire <a href=\"https:\/\/www.huffingtonpost.fr\/international\/article\/musk-redouble-d-attaques-contre-l-ue-et-les-commissaires-de-la-stasi-apres-son-amende_257933.html\" target=\"_blank\" rel=\"noopener\">Elon Musk <\/a>a relay\u00e9 sur Twitter une fausse information, instrumentalis\u00e9e par l\u2019extr\u00eame droite, laissant croire qu\u2019un attentat avait eu lieu sur le march\u00e9 de No\u00ebl de Sainte-Anne, <a href=\"https:\/\/www.huffingtonpost.fr\/france\/article\/en-guadeloupe-la-tempete-jerry-a-fait-au-moins-un-mort_255857.html\" target=\"_blank\" rel=\"noopener\">en Guadeloupe<\/a>. Son tweet, publi\u00e9 ce vendredi 5\u00a0d\u00e9cembre et toujours non d\u00e9menti, a d\u00e9j\u00e0 \u00e9t\u00e9 vu par pr\u00e8s de 33\u00a0millions de personnes.<\/p>\n<p class=\"asset asset-text\">Le patron de Tesla et SpaceX a en effet partag\u00e9 un message de son ami Tommy Robinson concernant un accident de la route survenu le m\u00eame jour \u00e0 Sainte-Anne. L\u2019influenceur britannique d\u2019extr\u00eame droite a diffus\u00e9 des vid\u00e9os du fait divers et d\u00e9nonc\u00e9 pr\u00e9tendument le \u00ab\u00a0silence des m\u00e9dias traditionnels\u00a0\u00bb, laissant entendre qu\u2019il s\u2019agissait d\u2019une attaque \u00e0 la voiture-b\u00e9lier. En r\u00e9alit\u00e9, il ne s\u2019agissait que d\u2019un accident, sans aucun lien avec un acte terroriste.<\/p>\n<p class=\"asset asset-text\">Mais la v\u00e9rit\u00e9 a du mal \u00e0 se frayer un chemin sur X. Sous le poste de <a href=\"https:\/\/www.huffingtonpost.fr\/international\/article\/tommy-robinson-le-leader-de-l-extreme-droite-britannique-qui-a-reuni-150-000-personnes-a-londres_254805.html\" target=\"_blank\" rel=\"noopener\">Tommy Robinson, fondateur de l\u2019English Defense League<\/a>, un mouvement d\u2019extr\u00eame droite islamophobe, plusieurs internautes extrapolent encore, allant jusqu\u2019\u00e0 attribuer l\u2019incident \u00e0 un conducteur musulman. D\u2019autres s\u2019offusquent que ce pr\u00e9tendu attentat ne soit toujours pas couvert par la presse, qui prot\u00e9gerait l\u2019auteur par \u00ab\u00a0wokisme\u00a0\u00bb.<\/p>\n<p> La lecture de ce contenu est susceptible d\u2019entra\u00eener un d\u00e9p\u00f4t de cookies de la part de l\u2019op\u00e9rateur tiers qui l\u2019h\u00e9berge. Compte-tenu des choix que vous avez exprim\u00e9s en mati\u00e8re de d\u00e9p\u00f4t de cookies, nous avons bloqu\u00e9 l\u2019affichage de ce contenu. Si vous souhaitez y acc\u00e9der, vous devez accepter la cat\u00e9gorie de cookies \u201cContenus tiers\u201d en cliquant sur le bouton ci-dessous. <\/p>\n<p> Lire la Vid\u00e9o        <\/p>\n<p class=\"asset asset-text\">Ces affirmations sont pourtant fausses. Comme souvent avec les fake news, la rumeur s\u2019appuie sur un \u00e9l\u00e9ment r\u00e9el\u00a0: il y a bien eu un accident vendredi 5\u00a0d\u00e9cembre, vers 19\u00a0h\u00a045, \u00e0 Sainte-Anne. Mais il ne s\u2019agit nullement d\u2019une attaque motiv\u00e9e par des motifs religieux. Le conducteur \u00e9tait en revanche sous l\u2019emprise de l\u2019alcool et du cannabis. Le HuffPost avait par ailleurs <a href=\"https:\/\/www.huffingtonpost.fr\/france\/article\/en-guadeloupe-un-accident-de-la-route-impliquant-des-enfants-et-un-conducteur-alcoolise-provoque-l-emoi_257937.html\" target=\"_blank\" rel=\"noopener\">publi\u00e9 un article \u00e0 ce sujet.<\/a><\/p>\n<p>    Ce qu\u2019il s\u2019est vraiment pass\u00e9    <\/p>\n<p class=\"asset asset-text\">Alors qu\u2019environ 300 personnes \u00e9taient r\u00e9unies devant une \u00e9glise pour assister au lancement des illuminations de No\u00ebl, l\u2019automobiliste a percut\u00e9 un autre v\u00e9hicule avant de manquer un virage et de finir sa course dans la foule, devant un camion-restaurant, rapporte<a href=\"https:\/\/la1ere.franceinfo.fr\/guadeloupe\/basse-terre\/sainte-anne\/un-automobiliste-fauche-une-vingtaine-de-personnes-a-sainte-anne-les-fake-news-envahissent-les-reseaux-1650395.html\" target=\"_blank\" rel=\"noopener\" title=\"Nouvelle fen\u00eatre\"> Guadeloupe La 1\u00e8re.<\/a><\/p>\n<p class=\"asset asset-text\">Le sous-pr\u00e9fet de Pointe-\u00e0-Pitre a pr\u00e9cis\u00e9 que 19 pi\u00e9tons, dont sept enfants, ont \u00e9t\u00e9 bless\u00e9s et pris en charge par les secours. Aucun pronostic vital n\u2019\u00e9tait engag\u00e9 samedi matin. Par ailleurs, le conducteur, \u00e2g\u00e9 de 45\u00a0ans, a \u00e9t\u00e9 test\u00e9 <a href=\"https:\/\/www.huffingtonpost.fr\/life\/article\/tabac-drogue-alcool-ces-chiffres-revelent-une-denormalisation-chez-les-ados_254687.html\" target=\"_blank\" rel=\"noopener\">positif \u00e0 l\u2019alcool et au cannabis,<\/a> puis plac\u00e9 en garde \u00e0 vue.<\/p>\n<p class=\"asset asset-text\">Le groupe percut\u00e9 par le v\u00e9hicule se trouvait en train d\u2019acheter \u00e0 manger \u00e0 un food truck, situ\u00e9 \u00e0 une vingtaine de m\u00e8tres de la place o\u00f9 les illuminations avaient \u00e9t\u00e9 lanc\u00e9es un peu plus t\u00f4t. Une source proche du dossier a indiqu\u00e9 \u00e0 l\u2019AFP que le suspect a d\u00fb \u00eatre exfiltr\u00e9 apr\u00e8s l\u2019accident, car il avait \u00ab\u00a0presque \u00e9t\u00e9 lynch\u00e9 par des gens sur place\u00a0\u00bb.<\/p>\n<p>    Une fake news instrumentalis\u00e9e    <\/p>\n<p class=\"asset asset-text\">Avec leurs tweets, Tommy Robinson et Elon Musk ont tent\u00e9 de rapprocher ce fait divers d\u2019attaques qui ont eu lieu par le pass\u00e9. La France a en effet connu des attaques meurtri\u00e8res \u00e0 la voiture-b\u00e9lier sur ses march\u00e9s de No\u00ebl, notamment \u00e0 Dijon et Nantes, en 2014.<\/p>\n<p class=\"asset asset-text\">\u00c0 Dijon, le 21\u00a0d\u00e9cembre\u00a02014, un automobiliste a fonc\u00e9 volontairement sur des passants, blessant 13 personnes. Bien que des t\u00e9moins aient rapport\u00e9 qu\u2019il criait \u00ab\u00a0Allahu Akbar\u00a0\u00bb, les autorit\u00e9s ont conclu que l\u2019auteur souffrait de graves troubles psychiatriques et l\u2019acte n\u2019a pas \u00e9t\u00e9 officiellement qualifi\u00e9 de terroriste.<\/p>\n<p class=\"asset asset-text\">Le lendemain, \u00e0 Nantes, un autre individu<a href=\"https:\/\/www.huffingtonpost.fr\/actualites\/article\/marche-de-noel-de-nantes-ce-que-l-on-sait-du-conducteur-qui-a-fonce-dans-la-foule-en-camionnette_48466.html\" target=\"_blank\" rel=\"noopener\"> a percut\u00e9 des passants<\/a> avec sa camionnette sur la place Royale, faisant plusieurs bless\u00e9s et un mort. L\u00e0 encore, l\u2019attaque n\u2019a pas \u00e9t\u00e9 reconnue comme un attentat terroriste, l\u2019auteur \u00e9tant consid\u00e9r\u00e9 comme d\u00e9s\u00e9quilibr\u00e9.<\/p>\n<p class=\"asset asset-text\">En 2018, <a href=\"https:\/\/www.huffingtonpost.fr\/justice\/article\/attentat-du-marche-de-noel-de-strasbourg-le-principal-accuse-condamne-a-30-ans-de-prison_232173.html\" target=\"_blank\" rel=\"noopener\">le march\u00e9 de No\u00ebl de Strasbourg<\/a> a \u00e9galement \u00e9t\u00e9 vis\u00e9, cette fois par une attaque terroriste arm\u00e9e. Le 11\u00a0d\u00e9cembre, Ch\u00e9rif Chekatt a ouvert le feu pr\u00e8s du march\u00e9, tuant cinq personnes et en blessant onze autres. Il \u00e9tait fich\u00e9 S pour radicalisation islamiste et a \u00e9t\u00e9 abattu par la police 48\u00a0heures plus tard.<\/p>\n<p class=\"asset asset-text\">Hasard du calendrier\u00a0: ce vendredi, alors qu\u2019Elon Musk relayait une information erron\u00e9e, l\u2019UE a inflig\u00e9 une amende de 120\u00a0millions d\u2019euros \u00e0 son r\u00e9seau social X. Il s\u2019agit de la premi\u00e8re sanction impos\u00e9e \u00e0 une plateforme dans le cadre du r\u00e8glement sur les services num\u00e9riques (DSA), entr\u00e9 en vigueur il y a deux ans pour lutter contre les contenus ill\u00e9gaux et dangereux en ligne. En r\u00e9action, Elon Musk a estim\u00e9 samedi que l\u2019Union europ\u00e9enne \u00ab\u00a0devrait \u00eatre abolie\u00a0\u00bb.<\/p>\n","protected":false},"excerpt":{"rendered":"Bloomberg \/ Bloomberg via Getty Images En croisade contre l\u2019Europe, Musk propage une fake news sur la Guadeloupe.&hellip;\n","protected":false},"author":2,"featured_media":583229,"comment_status":"","ping_status":"","sticky":false,"template":"","format":"standard","meta":{"footnotes":""},"categories":[1586],"tags":[10155,11,46,1777,674,842,1011,27,6142,36053,12,25,938,24551],"class_list":{"0":"post-584424","1":"post","2":"type-post","3":"status-publish","4":"format-standard","5":"has-post-thumbnail","7":"category-europe","8":"tag-accident-de-voiture","9":"tag-actualites","10":"tag-elon-musk","11":"tag-eu","12":"tag-europe","13":"tag-fake-news","14":"tag-fr","15":"tag-france","16":"tag-guadeloupe","17":"tag-marche-de-noel","18":"tag-news","19":"tag-republique-francaise","20":"tag-reseaux-sociaux","21":"tag-tech-futurs"},"share_on_mastodon":{"url":"https:\/\/pubeurope.com\/@fr\/115678934105519223","error":""},"_links":{"self":[{"href":"https:\/\/www.europesays.com\/fr\/wp-json\/wp\/v2\/posts\/584424","targetHints":{"allow":["GET"]}}],"collection":[{"href":"https:\/\/www.europesays.com\/fr\/wp-json\/wp\/v2\/posts"}],"about":[{"href":"https:\/\/www.europesays.com\/fr\/wp-json\/wp\/v2\/types\/post"}],"author":[{"embeddable":true,"href":"https:\/\/www.europesays.com\/fr\/wp-json\/wp\/v2\/users\/2"}],"replies":[{"embeddable":true,"href":"https:\/\/www.europesays.com\/fr\/wp-json\/wp\/v2\/comments?post=584424"}],"version-history":[{"count":0,"href":"https:\/\/www.europesays.com\/fr\/wp-json\/wp\/v2\/posts\/584424\/revisions"}],"wp:featuredmedia":[{"embeddable":true,"href":"https:\/\/www.europesays.com\/fr\/wp-json\/wp\/v2\/media\/583229"}],"wp:attachment":[{"href":"https:\/\/www.europesays.com\/fr\/wp-json\/wp\/v2\/media?parent=584424"}],"wp:term":[{"taxonomy":"category","embeddable":true,"href":"https:\/\/www.europesays.com\/fr\/wp-json\/wp\/v2\/categories?post=584424"},{"taxonomy":"post_tag","embeddable":true,"href":"https:\/\/www.europesays.com\/fr\/wp-json\/wp\/v2\/tags?post=584424"}],"curies":[{"name":"wp","href":"https:\/\/api.w.org\/{rel}","templated":true}]}}